{"id":8202,"date":"2015-10-15T22:45:35","date_gmt":"2015-10-15T21:45:35","guid":{"rendered":"https:\/\/letourdumondeen.fr\/?p=8202"},"modified":"2015-10-15T22:45:35","modified_gmt":"2015-10-15T21:45:35","slug":"ambiance-douche-tropicale-a-iguazu","status":"publish","type":"post","link":"https:\/\/letourdumondeen.fr\/?p=8202","title":{"rendered":"Ambiance (douche) tropicale \u00e0 Iguazu"},"content":{"rendered":"<p dir=\"ltr\">Nous voici arriv\u00e9s \u00e0 <strong>Puerto Iguazu<\/strong>, une petite ville situ\u00e9e au nord de l&rsquo;Argentine, coinc\u00e9e entre le Br\u00e9sil et le Paraguay. Terre rouge, v\u00e9g\u00e9tation luxuriante, temps lourd et chaud, nous sommes de retour dans une r\u00e9gion au climat tropical. Quel contraste avec ce que nous avons vu avant en Argentine !<\/p>\n<p dir=\"ltr\">Nous sommes ici pour visiter une des merveilles naturelles du monde : les chutes d&rsquo;Iguazu. Compos\u00e9 de plus de 200 cascades, le site est spectaculaire.<\/p><p><!--more--><\/p>\n<p dir=\"ltr\">Pour mieux en profiter, nous visitons la partie br\u00e9silienne et la partie argentine. La premi\u00e8re offre des points de vue plut\u00f4t \u00e9loign\u00e9s des chutes, alors que la seconde permet de s&rsquo;approcher de tr\u00e8s pr\u00e8s des cascades, jusqu&rsquo;\u00e0 m\u00eame surplomber la plus grande : la Garganta del Diablo qui fait 90 m\u00e8tres de hauteur, et de se voir l\u00e9g\u00e8rement arroser par la m\u00eame occasion.<\/p><p>\n<div class=\"ngg-galleryoverview\" id=\"ngg-gallery-17407f2799a8f639c596eb265e69b352-8202\">\n\n\t\t\n\t<!-- Thumbnails -->\n\t\t\t\t\n\t<div id=\"ngg-image-3054\" class=\"ngg-gallery-thumbnail-box\" \n\t\t\t\t\t\t\t\t\t\t>\n\t\t<div class=\"ngg-gallery-thumbnail\" >\n\t\t\t<a href=\"\n\t\t\thttps:\/\/letourdumondeen.fr\/wp-content\/gallery\/Iguazu\/DSC_2945.JPG\t\t\t\"\n\t\t\t\ttitle=\"Vue depuis le c\u00f4t\u00e9 br\u00e9silien\"\n\t\t\t\tclass=\"ngg-fancybox\" rel=\"17407f2799a8f639c596eb265e69b352\" data-image-id=\"3054\" data-src=\"https:\/\/letourdumondeen.fr\/wp-content\/gallery\/Iguazu\/DSC_2945.JPG\" data-thumbnail=\"https:\/\/letourdumondeen.fr\/wp-content\/gallery\/Iguazu\/thumbs\/thumbs_DSC_2945.JPG\" data-title=\"Vue depuis le c\u00f4t\u00e9 br\u00e9silien\" data-description=\"Vue depuis le c\u00f4t\u00e9 br\u00e9silien\"\t\t\t\t>\n\t\t\t\t\t\t\t\t<img title=\"Vue depuis le c\u00f4t\u00e9 br\u00e9silien\" alt=\"Vue depuis le c\u00f4t\u00e9 br\u00e9silien\" src=\"\n\t\t\t\t\t\t\t\t\t\thttps:\/\/letourdumondeen.fr\/wp-content\/gallery\/Iguazu\/thumbs\/thumbs_DSC_2945.JPG\t\t\t\t\" \n\t\t\t\t\twidth='120' height='90'\t\t\t\t\/>\n\t\t\t\t\t\t\t<\/a>\n\t\t<\/div>\n\t<\/div>\n\n\t\t\t\t\t\t\t\t\t\n\t\n\t<div id=\"ngg-image-3055\" class=\"ngg-gallery-thumbnail-box\" \n\t\t\t\t\t\t\t\t\t\t>\n\t\t<div class=\"ngg-gallery-thumbnail\" >\n\t\t\t<a href=\"\n\t\t\thttps:\/\/letourdumondeen.fr\/wp-content\/gallery\/Iguazu\/DSC_2956.JPG\t\t\t\"\n\t\t\t\ttitle=\"Un coati - Il y en a beaucoup dans le parc, ils chassent les sandwichs des touristes.\"\n\t\t\t\tclass=\"ngg-fancybox\" rel=\"17407f2799a8f639c596eb265e69b352\" data-image-id=\"3055\" data-src=\"https:\/\/letourdumondeen.fr\/wp-content\/gallery\/Iguazu\/DSC_2956.JPG\" data-thumbnail=\"https:\/\/letourdumondeen.fr\/wp-content\/gallery\/Iguazu\/thumbs\/thumbs_DSC_2956.JPG\" data-title=\"Un coati - Il y en a beaucoup dans le parc, ils chassent les sandwichs des touristes.\" data-description=\"Un coati - Il y en a beaucoup dans le parc, ils chassent les sandwichs des touristes.\"\t\t\t\t>\n\t\t\t\t\t\t\t\t<img title=\"Un coati - Il y en a beaucoup dans le parc, ils chassent les sandwichs des touristes.\" alt=\"Un coati - Il y en a beaucoup dans le parc, ils chassent les sandwichs des touristes.\" src=\"\n\t\t\t\t\t\t\t\t\t\thttps:\/\/letourdumondeen.fr\/wp-content\/gallery\/Iguazu\/thumbs\/thumbs_DSC_2956.JPG\t\t\t\t\" \n\t\t\t\t\twidth='120' height='90'\t\t\t\t\/>\n\t\t\t\t\t\t\t<\/a>\n\t\t<\/div>\n\t<\/div>\n\n\t\t\t\t\t\t\t\t\t\n\t\n\t<div id=\"ngg-image-3058\" class=\"ngg-gallery-thumbnail-box\" \n\t\t\t\t\t\t\t\t\t\t>\n\t\t<div class=\"ngg-gallery-thumbnail\" >\n\t\t\t<a href=\"\n\t\t\thttps:\/\/letourdumondeen.fr\/wp-content\/gallery\/Iguazu\/DSC_3062.JPG\t\t\t\"\n\t\t\t\ttitle=\"Vue depuis le c\u00f4t\u00e9 br\u00e9silien - Salto Tres Mosquetos\"\n\t\t\t\tclass=\"ngg-fancybox\" rel=\"17407f2799a8f639c596eb265e69b352\" data-image-id=\"3058\" data-src=\"https:\/\/letourdumondeen.fr\/wp-content\/gallery\/Iguazu\/DSC_3062.JPG\" data-thumbnail=\"https:\/\/letourdumondeen.fr\/wp-content\/gallery\/Iguazu\/thumbs\/thumbs_DSC_3062.JPG\" data-title=\"Vue depuis le c\u00f4t\u00e9 br\u00e9silien - Salto Tres Mosquetos\" data-description=\"Vue depuis le c\u00f4t\u00e9 br\u00e9silien - Salto Tres Mosquetos\"\t\t\t\t>\n\t\t\t\t\t\t\t\t<img title=\"Vue depuis le c\u00f4t\u00e9 br\u00e9silien - Salto Tres Mosquetos\" alt=\"Vue depuis le c\u00f4t\u00e9 br\u00e9silien - Salto Tres Mosquetos\" src=\"\n\t\t\t\t\t\t\t\t\t\thttps:\/\/letourdumondeen.fr\/wp-content\/gallery\/Iguazu\/thumbs\/thumbs_DSC_3062.JPG\t\t\t\t\" \n\t\t\t\t\twidth='120' height='90'\t\t\t\t\/>\n\t\t\t\t\t\t\t<\/a>\n\t\t<\/div>\n\t<\/div>\n\n\t\t\t\t\t\t\t\t\t\n\t\n\t<div id=\"ngg-image-3059\" class=\"ngg-gallery-thumbnail-box\" \n\t\t\t\t\t\t\t\t\t\t>\n\t\t<div class=\"ngg-gallery-thumbnail\" >\n\t\t\t<a href=\"\n\t\t\thttps:\/\/letourdumondeen.fr\/wp-content\/gallery\/Iguazu\/DSC_3063.JPG\t\t\t\"\n\t\t\t\ttitle=\"Vue depuis le c\u00f4t\u00e9 br\u00e9silien - Garganta des Diablo y Rio Iguazu Inferior\"\n\t\t\t\tclass=\"ngg-fancybox\" rel=\"17407f2799a8f639c596eb265e69b352\" data-image-id=\"3059\" data-src=\"https:\/\/letourdumondeen.fr\/wp-content\/gallery\/Iguazu\/DSC_3063.JPG\" data-thumbnail=\"https:\/\/letourdumondeen.fr\/wp-content\/gallery\/Iguazu\/thumbs\/thumbs_DSC_3063.JPG\" data-title=\"Vue depuis le c\u00f4t\u00e9 br\u00e9silien - Garganta des Diablo y Rio Iguazu Inferior\" data-description=\"Vue depuis le c\u00f4t\u00e9 br\u00e9silien - Garganta des Diablo y Rio Iguazu Inferior\"\t\t\t\t>\n\t\t\t\t\t\t\t\t<img title=\"Vue depuis le c\u00f4t\u00e9 br\u00e9silien - Garganta des Diablo y Rio Iguazu Inferior\" alt=\"Vue depuis le c\u00f4t\u00e9 br\u00e9silien - Garganta des Diablo y Rio Iguazu Inferior\" src=\"\n\t\t\t\t\t\t\t\t\t\thttps:\/\/letourdumondeen.fr\/wp-content\/gallery\/Iguazu\/thumbs\/thumbs_DSC_3063.JPG\t\t\t\t\" \n\t\t\t\t\twidth='120' height='90'\t\t\t\t\/>\n\t\t\t\t\t\t\t<\/a>\n\t\t<\/div>\n\t<\/div>\n\n\t\t\t\t\t\t\t\t\t\n\t\n\t<div id=\"ngg-image-3060\" class=\"ngg-gallery-thumbnail-box\" \n\t\t\t\t\t\t\t\t\t\t>\n\t\t<div class=\"ngg-gallery-thumbnail\" >\n\t\t\t<a href=\"\n\t\t\thttps:\/\/letourdumondeen.fr\/wp-content\/gallery\/Iguazu\/DSC_3091.JPG\t\t\t\"\n\t\t\t\ttitle=\"Vue depuis le c\u00f4t\u00e9 br\u00e9silien - Passerelle\"\n\t\t\t\tclass=\"ngg-fancybox\" rel=\"17407f2799a8f639c596eb265e69b352\" data-image-id=\"3060\" data-src=\"https:\/\/letourdumondeen.fr\/wp-content\/gallery\/Iguazu\/DSC_3091.JPG\" data-thumbnail=\"https:\/\/letourdumondeen.fr\/wp-content\/gallery\/Iguazu\/thumbs\/thumbs_DSC_3091.JPG\" data-title=\"Vue depuis le c\u00f4t\u00e9 br\u00e9silien - Passerelle\" data-description=\"Vue depuis le c\u00f4t\u00e9 br\u00e9silien - Passerelle\"\t\t\t\t>\n\t\t\t\t\t\t\t\t<img title=\"Vue depuis le c\u00f4t\u00e9 br\u00e9silien - Passerelle\" alt=\"Vue depuis le c\u00f4t\u00e9 br\u00e9silien - Passerelle\" src=\"\n\t\t\t\t\t\t\t\t\t\thttps:\/\/letourdumondeen.fr\/wp-content\/gallery\/Iguazu\/thumbs\/thumbs_DSC_3091.JPG\t\t\t\t\" \n\t\t\t\t\twidth='120' height='90'\t\t\t\t\/>\n\t\t\t\t\t\t\t<\/a>\n\t\t<\/div>\n\t<\/div>\n\n\t\t\t\t\t\t\t\t\t\n\t\n\t<div id=\"ngg-image-3061\" class=\"ngg-gallery-thumbnail-box\" \n\t\t\t\t\t\t\t\t\t\t>\n\t\t<div class=\"ngg-gallery-thumbnail\" >\n\t\t\t<a href=\"\n\t\t\thttps:\/\/letourdumondeen.fr\/wp-content\/gallery\/Iguazu\/DSC_3125.JPG\t\t\t\"\n\t\t\t\ttitle=\"Vue depuis le c\u00f4t\u00e9 br\u00e9silien\"\n\t\t\t\tclass=\"ngg-fancybox\" rel=\"17407f2799a8f639c596eb265e69b352\" data-image-id=\"3061\" data-src=\"https:\/\/letourdumondeen.fr\/wp-content\/gallery\/Iguazu\/DSC_3125.JPG\" data-thumbnail=\"https:\/\/letourdumondeen.fr\/wp-content\/gallery\/Iguazu\/thumbs\/thumbs_DSC_3125.JPG\" data-title=\"Vue depuis le c\u00f4t\u00e9 br\u00e9silien\" data-description=\"Vue depuis le c\u00f4t\u00e9 br\u00e9silien\"\t\t\t\t>\n\t\t\t\t\t\t\t\t<img title=\"Vue depuis le c\u00f4t\u00e9 br\u00e9silien\" alt=\"Vue depuis le c\u00f4t\u00e9 br\u00e9silien\" src=\"\n\t\t\t\t\t\t\t\t\t\thttps:\/\/letourdumondeen.fr\/wp-content\/gallery\/Iguazu\/thumbs\/thumbs_DSC_3125.JPG\t\t\t\t\" \n\t\t\t\t\twidth='120' height='90'\t\t\t\t\/>\n\t\t\t\t\t\t\t<\/a>\n\t\t<\/div>\n\t<\/div>\n\n\t\t\t\t\t\t\t\t\t\n\t\n\t<div id=\"ngg-image-3062\" class=\"ngg-gallery-thumbnail-box\" \n\t\t\t\t\t\t\t\t\t\t>\n\t\t<div class=\"ngg-gallery-thumbnail\" >\n\t\t\t<a href=\"\n\t\t\thttps:\/\/letourdumondeen.fr\/wp-content\/gallery\/Iguazu\/DSC_3155.JPG\t\t\t\"\n\t\t\t\ttitle=\"Vue depuis le c\u00f4t\u00e9 br\u00e9silien - Rio Iguazu Inferior\"\n\t\t\t\tclass=\"ngg-fancybox\" rel=\"17407f2799a8f639c596eb265e69b352\" data-image-id=\"3062\" data-src=\"https:\/\/letourdumondeen.fr\/wp-content\/gallery\/Iguazu\/DSC_3155.JPG\" data-thumbnail=\"https:\/\/letourdumondeen.fr\/wp-content\/gallery\/Iguazu\/thumbs\/thumbs_DSC_3155.JPG\" data-title=\"Vue depuis le c\u00f4t\u00e9 br\u00e9silien - Rio Iguazu Inferior\" data-description=\"Vue depuis le c\u00f4t\u00e9 br\u00e9silien - Rio Iguazu Inferior\"\t\t\t\t>\n\t\t\t\t\t\t\t\t<img title=\"Vue depuis le c\u00f4t\u00e9 br\u00e9silien - Rio Iguazu Inferior\" alt=\"Vue depuis le c\u00f4t\u00e9 br\u00e9silien - Rio Iguazu Inferior\" src=\"\n\t\t\t\t\t\t\t\t\t\thttps:\/\/letourdumondeen.fr\/wp-content\/gallery\/Iguazu\/thumbs\/thumbs_DSC_3155.JPG\t\t\t\t\" \n\t\t\t\t\twidth='120' height='90'\t\t\t\t\/>\n\t\t\t\t\t\t\t<\/a>\n\t\t<\/div>\n\t<\/div>\n\n\t\t\t\t\t\t\t\t\t\n\t\n\t<div id=\"ngg-image-3063\" class=\"ngg-gallery-thumbnail-box\" \n\t\t\t\t\t\t\t\t\t\t>\n\t\t<div class=\"ngg-gallery-thumbnail\" >\n\t\t\t<a href=\"\n\t\t\thttps:\/\/letourdumondeen.fr\/wp-content\/gallery\/Iguazu\/DSC_3179.JPG\t\t\t\"\n\t\t\t\ttitle=\"Vue depuis le c\u00f4t\u00e9 br\u00e9silien\"\n\t\t\t\tclass=\"ngg-fancybox\" rel=\"17407f2799a8f639c596eb265e69b352\" data-image-id=\"3063\" data-src=\"https:\/\/letourdumondeen.fr\/wp-content\/gallery\/Iguazu\/DSC_3179.JPG\" data-thumbnail=\"https:\/\/letourdumondeen.fr\/wp-content\/gallery\/Iguazu\/thumbs\/thumbs_DSC_3179.JPG\" data-title=\"Vue depuis le c\u00f4t\u00e9 br\u00e9silien\" data-description=\"Vue depuis le c\u00f4t\u00e9 br\u00e9silien\"\t\t\t\t>\n\t\t\t\t\t\t\t\t<img title=\"Vue depuis le c\u00f4t\u00e9 br\u00e9silien\" alt=\"Vue depuis le c\u00f4t\u00e9 br\u00e9silien\" src=\"\n\t\t\t\t\t\t\t\t\t\thttps:\/\/letourdumondeen.fr\/wp-content\/gallery\/Iguazu\/thumbs\/thumbs_DSC_3179.JPG\t\t\t\t\" \n\t\t\t\t\twidth='120' height='90'\t\t\t\t\/>\n\t\t\t\t\t\t\t<\/a>\n\t\t<\/div>\n\t<\/div>\n\n\t\t\t\t\t\t\t\t\t\n\t\n\t<div id=\"ngg-image-3064\" class=\"ngg-gallery-thumbnail-box\" \n\t\t\t\t\t\t\t\t\t\t>\n\t\t<div class=\"ngg-gallery-thumbnail\" >\n\t\t\t<a href=\"\n\t\t\thttps:\/\/letourdumondeen.fr\/wp-content\/gallery\/Iguazu\/DSC_3183.JPG\t\t\t\"\n\t\t\t\ttitle=\"Vue depuis le c\u00f4t\u00e9 br\u00e9silien\"\n\t\t\t\tclass=\"ngg-fancybox\" rel=\"17407f2799a8f639c596eb265e69b352\" data-image-id=\"3064\" data-src=\"https:\/\/letourdumondeen.fr\/wp-content\/gallery\/Iguazu\/DSC_3183.JPG\" data-thumbnail=\"https:\/\/letourdumondeen.fr\/wp-content\/gallery\/Iguazu\/thumbs\/thumbs_DSC_3183.JPG\" data-title=\"Vue depuis le c\u00f4t\u00e9 br\u00e9silien\" data-description=\"Vue depuis le c\u00f4t\u00e9 br\u00e9silien\"\t\t\t\t>\n\t\t\t\t\t\t\t\t<img title=\"Vue depuis le c\u00f4t\u00e9 br\u00e9silien\" alt=\"Vue depuis le c\u00f4t\u00e9 br\u00e9silien\" src=\"\n\t\t\t\t\t\t\t\t\t\thttps:\/\/letourdumondeen.fr\/wp-content\/gallery\/Iguazu\/thumbs\/thumbs_DSC_3183.JPG\t\t\t\t\" \n\t\t\t\t\twidth='120' height='90'\t\t\t\t\/>\n\t\t\t\t\t\t\t<\/a>\n\t\t<\/div>\n\t<\/div>\n\n\t\t\t\t\t\t\t\t\t\n\t\n\t<div id=\"ngg-image-3056\" class=\"ngg-gallery-thumbnail-box\" \n\t\t\t\t\t\t\t\t\t\t>\n\t\t<div class=\"ngg-gallery-thumbnail\" >\n\t\t\t<a href=\"\n\t\t\thttps:\/\/letourdumondeen.fr\/wp-content\/gallery\/Iguazu\/DSC_2965.JPG\t\t\t\"\n\t\t\t\ttitle=\"Un geai acah\u00e9\"\n\t\t\t\tclass=\"ngg-fancybox\" rel=\"17407f2799a8f639c596eb265e69b352\" data-image-id=\"3056\" data-src=\"https:\/\/letourdumondeen.fr\/wp-content\/gallery\/Iguazu\/DSC_2965.JPG\" data-thumbnail=\"https:\/\/letourdumondeen.fr\/wp-content\/gallery\/Iguazu\/thumbs\/thumbs_DSC_2965.JPG\" data-title=\"Un geai acah\u00e9\" data-description=\"Un geai acah\u00e9\"\t\t\t\t>\n\t\t\t\t\t\t\t\t<img title=\"Un geai acah\u00e9\" alt=\"Un geai acah\u00e9\" src=\"\n\t\t\t\t\t\t\t\t\t\thttps:\/\/letourdumondeen.fr\/wp-content\/gallery\/Iguazu\/thumbs\/thumbs_DSC_2965.JPG\t\t\t\t\" \n\t\t\t\t\twidth='120' height='90'\t\t\t\t\/>\n\t\t\t\t\t\t\t<\/a>\n\t\t<\/div>\n\t<\/div>\n\n\t\t\t\t\t\t\t\t\t\n\t\n\t<div id=\"ngg-image-3065\" class=\"ngg-gallery-thumbnail-box\" \n\t\t\t\t\t\t\t\t\t\t>\n\t\t<div class=\"ngg-gallery-thumbnail\" >\n\t\t\t<a href=\"\n\t\t\thttps:\/\/letourdumondeen.fr\/wp-content\/gallery\/Iguazu\/DSC_3210.JPG\t\t\t\"\n\t\t\t\ttitle=\"Un toucan \u00e0 ventre rouge\"\n\t\t\t\tclass=\"ngg-fancybox\" rel=\"17407f2799a8f639c596eb265e69b352\" data-image-id=\"3065\" data-src=\"https:\/\/letourdumondeen.fr\/wp-content\/gallery\/Iguazu\/DSC_3210.JPG\" data-thumbnail=\"https:\/\/letourdumondeen.fr\/wp-content\/gallery\/Iguazu\/thumbs\/thumbs_DSC_3210.JPG\" data-title=\"Un toucan \u00e0 ventre rouge\" data-description=\"Un toucan \u00e0 ventre rouge\"\t\t\t\t>\n\t\t\t\t\t\t\t\t<img title=\"Un toucan \u00e0 ventre rouge\" alt=\"Un toucan \u00e0 ventre rouge\" src=\"\n\t\t\t\t\t\t\t\t\t\thttps:\/\/letourdumondeen.fr\/wp-content\/gallery\/Iguazu\/thumbs\/thumbs_DSC_3210.JPG\t\t\t\t\" \n\t\t\t\t\twidth='120' height='90'\t\t\t\t\/>\n\t\t\t\t\t\t\t<\/a>\n\t\t<\/div>\n\t<\/div>\n\n\t\t\t\t\t\t\t\t\t\n\t\n\t<div id=\"ngg-image-3051\" class=\"ngg-gallery-thumbnail-box\" \n\t\t\t\t\t\t\t\t\t\t>\n\t\t<div class=\"ngg-gallery-thumbnail\" >\n\t\t\t<a href=\"\n\t\t\thttps:\/\/letourdumondeen.fr\/wp-content\/gallery\/Iguazu\/DSCN2679.JPG\t\t\t\"\n\t\t\t\ttitle=\"Vue depuis le c\u00f4t\u00e9 argentin - Sur le circuito inferior, Salta Alvar Nunez\"\n\t\t\t\tclass=\"ngg-fancybox\" rel=\"17407f2799a8f639c596eb265e69b352\" data-image-id=\"3051\" data-src=\"https:\/\/letourdumondeen.fr\/wp-content\/gallery\/Iguazu\/DSCN2679.JPG\" data-thumbnail=\"https:\/\/letourdumondeen.fr\/wp-content\/gallery\/Iguazu\/thumbs\/thumbs_DSCN2679.JPG\" data-title=\"Vue depuis le c\u00f4t\u00e9 argentin - Sur le circuito inferior, Salta Alvar Nunez\" data-description=\"Vue depuis le c\u00f4t\u00e9 argentin - Sur le circuito inferior, Salta Alvar Nunez\"\t\t\t\t>\n\t\t\t\t\t\t\t\t<img title=\"Vue depuis le c\u00f4t\u00e9 argentin - Sur le circuito inferior, Salta Alvar Nunez\" alt=\"Vue depuis le c\u00f4t\u00e9 argentin - Sur le circuito inferior, Salta Alvar Nunez\" src=\"\n\t\t\t\t\t\t\t\t\t\thttps:\/\/letourdumondeen.fr\/wp-content\/gallery\/Iguazu\/thumbs\/thumbs_DSCN2679.JPG\t\t\t\t\" \n\t\t\t\t\twidth='120' height='90'\t\t\t\t\/>\n\t\t\t\t\t\t\t<\/a>\n\t\t<\/div>\n\t<\/div>\n\n\t\t\t\t\t\t\t\t\t\n\t\n\t<div id=\"ngg-image-3066\" class=\"ngg-gallery-thumbnail-box\" \n\t\t\t\t\t\t\t\t\t\t>\n\t\t<div class=\"ngg-gallery-thumbnail\" >\n\t\t\t<a href=\"\n\t\t\thttps:\/\/letourdumondeen.fr\/wp-content\/gallery\/Iguazu\/DSC_3236.JPG\t\t\t\"\n\t\t\t\ttitle=\"Vue depuis le c\u00f4t\u00e9 argentin\"\n\t\t\t\tclass=\"ngg-fancybox\" rel=\"17407f2799a8f639c596eb265e69b352\" data-image-id=\"3066\" data-src=\"https:\/\/letourdumondeen.fr\/wp-content\/gallery\/Iguazu\/DSC_3236.JPG\" data-thumbnail=\"https:\/\/letourdumondeen.fr\/wp-content\/gallery\/Iguazu\/thumbs\/thumbs_DSC_3236.JPG\" data-title=\"Vue depuis le c\u00f4t\u00e9 argentin\" data-description=\"Vue depuis le c\u00f4t\u00e9 argentin\"\t\t\t\t>\n\t\t\t\t\t\t\t\t<img title=\"Vue depuis le c\u00f4t\u00e9 argentin\" alt=\"Vue depuis le c\u00f4t\u00e9 argentin\" src=\"\n\t\t\t\t\t\t\t\t\t\thttps:\/\/letourdumondeen.fr\/wp-content\/gallery\/Iguazu\/thumbs\/thumbs_DSC_3236.JPG\t\t\t\t\" \n\t\t\t\t\twidth='120' height='90'\t\t\t\t\/>\n\t\t\t\t\t\t\t<\/a>\n\t\t<\/div>\n\t<\/div>\n\n\t\t\t\t\t\t\t\t\t\n\t\n\t<div id=\"ngg-image-3076\" class=\"ngg-gallery-thumbnail-box\" \n\t\t\t\t\t\t\t\t\t\t>\n\t\t<div class=\"ngg-gallery-thumbnail\" >\n\t\t\t<a href=\"\n\t\t\thttps:\/\/letourdumondeen.fr\/wp-content\/gallery\/Iguazu\/RSCN2817.JPG\t\t\t\"\n\t\t\t\ttitle=\"Vue depuis le c\u00f4t\u00e9 argentin\"\n\t\t\t\tclass=\"ngg-fancybox\" rel=\"17407f2799a8f639c596eb265e69b352\" data-image-id=\"3076\" data-src=\"https:\/\/letourdumondeen.fr\/wp-content\/gallery\/Iguazu\/RSCN2817.JPG\" data-thumbnail=\"https:\/\/letourdumondeen.fr\/wp-content\/gallery\/Iguazu\/thumbs\/thumbs_RSCN2817.JPG\" data-title=\"Vue depuis le c\u00f4t\u00e9 argentin\" data-description=\"Vue depuis le c\u00f4t\u00e9 argentin\"\t\t\t\t>\n\t\t\t\t\t\t\t\t<img title=\"Vue depuis le c\u00f4t\u00e9 argentin\" alt=\"Vue depuis le c\u00f4t\u00e9 argentin\" src=\"\n\t\t\t\t\t\t\t\t\t\thttps:\/\/letourdumondeen.fr\/wp-content\/gallery\/Iguazu\/thumbs\/thumbs_RSCN2817.JPG\t\t\t\t\" \n\t\t\t\t\twidth='120' height='90'\t\t\t\t\/>\n\t\t\t\t\t\t\t<\/a>\n\t\t<\/div>\n\t<\/div>\n\n\t\t\t\t\t\t\t\t\t\n\t\n\t<div id=\"ngg-image-3052\" class=\"ngg-gallery-thumbnail-box\" \n\t\t\t\t\t\t\t\t\t\t>\n\t\t<div class=\"ngg-gallery-thumbnail\" >\n\t\t\t<a href=\"\n\t\t\thttps:\/\/letourdumondeen.fr\/wp-content\/gallery\/Iguazu\/DSCN2709.JPG\t\t\t\"\n\t\t\t\ttitle=\"Vue depuis le c\u00f4t\u00e9 argentin - arc-en-ciel\"\n\t\t\t\tclass=\"ngg-fancybox\" rel=\"17407f2799a8f639c596eb265e69b352\" data-image-id=\"3052\" data-src=\"https:\/\/letourdumondeen.fr\/wp-content\/gallery\/Iguazu\/DSCN2709.JPG\" data-thumbnail=\"https:\/\/letourdumondeen.fr\/wp-content\/gallery\/Iguazu\/thumbs\/thumbs_DSCN2709.JPG\" data-title=\"Vue depuis le c\u00f4t\u00e9 argentin - arc-en-ciel\" data-description=\"Vue depuis le c\u00f4t\u00e9 argentin - arc-en-ciel\"\t\t\t\t>\n\t\t\t\t\t\t\t\t<img title=\"Vue depuis le c\u00f4t\u00e9 argentin - arc-en-ciel\" alt=\"Vue depuis le c\u00f4t\u00e9 argentin - arc-en-ciel\" src=\"\n\t\t\t\t\t\t\t\t\t\thttps:\/\/letourdumondeen.fr\/wp-content\/gallery\/Iguazu\/thumbs\/thumbs_DSCN2709.JPG\t\t\t\t\" \n\t\t\t\t\twidth='120' height='90'\t\t\t\t\/>\n\t\t\t\t\t\t\t<\/a>\n\t\t<\/div>\n\t<\/div>\n\n\t\t\t\t\t\t\t\t\t\n\t\n\t<div id=\"ngg-image-3068\" class=\"ngg-gallery-thumbnail-box\" \n\t\t\t\t\t\t\t\t\t\t>\n\t\t<div class=\"ngg-gallery-thumbnail\" >\n\t\t\t<a href=\"\n\t\t\thttps:\/\/letourdumondeen.fr\/wp-content\/gallery\/Iguazu\/DSC_3274.JPG\t\t\t\"\n\t\t\t\ttitle=\"Vue depuis le c\u00f4t\u00e9 argentin - Salto San Martin\"\n\t\t\t\tclass=\"ngg-fancybox\" rel=\"17407f2799a8f639c596eb265e69b352\" data-image-id=\"3068\" data-src=\"https:\/\/letourdumondeen.fr\/wp-content\/gallery\/Iguazu\/DSC_3274.JPG\" data-thumbnail=\"https:\/\/letourdumondeen.fr\/wp-content\/gallery\/Iguazu\/thumbs\/thumbs_DSC_3274.JPG\" data-title=\"Vue depuis le c\u00f4t\u00e9 argentin - Salto San Martin\" data-description=\"Vue depuis le c\u00f4t\u00e9 argentin - Salto San Martin\"\t\t\t\t>\n\t\t\t\t\t\t\t\t<img title=\"Vue depuis le c\u00f4t\u00e9 argentin - Salto San Martin\" alt=\"Vue depuis le c\u00f4t\u00e9 argentin - Salto San Martin\" src=\"\n\t\t\t\t\t\t\t\t\t\thttps:\/\/letourdumondeen.fr\/wp-content\/gallery\/Iguazu\/thumbs\/thumbs_DSC_3274.JPG\t\t\t\t\" \n\t\t\t\t\twidth='120' height='90'\t\t\t\t\/>\n\t\t\t\t\t\t\t<\/a>\n\t\t<\/div>\n\t<\/div>\n\n\t\t\t\t\t\t\t\t\t\n\t\n\t<div id=\"ngg-image-3069\" class=\"ngg-gallery-thumbnail-box\" \n\t\t\t\t\t\t\t\t\t\t>\n\t\t<div class=\"ngg-gallery-thumbnail\" >\n\t\t\t<a href=\"\n\t\t\thttps:\/\/letourdumondeen.fr\/wp-content\/gallery\/Iguazu\/DSC_3305.JPG\t\t\t\"\n\t\t\t\ttitle=\"Vue depuis le c\u00f4t\u00e9 argentin - arc-en-ciel\"\n\t\t\t\tclass=\"ngg-fancybox\" rel=\"17407f2799a8f639c596eb265e69b352\" data-image-id=\"3069\" data-src=\"https:\/\/letourdumondeen.fr\/wp-content\/gallery\/Iguazu\/DSC_3305.JPG\" data-thumbnail=\"https:\/\/letourdumondeen.fr\/wp-content\/gallery\/Iguazu\/thumbs\/thumbs_DSC_3305.JPG\" data-title=\"Vue depuis le c\u00f4t\u00e9 argentin - arc-en-ciel\" data-description=\"Vue depuis le c\u00f4t\u00e9 argentin - arc-en-ciel\"\t\t\t\t>\n\t\t\t\t\t\t\t\t<img title=\"Vue depuis le c\u00f4t\u00e9 argentin - arc-en-ciel\" alt=\"Vue depuis le c\u00f4t\u00e9 argentin - arc-en-ciel\" src=\"\n\t\t\t\t\t\t\t\t\t\thttps:\/\/letourdumondeen.fr\/wp-content\/gallery\/Iguazu\/thumbs\/thumbs_DSC_3305.JPG\t\t\t\t\" \n\t\t\t\t\twidth='120' height='90'\t\t\t\t\/>\n\t\t\t\t\t\t\t<\/a>\n\t\t<\/div>\n\t<\/div>\n\n\t\t\t\t\t\t\t\t\t\n\t\n\t<div id=\"ngg-image-3070\" class=\"ngg-gallery-thumbnail-box\" \n\t\t\t\t\t\t\t\t\t\t>\n\t\t<div class=\"ngg-gallery-thumbnail\" >\n\t\t\t<a href=\"\n\t\t\thttps:\/\/letourdumondeen.fr\/wp-content\/gallery\/Iguazu\/DSC_3353.JPG\t\t\t\"\n\t\t\t\ttitle=\"Vue depuis le c\u00f4t\u00e9 argentin\"\n\t\t\t\tclass=\"ngg-fancybox\" rel=\"17407f2799a8f639c596eb265e69b352\" data-image-id=\"3070\" data-src=\"https:\/\/letourdumondeen.fr\/wp-content\/gallery\/Iguazu\/DSC_3353.JPG\" data-thumbnail=\"https:\/\/letourdumondeen.fr\/wp-content\/gallery\/Iguazu\/thumbs\/thumbs_DSC_3353.JPG\" data-title=\"Vue depuis le c\u00f4t\u00e9 argentin\" data-description=\"Vue depuis le c\u00f4t\u00e9 argentin\"\t\t\t\t>\n\t\t\t\t\t\t\t\t<img title=\"Vue depuis le c\u00f4t\u00e9 argentin\" alt=\"Vue depuis le c\u00f4t\u00e9 argentin\" src=\"\n\t\t\t\t\t\t\t\t\t\thttps:\/\/letourdumondeen.fr\/wp-content\/gallery\/Iguazu\/thumbs\/thumbs_DSC_3353.JPG\t\t\t\t\" \n\t\t\t\t\twidth='120' height='90'\t\t\t\t\/>\n\t\t\t\t\t\t\t<\/a>\n\t\t<\/div>\n\t<\/div>\n\n\t\t\t\t\t\t\t\t\t\n\t\n\t<div id=\"ngg-image-3071\" class=\"ngg-gallery-thumbnail-box\" \n\t\t\t\t\t\t\t\t\t\t>\n\t\t<div class=\"ngg-gallery-thumbnail\" >\n\t\t\t<a href=\"\n\t\t\thttps:\/\/letourdumondeen.fr\/wp-content\/gallery\/Iguazu\/DSC_3365.JPG\t\t\t\"\n\t\t\t\ttitle=\"Vue depuis le c\u00f4t\u00e9 argentin\"\n\t\t\t\tclass=\"ngg-fancybox\" rel=\"17407f2799a8f639c596eb265e69b352\" data-image-id=\"3071\" data-src=\"https:\/\/letourdumondeen.fr\/wp-content\/gallery\/Iguazu\/DSC_3365.JPG\" data-thumbnail=\"https:\/\/letourdumondeen.fr\/wp-content\/gallery\/Iguazu\/thumbs\/thumbs_DSC_3365.JPG\" data-title=\"Vue depuis le c\u00f4t\u00e9 argentin\" data-description=\"Vue depuis le c\u00f4t\u00e9 argentin\"\t\t\t\t>\n\t\t\t\t\t\t\t\t<img title=\"Vue depuis le c\u00f4t\u00e9 argentin\" alt=\"Vue depuis le c\u00f4t\u00e9 argentin\" src=\"\n\t\t\t\t\t\t\t\t\t\thttps:\/\/letourdumondeen.fr\/wp-content\/gallery\/Iguazu\/thumbs\/thumbs_DSC_3365.JPG\t\t\t\t\" \n\t\t\t\t\twidth='120' height='90'\t\t\t\t\/>\n\t\t\t\t\t\t\t<\/a>\n\t\t<\/div>\n\t<\/div>\n\n\t\t\t\t\t\t\t\t\t\n\t\n\t<div id=\"ngg-image-3053\" class=\"ngg-gallery-thumbnail-box\" \n\t\t\t\t\t\t\t\t\t\t>\n\t\t<div class=\"ngg-gallery-thumbnail\" >\n\t\t\t<a href=\"\n\t\t\thttps:\/\/letourdumondeen.fr\/wp-content\/gallery\/Iguazu\/DSCN2714.JPG\t\t\t\"\n\t\t\t\ttitle=\"Vue depuis le c\u00f4t\u00e9 argentin - Salto Bosseti, vue d&#039;en dessous\"\n\t\t\t\tclass=\"ngg-fancybox\" rel=\"17407f2799a8f639c596eb265e69b352\" data-image-id=\"3053\" data-src=\"https:\/\/letourdumondeen.fr\/wp-content\/gallery\/Iguazu\/DSCN2714.JPG\" data-thumbnail=\"https:\/\/letourdumondeen.fr\/wp-content\/gallery\/Iguazu\/thumbs\/thumbs_DSCN2714.JPG\" data-title=\"Vue depuis le c\u00f4t\u00e9 argentin - Salto Bosseti, vue d&#039;en dessous\" data-description=\"Vue depuis le c\u00f4t\u00e9 argentin - Salto Bosseti, vue d&#039;en dessous\"\t\t\t\t>\n\t\t\t\t\t\t\t\t<img title=\"Vue depuis le c\u00f4t\u00e9 argentin - Salto Bosseti, vue d&#039;en dessous\" alt=\"Vue depuis le c\u00f4t\u00e9 argentin - Salto Bosseti, vue d&#039;en dessous\" src=\"\n\t\t\t\t\t\t\t\t\t\thttps:\/\/letourdumondeen.fr\/wp-content\/gallery\/Iguazu\/thumbs\/thumbs_DSCN2714.JPG\t\t\t\t\" \n\t\t\t\t\twidth='120' height='90'\t\t\t\t\/>\n\t\t\t\t\t\t\t<\/a>\n\t\t<\/div>\n\t<\/div>\n\n\t\t\t\t\t\t\t\t\t\n\t\n\t<div id=\"ngg-image-3072\" class=\"ngg-gallery-thumbnail-box\" \n\t\t\t\t\t\t\t\t\t\t>\n\t\t<div class=\"ngg-gallery-thumbnail\" >\n\t\t\t<a href=\"\n\t\t\thttps:\/\/letourdumondeen.fr\/wp-content\/gallery\/Iguazu\/DSC_3399.JPG\t\t\t\"\n\t\t\t\ttitle=\"Vue depuis le c\u00f4t\u00e9 argentin - Salto Bosseti, vue du dessus\"\n\t\t\t\tclass=\"ngg-fancybox\" rel=\"17407f2799a8f639c596eb265e69b352\" data-image-id=\"3072\" data-src=\"https:\/\/letourdumondeen.fr\/wp-content\/gallery\/Iguazu\/DSC_3399.JPG\" data-thumbnail=\"https:\/\/letourdumondeen.fr\/wp-content\/gallery\/Iguazu\/thumbs\/thumbs_DSC_3399.JPG\" data-title=\"Vue depuis le c\u00f4t\u00e9 argentin - Salto Bosseti, vue du dessus\" data-description=\"Vue depuis le c\u00f4t\u00e9 argentin - Salto Bosseti, vue du dessus\"\t\t\t\t>\n\t\t\t\t\t\t\t\t<img title=\"Vue depuis le c\u00f4t\u00e9 argentin - Salto Bosseti, vue du dessus\" alt=\"Vue depuis le c\u00f4t\u00e9 argentin - Salto Bosseti, vue du dessus\" src=\"\n\t\t\t\t\t\t\t\t\t\thttps:\/\/letourdumondeen.fr\/wp-content\/gallery\/Iguazu\/thumbs\/thumbs_DSC_3399.JPG\t\t\t\t\" \n\t\t\t\t\twidth='120' height='90'\t\t\t\t\/>\n\t\t\t\t\t\t\t<\/a>\n\t\t<\/div>\n\t<\/div>\n\n\t\t\t\t\t\t\t\t\t\n\t\n\t<div id=\"ngg-image-3073\" class=\"ngg-gallery-thumbnail-box\" \n\t\t\t\t\t\t\t\t\t\t>\n\t\t<div class=\"ngg-gallery-thumbnail\" >\n\t\t\t<a href=\"\n\t\t\thttps:\/\/letourdumondeen.fr\/wp-content\/gallery\/Iguazu\/DSC_3444.JPG\t\t\t\"\n\t\t\t\ttitle=\"Vue depuis le c\u00f4t\u00e9 argentin - Garganta del Diablo\"\n\t\t\t\tclass=\"ngg-fancybox\" rel=\"17407f2799a8f639c596eb265e69b352\" data-image-id=\"3073\" data-src=\"https:\/\/letourdumondeen.fr\/wp-content\/gallery\/Iguazu\/DSC_3444.JPG\" data-thumbnail=\"https:\/\/letourdumondeen.fr\/wp-content\/gallery\/Iguazu\/thumbs\/thumbs_DSC_3444.JPG\" data-title=\"Vue depuis le c\u00f4t\u00e9 argentin - Garganta del Diablo\" data-description=\"Vue depuis le c\u00f4t\u00e9 argentin - Garganta del Diablo\"\t\t\t\t>\n\t\t\t\t\t\t\t\t<img title=\"Vue depuis le c\u00f4t\u00e9 argentin - Garganta del Diablo\" alt=\"Vue depuis le c\u00f4t\u00e9 argentin - Garganta del Diablo\" src=\"\n\t\t\t\t\t\t\t\t\t\thttps:\/\/letourdumondeen.fr\/wp-content\/gallery\/Iguazu\/thumbs\/thumbs_DSC_3444.JPG\t\t\t\t\" \n\t\t\t\t\twidth='120' height='90'\t\t\t\t\/>\n\t\t\t\t\t\t\t<\/a>\n\t\t<\/div>\n\t<\/div>\n\n\t\t\t\t\t\t\t\t\t\n\t\n\t<div id=\"ngg-image-3074\" class=\"ngg-gallery-thumbnail-box\" \n\t\t\t\t\t\t\t\t\t\t>\n\t\t<div class=\"ngg-gallery-thumbnail\" >\n\t\t\t<a href=\"\n\t\t\thttps:\/\/letourdumondeen.fr\/wp-content\/gallery\/Iguazu\/DSC_3449.JPG\t\t\t\"\n\t\t\t\ttitle=\"Vue depuis le c\u00f4t\u00e9 argentin - Garganta del Diablo\"\n\t\t\t\tclass=\"ngg-fancybox\" rel=\"17407f2799a8f639c596eb265e69b352\" data-image-id=\"3074\" data-src=\"https:\/\/letourdumondeen.fr\/wp-content\/gallery\/Iguazu\/DSC_3449.JPG\" data-thumbnail=\"https:\/\/letourdumondeen.fr\/wp-content\/gallery\/Iguazu\/thumbs\/thumbs_DSC_3449.JPG\" data-title=\"Vue depuis le c\u00f4t\u00e9 argentin - Garganta del Diablo\" data-description=\"Vue depuis le c\u00f4t\u00e9 argentin - Garganta del Diablo\"\t\t\t\t>\n\t\t\t\t\t\t\t\t<img title=\"Vue depuis le c\u00f4t\u00e9 argentin - Garganta del Diablo\" alt=\"Vue depuis le c\u00f4t\u00e9 argentin - Garganta del Diablo\" src=\"\n\t\t\t\t\t\t\t\t\t\thttps:\/\/letourdumondeen.fr\/wp-content\/gallery\/Iguazu\/thumbs\/thumbs_DSC_3449.JPG\t\t\t\t\" \n\t\t\t\t\twidth='120' height='90'\t\t\t\t\/>\n\t\t\t\t\t\t\t<\/a>\n\t\t<\/div>\n\t<\/div>\n\n\t\t\t\t\t\t\t\t\t\n\t\n\t<div id=\"ngg-image-3075\" class=\"ngg-gallery-thumbnail-box\" \n\t\t\t\t\t\t\t\t\t\t>\n\t\t<div class=\"ngg-gallery-thumbnail\" >\n\t\t\t<a href=\"\n\t\t\thttps:\/\/letourdumondeen.fr\/wp-content\/gallery\/Iguazu\/DSC_3499.JPG\t\t\t\"\n\t\t\t\ttitle=\"Vue depuis le c\u00f4t\u00e9 argentin - Garganta del Diablo, un d\u00e9bit incroyable, accompagn\u00e9 d&#039;une douche gratuite !\"\n\t\t\t\tclass=\"ngg-fancybox\" rel=\"17407f2799a8f639c596eb265e69b352\" data-image-id=\"3075\" data-src=\"https:\/\/letourdumondeen.fr\/wp-content\/gallery\/Iguazu\/DSC_3499.JPG\" data-thumbnail=\"https:\/\/letourdumondeen.fr\/wp-content\/gallery\/Iguazu\/thumbs\/thumbs_DSC_3499.JPG\" data-title=\"Vue depuis le c\u00f4t\u00e9 argentin - Garganta del Diablo, un d\u00e9bit incroyable, accompagn\u00e9 d&#039;une douche gratuite !\" data-description=\"Vue depuis le c\u00f4t\u00e9 argentin - Garganta del Diablo, un d\u00e9bit incroyable, accompagn\u00e9 d&#039;une douche gratuite !\"\t\t\t\t>\n\t\t\t\t\t\t\t\t<img title=\"Vue depuis le c\u00f4t\u00e9 argentin - Garganta del Diablo, un d\u00e9bit incroyable, accompagn\u00e9 d&#039;une douche gratuite !\" alt=\"Vue depuis le c\u00f4t\u00e9 argentin - Garganta del Diablo, un d\u00e9bit incroyable, accompagn\u00e9 d&#039;une douche gratuite !\" src=\"\n\t\t\t\t\t\t\t\t\t\thttps:\/\/letourdumondeen.fr\/wp-content\/gallery\/Iguazu\/thumbs\/thumbs_DSC_3499.JPG\t\t\t\t\" \n\t\t\t\t\twidth='120' height='90'\t\t\t\t\/>\n\t\t\t\t\t\t\t<\/a>\n\t\t<\/div>\n\t<\/div>\n\n\t\t\t\t\t\t\t\t\t\n\t\n\t<!-- Pagination -->\n\t\t<div class='ngg-clear'><\/div>\n<\/div>\n\n\t<\/p>\n","protected":false},"excerpt":{"rendered":"<p>Nous voici arriv\u00e9s \u00e0 Puerto Iguazu, une petite ville situ\u00e9e au nord de l&rsquo;Argentine, coinc\u00e9e entre le Br\u00e9sil et le Paraguay. Terre rouge, v\u00e9g\u00e9tation luxuriante, temps lourd et chaud, nous sommes de retour dans une r\u00e9gion au climat tropical. Quel<\/p>\n","protected":false},"author":2,"featured_media":8263,"comment_status":"open","ping_status":"open","sticky":false,"template":"","format":"standard","meta":{"ngg_post_thumbnail":0,"footnotes":"","_links_to":"","_links_to_target":""},"categories":[4,20],"tags":[],"class_list":["post-8202","post","type-post","status-publish","format-standard","has-post-thumbnail","hentry","category-amerique-du-sud","category-argentina"],"_links":{"self":[{"href":"https:\/\/letourdumondeen.fr\/index.php?rest_route=\/wp\/v2\/posts\/8202","targetHints":{"allow":["GET"]}}],"collection":[{"href":"https:\/\/letourdumondeen.fr\/index.php?rest_route=\/wp\/v2\/posts"}],"about":[{"href":"https:\/\/letourdumondeen.fr\/index.php?rest_route=\/wp\/v2\/types\/post"}],"author":[{"embeddable":true,"href":"https:\/\/letourdumondeen.fr\/index.php?rest_route=\/wp\/v2\/users\/2"}],"replies":[{"embeddable":true,"href":"https:\/\/letourdumondeen.fr\/index.php?rest_route=%2Fwp%2Fv2%2Fcomments&post=8202"}],"version-history":[{"count":5,"href":"https:\/\/letourdumondeen.fr\/index.php?rest_route=\/wp\/v2\/posts\/8202\/revisions"}],"predecessor-version":[{"id":8267,"href":"https:\/\/letourdumondeen.fr\/index.php?rest_route=\/wp\/v2\/posts\/8202\/revisions\/8267"}],"wp:featuredmedia":[{"embeddable":true,"href":"https:\/\/letourdumondeen.fr\/index.php?rest_route=\/wp\/v2\/media\/8263"}],"wp:attachment":[{"href":"https:\/\/letourdumondeen.fr\/index.php?rest_route=%2Fwp%2Fv2%2Fmedia&parent=8202"}],"wp:term":[{"taxonomy":"category","embeddable":true,"href":"https:\/\/letourdumondeen.fr\/index.php?rest_route=%2Fwp%2Fv2%2Fcategories&post=8202"},{"taxonomy":"post_tag","embeddable":true,"href":"https:\/\/letourdumondeen.fr\/index.php?rest_route=%2Fwp%2Fv2%2Ftags&post=8202"}],"curies":[{"name":"wp","href":"https:\/\/api.w.org\/{rel}","templated":true}]}}