{"id":8138,"date":"2015-10-12T23:02:48","date_gmt":"2015-10-12T22:02:48","guid":{"rendered":"https:\/\/letourdumondeen.fr\/?p=8138"},"modified":"2015-10-12T23:05:53","modified_gmt":"2015-10-12T22:05:53","slug":"deutsche-bier-in-villa-general-belgrano","status":"publish","type":"post","link":"https:\/\/letourdumondeen.fr\/?p=8138","title":{"rendered":"Deutsche Bier in Villa General Belgrano"},"content":{"rendered":"<p>Cherchant une \u00e9tape interm\u00e9diaire entre Puerto Madryn et Puerto Iguazu, nous avions envisag\u00e9 de suivre la c\u00f4te est du pays. Un \u00e9v\u00e9nement inattendu a remis en cause ce choix : l&rsquo;<strong>Oktoberfest<\/strong>, \u00e0 <strong>Villa General Belgrano<\/strong> qui se d\u00e9roule tous les ans \u00e0 cette p\u00e9riode de l&rsquo;ann\u00e9e, non loin de <strong>Cordoba<\/strong>, au centre du pays.<!--more--><\/p><p>En effet, nous apprenons que cette ville, fond\u00e9e par des colons allemands, organise tous les ans sa grande f\u00eate de la bi\u00e8re artisanale. Nous voici projet\u00e9s en Allemagne.<\/p><p>Des chopes orn\u00e9es des couleurs des villes allemandes se vendent \u00e0 tous les coins de rues, elles aussi d\u00e9cor\u00e9es en cons\u00e9quence. Il est d&rsquo;ailleurs bien vu de se pr\u00e9senter avec son propre r\u00e9cipient aux nombreux stands des brasseries de la r\u00e9gion. On goutte \u00e0 l&rsquo;Interlaken, la Brunnen, la Mak bier et la Viejo Munich.<\/p><p>La premi\u00e8re journ\u00e9e, sous une pluie battante, est anim\u00e9e de musiques de guinguettes, tandis qu&rsquo;un grand concert avec des stars du pays se tient le second soir. Pour tenir le coup, nous nous r\u00e9fugions dans les restaurants, o\u00f9 les serveuses arborent la tenue bavaroise, et d\u00e9gustons les sp\u00e9cialit\u00e9s de la ville : choucroutes en tout genre, strudel et for\u00eat noire.<\/p><p>Avant de quitter la r\u00e9gion, nous passons une journ\u00e9e \u00e0 Cordoba, o\u00f9 nous reprenons un r\u00e9gime plus raisonnable.<\/p><p>\n<div class=\"ngg-galleryoverview\" id=\"ngg-gallery-77338ebf4d48d1e44c2bf1586d1661d5-8138\">\n\n\t\t\n\t<!-- Thumbnails -->\n\t\t\t\t\n\t<div id=\"ngg-image-3034\" class=\"ngg-gallery-thumbnail-box\" \n\t\t\t\t\t\t\t\t\t\t>\n\t\t<div class=\"ngg-gallery-thumbnail\" >\n\t\t\t<a href=\"\n\t\t\thttps:\/\/letourdumondeen.fr\/wp-content\/gallery\/VillaGeneralBelgrano\/DSCN2407.JPG\t\t\t\"\n\t\t\t\ttitle=\"Villa General Belgrano - L&#039;Oktoberfest, c&#039;est par ici (notez qu&#039;il pleut)\"\n\t\t\t\tclass=\"ngg-fancybox\" rel=\"77338ebf4d48d1e44c2bf1586d1661d5\" data-image-id=\"3034\" data-src=\"https:\/\/letourdumondeen.fr\/wp-content\/gallery\/VillaGeneralBelgrano\/DSCN2407.JPG\" data-thumbnail=\"https:\/\/letourdumondeen.fr\/wp-content\/gallery\/VillaGeneralBelgrano\/thumbs\/thumbs_DSCN2407.JPG\" data-title=\"Villa General Belgrano - L&#039;Oktoberfest, c&#039;est par ici (notez qu&#039;il pleut)\" data-description=\"Villa General Belgrano - L&#039;Oktoberfest, c&#039;est par ici (notez qu&#039;il pleut)\"\t\t\t\t>\n\t\t\t\t\t\t\t\t<img title=\"Villa General Belgrano - L&#039;Oktoberfest, c&#039;est par ici (notez qu&#039;il pleut)\" alt=\"Villa General Belgrano - L&#039;Oktoberfest, c&#039;est par ici (notez qu&#039;il pleut)\" src=\"\n\t\t\t\t\t\t\t\t\t\thttps:\/\/letourdumondeen.fr\/wp-content\/gallery\/VillaGeneralBelgrano\/thumbs\/thumbs_DSCN2407.JPG\t\t\t\t\" \n\t\t\t\t\twidth='120' height='90'\t\t\t\t\/>\n\t\t\t\t\t\t\t<\/a>\n\t\t<\/div>\n\t<\/div>\n\n\t\t\t\t\t\t\t\t\t\n\t\n\t<div id=\"ngg-image-3035\" class=\"ngg-gallery-thumbnail-box\" \n\t\t\t\t\t\t\t\t\t\t>\n\t\t<div class=\"ngg-gallery-thumbnail\" >\n\t\t\t<a href=\"\n\t\t\thttps:\/\/letourdumondeen.fr\/wp-content\/gallery\/VillaGeneralBelgrano\/DSCN2410.JPG\t\t\t\"\n\t\t\t\ttitle=\"Villa General Belgrano - Chopes en tout genre\"\n\t\t\t\tclass=\"ngg-fancybox\" rel=\"77338ebf4d48d1e44c2bf1586d1661d5\" data-image-id=\"3035\" data-src=\"https:\/\/letourdumondeen.fr\/wp-content\/gallery\/VillaGeneralBelgrano\/DSCN2410.JPG\" data-thumbnail=\"https:\/\/letourdumondeen.fr\/wp-content\/gallery\/VillaGeneralBelgrano\/thumbs\/thumbs_DSCN2410.JPG\" data-title=\"Villa General Belgrano - Chopes en tout genre\" data-description=\"Villa General Belgrano - Chopes en tout genre\"\t\t\t\t>\n\t\t\t\t\t\t\t\t<img title=\"Villa General Belgrano - Chopes en tout genre\" alt=\"Villa General Belgrano - Chopes en tout genre\" src=\"\n\t\t\t\t\t\t\t\t\t\thttps:\/\/letourdumondeen.fr\/wp-content\/gallery\/VillaGeneralBelgrano\/thumbs\/thumbs_DSCN2410.JPG\t\t\t\t\" \n\t\t\t\t\twidth='120' height='90'\t\t\t\t\/>\n\t\t\t\t\t\t\t<\/a>\n\t\t<\/div>\n\t<\/div>\n\n\t\t\t\t\t\t\t\t\t\n\t\n\t<div id=\"ngg-image-3036\" class=\"ngg-gallery-thumbnail-box\" \n\t\t\t\t\t\t\t\t\t\t>\n\t\t<div class=\"ngg-gallery-thumbnail\" >\n\t\t\t<a href=\"\n\t\t\thttps:\/\/letourdumondeen.fr\/wp-content\/gallery\/VillaGeneralBelgrano\/DSCN2412.JPG\t\t\t\"\n\t\t\t\ttitle=\"Villa General Belgrano - Les buvettes, vides, sous la pluie\"\n\t\t\t\tclass=\"ngg-fancybox\" rel=\"77338ebf4d48d1e44c2bf1586d1661d5\" data-image-id=\"3036\" data-src=\"https:\/\/letourdumondeen.fr\/wp-content\/gallery\/VillaGeneralBelgrano\/DSCN2412.JPG\" data-thumbnail=\"https:\/\/letourdumondeen.fr\/wp-content\/gallery\/VillaGeneralBelgrano\/thumbs\/thumbs_DSCN2412.JPG\" data-title=\"Villa General Belgrano - Les buvettes, vides, sous la pluie\" data-description=\"Villa General Belgrano - Les buvettes, vides, sous la pluie\"\t\t\t\t>\n\t\t\t\t\t\t\t\t<img title=\"Villa General Belgrano - Les buvettes, vides, sous la pluie\" alt=\"Villa General Belgrano - Les buvettes, vides, sous la pluie\" src=\"\n\t\t\t\t\t\t\t\t\t\thttps:\/\/letourdumondeen.fr\/wp-content\/gallery\/VillaGeneralBelgrano\/thumbs\/thumbs_DSCN2412.JPG\t\t\t\t\" \n\t\t\t\t\twidth='120' height='90'\t\t\t\t\/>\n\t\t\t\t\t\t\t<\/a>\n\t\t<\/div>\n\t<\/div>\n\n\t\t\t\t\t\t\t\t\t\n\t\n\t<div id=\"ngg-image-3037\" class=\"ngg-gallery-thumbnail-box\" \n\t\t\t\t\t\t\t\t\t\t>\n\t\t<div class=\"ngg-gallery-thumbnail\" >\n\t\t\t<a href=\"\n\t\t\thttps:\/\/letourdumondeen.fr\/wp-content\/gallery\/VillaGeneralBelgrano\/DSCN2413.JPG\t\t\t\"\n\t\t\t\ttitle=\"Villa General Belgrano - La grande sc\u00e8ne, toujours sous la pluie.\"\n\t\t\t\tclass=\"ngg-fancybox\" rel=\"77338ebf4d48d1e44c2bf1586d1661d5\" data-image-id=\"3037\" data-src=\"https:\/\/letourdumondeen.fr\/wp-content\/gallery\/VillaGeneralBelgrano\/DSCN2413.JPG\" data-thumbnail=\"https:\/\/letourdumondeen.fr\/wp-content\/gallery\/VillaGeneralBelgrano\/thumbs\/thumbs_DSCN2413.JPG\" data-title=\"Villa General Belgrano - La grande sc\u00e8ne, toujours sous la pluie.\" data-description=\"Villa General Belgrano - La grande sc\u00e8ne, toujours sous la pluie.\"\t\t\t\t>\n\t\t\t\t\t\t\t\t<img title=\"Villa General Belgrano - La grande sc\u00e8ne, toujours sous la pluie.\" alt=\"Villa General Belgrano - La grande sc\u00e8ne, toujours sous la pluie.\" src=\"\n\t\t\t\t\t\t\t\t\t\thttps:\/\/letourdumondeen.fr\/wp-content\/gallery\/VillaGeneralBelgrano\/thumbs\/thumbs_DSCN2413.JPG\t\t\t\t\" \n\t\t\t\t\twidth='120' height='90'\t\t\t\t\/>\n\t\t\t\t\t\t\t<\/a>\n\t\t<\/div>\n\t<\/div>\n\n\t\t\t\t\t\t\t\t\t\n\t\n\t<div id=\"ngg-image-3038\" class=\"ngg-gallery-thumbnail-box\" \n\t\t\t\t\t\t\t\t\t\t>\n\t\t<div class=\"ngg-gallery-thumbnail\" >\n\t\t\t<a href=\"\n\t\t\thttps:\/\/letourdumondeen.fr\/wp-content\/gallery\/VillaGeneralBelgrano\/DSCN2415.JPG\t\t\t\"\n\t\t\t\ttitle=\"Villa General Belgrano - Une petite mousse\"\n\t\t\t\tclass=\"ngg-fancybox\" rel=\"77338ebf4d48d1e44c2bf1586d1661d5\" data-image-id=\"3038\" data-src=\"https:\/\/letourdumondeen.fr\/wp-content\/gallery\/VillaGeneralBelgrano\/DSCN2415.JPG\" data-thumbnail=\"https:\/\/letourdumondeen.fr\/wp-content\/gallery\/VillaGeneralBelgrano\/thumbs\/thumbs_DSCN2415.JPG\" data-title=\"Villa General Belgrano - Une petite mousse\" data-description=\"Villa General Belgrano - Une petite mousse\"\t\t\t\t>\n\t\t\t\t\t\t\t\t<img title=\"Villa General Belgrano - Une petite mousse\" alt=\"Villa General Belgrano - Une petite mousse\" src=\"\n\t\t\t\t\t\t\t\t\t\thttps:\/\/letourdumondeen.fr\/wp-content\/gallery\/VillaGeneralBelgrano\/thumbs\/thumbs_DSCN2415.JPG\t\t\t\t\" \n\t\t\t\t\twidth='120' height='90'\t\t\t\t\/>\n\t\t\t\t\t\t\t<\/a>\n\t\t<\/div>\n\t<\/div>\n\n\t\t\t\t\t\t\t\t\t\n\t\n\t<div id=\"ngg-image-3039\" class=\"ngg-gallery-thumbnail-box\" \n\t\t\t\t\t\t\t\t\t\t>\n\t\t<div class=\"ngg-gallery-thumbnail\" >\n\t\t\t<a href=\"\n\t\t\thttps:\/\/letourdumondeen.fr\/wp-content\/gallery\/VillaGeneralBelgrano\/DSCN2421.JPG\t\t\t\"\n\t\t\t\ttitle=\"Villa General Belgrano - D\u00e9gustation\"\n\t\t\t\tclass=\"ngg-fancybox\" rel=\"77338ebf4d48d1e44c2bf1586d1661d5\" data-image-id=\"3039\" data-src=\"https:\/\/letourdumondeen.fr\/wp-content\/gallery\/VillaGeneralBelgrano\/DSCN2421.JPG\" data-thumbnail=\"https:\/\/letourdumondeen.fr\/wp-content\/gallery\/VillaGeneralBelgrano\/thumbs\/thumbs_DSCN2421.JPG\" data-title=\"Villa General Belgrano - D\u00e9gustation\" data-description=\"Villa General Belgrano - D\u00e9gustation\"\t\t\t\t>\n\t\t\t\t\t\t\t\t<img title=\"Villa General Belgrano - D\u00e9gustation\" alt=\"Villa General Belgrano - D\u00e9gustation\" src=\"\n\t\t\t\t\t\t\t\t\t\thttps:\/\/letourdumondeen.fr\/wp-content\/gallery\/VillaGeneralBelgrano\/thumbs\/thumbs_DSCN2421.JPG\t\t\t\t\" \n\t\t\t\t\twidth='120' height='90'\t\t\t\t\/>\n\t\t\t\t\t\t\t<\/a>\n\t\t<\/div>\n\t<\/div>\n\n\t\t\t\t\t\t\t\t\t\n\t\n\t<div id=\"ngg-image-3040\" class=\"ngg-gallery-thumbnail-box\" \n\t\t\t\t\t\t\t\t\t\t>\n\t\t<div class=\"ngg-gallery-thumbnail\" >\n\t\t\t<a href=\"\n\t\t\thttps:\/\/letourdumondeen.fr\/wp-content\/gallery\/VillaGeneralBelgrano\/DSCN2432.JPG\t\t\t\"\n\t\t\t\ttitle=\"Villa General Belgrano - Choucroute\"\n\t\t\t\tclass=\"ngg-fancybox\" rel=\"77338ebf4d48d1e44c2bf1586d1661d5\" data-image-id=\"3040\" data-src=\"https:\/\/letourdumondeen.fr\/wp-content\/gallery\/VillaGeneralBelgrano\/DSCN2432.JPG\" data-thumbnail=\"https:\/\/letourdumondeen.fr\/wp-content\/gallery\/VillaGeneralBelgrano\/thumbs\/thumbs_DSCN2432.JPG\" data-title=\"Villa General Belgrano - Choucroute\" data-description=\"Villa General Belgrano - Choucroute\"\t\t\t\t>\n\t\t\t\t\t\t\t\t<img title=\"Villa General Belgrano - Choucroute\" alt=\"Villa General Belgrano - Choucroute\" src=\"\n\t\t\t\t\t\t\t\t\t\thttps:\/\/letourdumondeen.fr\/wp-content\/gallery\/VillaGeneralBelgrano\/thumbs\/thumbs_DSCN2432.JPG\t\t\t\t\" \n\t\t\t\t\twidth='120' height='90'\t\t\t\t\/>\n\t\t\t\t\t\t\t<\/a>\n\t\t<\/div>\n\t<\/div>\n\n\t\t\t\t\t\t\t\t\t\n\t\n\t<div id=\"ngg-image-3041\" class=\"ngg-gallery-thumbnail-box\" \n\t\t\t\t\t\t\t\t\t\t>\n\t\t<div class=\"ngg-gallery-thumbnail\" >\n\t\t\t<a href=\"\n\t\t\thttps:\/\/letourdumondeen.fr\/wp-content\/gallery\/VillaGeneralBelgrano\/DSCN2434.JPG\t\t\t\"\n\t\t\t\ttitle=\"Villa General Belgrano - D\u00e9coration locale\"\n\t\t\t\tclass=\"ngg-fancybox\" rel=\"77338ebf4d48d1e44c2bf1586d1661d5\" data-image-id=\"3041\" data-src=\"https:\/\/letourdumondeen.fr\/wp-content\/gallery\/VillaGeneralBelgrano\/DSCN2434.JPG\" data-thumbnail=\"https:\/\/letourdumondeen.fr\/wp-content\/gallery\/VillaGeneralBelgrano\/thumbs\/thumbs_DSCN2434.JPG\" data-title=\"Villa General Belgrano - D\u00e9coration locale\" data-description=\"Villa General Belgrano - D\u00e9coration locale\"\t\t\t\t>\n\t\t\t\t\t\t\t\t<img title=\"Villa General Belgrano - D\u00e9coration locale\" alt=\"Villa General Belgrano - D\u00e9coration locale\" src=\"\n\t\t\t\t\t\t\t\t\t\thttps:\/\/letourdumondeen.fr\/wp-content\/gallery\/VillaGeneralBelgrano\/thumbs\/thumbs_DSCN2434.JPG\t\t\t\t\" \n\t\t\t\t\twidth='120' height='90'\t\t\t\t\/>\n\t\t\t\t\t\t\t<\/a>\n\t\t<\/div>\n\t<\/div>\n\n\t\t\t\t\t\t\t\t\t\n\t\n\t<div id=\"ngg-image-3042\" class=\"ngg-gallery-thumbnail-box\" \n\t\t\t\t\t\t\t\t\t\t>\n\t\t<div class=\"ngg-gallery-thumbnail\" >\n\t\t\t<a href=\"\n\t\t\thttps:\/\/letourdumondeen.fr\/wp-content\/gallery\/VillaGeneralBelgrano\/DSCN2443.JPG\t\t\t\"\n\t\t\t\ttitle=\"Villa General Belgrano - L&#039;Oktoberfest, un \u00e9v\u00e8nement international\"\n\t\t\t\tclass=\"ngg-fancybox\" rel=\"77338ebf4d48d1e44c2bf1586d1661d5\" data-image-id=\"3042\" data-src=\"https:\/\/letourdumondeen.fr\/wp-content\/gallery\/VillaGeneralBelgrano\/DSCN2443.JPG\" data-thumbnail=\"https:\/\/letourdumondeen.fr\/wp-content\/gallery\/VillaGeneralBelgrano\/thumbs\/thumbs_DSCN2443.JPG\" data-title=\"Villa General Belgrano - L&#039;Oktoberfest, un \u00e9v\u00e8nement international\" data-description=\"Villa General Belgrano - L&#039;Oktoberfest, un \u00e9v\u00e8nement international\"\t\t\t\t>\n\t\t\t\t\t\t\t\t<img title=\"Villa General Belgrano - L&#039;Oktoberfest, un \u00e9v\u00e8nement international\" alt=\"Villa General Belgrano - L&#039;Oktoberfest, un \u00e9v\u00e8nement international\" src=\"\n\t\t\t\t\t\t\t\t\t\thttps:\/\/letourdumondeen.fr\/wp-content\/gallery\/VillaGeneralBelgrano\/thumbs\/thumbs_DSCN2443.JPG\t\t\t\t\" \n\t\t\t\t\twidth='120' height='90'\t\t\t\t\/>\n\t\t\t\t\t\t\t<\/a>\n\t\t<\/div>\n\t<\/div>\n\n\t\t\t\t\t\t\t\t\t\n\t\n\t<div id=\"ngg-image-3043\" class=\"ngg-gallery-thumbnail-box\" \n\t\t\t\t\t\t\t\t\t\t>\n\t\t<div class=\"ngg-gallery-thumbnail\" >\n\t\t\t<a href=\"\n\t\t\thttps:\/\/letourdumondeen.fr\/wp-content\/gallery\/VillaGeneralBelgrano\/DSCN2445.JPG\t\t\t\"\n\t\t\t\ttitle=\"Villa General Belgrano - D\u00e9coration locale\"\n\t\t\t\tclass=\"ngg-fancybox\" rel=\"77338ebf4d48d1e44c2bf1586d1661d5\" data-image-id=\"3043\" data-src=\"https:\/\/letourdumondeen.fr\/wp-content\/gallery\/VillaGeneralBelgrano\/DSCN2445.JPG\" data-thumbnail=\"https:\/\/letourdumondeen.fr\/wp-content\/gallery\/VillaGeneralBelgrano\/thumbs\/thumbs_DSCN2445.JPG\" data-title=\"Villa General Belgrano - D\u00e9coration locale\" data-description=\"Villa General Belgrano - D\u00e9coration locale\"\t\t\t\t>\n\t\t\t\t\t\t\t\t<img title=\"Villa General Belgrano - D\u00e9coration locale\" alt=\"Villa General Belgrano - D\u00e9coration locale\" src=\"\n\t\t\t\t\t\t\t\t\t\thttps:\/\/letourdumondeen.fr\/wp-content\/gallery\/VillaGeneralBelgrano\/thumbs\/thumbs_DSCN2445.JPG\t\t\t\t\" \n\t\t\t\t\twidth='120' height='90'\t\t\t\t\/>\n\t\t\t\t\t\t\t<\/a>\n\t\t<\/div>\n\t<\/div>\n\n\t\t\t\t\t\t\t\t\t\n\t\n\t<div id=\"ngg-image-3044\" class=\"ngg-gallery-thumbnail-box\" \n\t\t\t\t\t\t\t\t\t\t>\n\t\t<div class=\"ngg-gallery-thumbnail\" >\n\t\t\t<a href=\"\n\t\t\thttps:\/\/letourdumondeen.fr\/wp-content\/gallery\/VillaGeneralBelgrano\/DSCN2456.JPG\t\t\t\"\n\t\t\t\ttitle=\"Villa General Belgrano - Point de vue sur la ville, pour nous d\u00e9gourdir les jambes\"\n\t\t\t\tclass=\"ngg-fancybox\" rel=\"77338ebf4d48d1e44c2bf1586d1661d5\" data-image-id=\"3044\" data-src=\"https:\/\/letourdumondeen.fr\/wp-content\/gallery\/VillaGeneralBelgrano\/DSCN2456.JPG\" data-thumbnail=\"https:\/\/letourdumondeen.fr\/wp-content\/gallery\/VillaGeneralBelgrano\/thumbs\/thumbs_DSCN2456.JPG\" data-title=\"Villa General Belgrano - Point de vue sur la ville, pour nous d\u00e9gourdir les jambes\" data-description=\"Villa General Belgrano - Point de vue sur la ville, pour nous d\u00e9gourdir les jambes\"\t\t\t\t>\n\t\t\t\t\t\t\t\t<img title=\"Villa General Belgrano - Point de vue sur la ville, pour nous d\u00e9gourdir les jambes\" alt=\"Villa General Belgrano - Point de vue sur la ville, pour nous d\u00e9gourdir les jambes\" src=\"\n\t\t\t\t\t\t\t\t\t\thttps:\/\/letourdumondeen.fr\/wp-content\/gallery\/VillaGeneralBelgrano\/thumbs\/thumbs_DSCN2456.JPG\t\t\t\t\" \n\t\t\t\t\twidth='120' height='90'\t\t\t\t\/>\n\t\t\t\t\t\t\t<\/a>\n\t\t<\/div>\n\t<\/div>\n\n\t\t\t\t\t\t\t\t\t\n\t\n\t<div id=\"ngg-image-3045\" class=\"ngg-gallery-thumbnail-box\" \n\t\t\t\t\t\t\t\t\t\t>\n\t\t<div class=\"ngg-gallery-thumbnail\" >\n\t\t\t<a href=\"\n\t\t\thttps:\/\/letourdumondeen.fr\/wp-content\/gallery\/VillaGeneralBelgrano\/DSCN2466.JPG\t\t\t\"\n\t\t\t\ttitle=\"Villa General Belgrano - For\u00eat noire\"\n\t\t\t\tclass=\"ngg-fancybox\" rel=\"77338ebf4d48d1e44c2bf1586d1661d5\" data-image-id=\"3045\" data-src=\"https:\/\/letourdumondeen.fr\/wp-content\/gallery\/VillaGeneralBelgrano\/DSCN2466.JPG\" data-thumbnail=\"https:\/\/letourdumondeen.fr\/wp-content\/gallery\/VillaGeneralBelgrano\/thumbs\/thumbs_DSCN2466.JPG\" data-title=\"Villa General Belgrano - For\u00eat noire\" data-description=\"Villa General Belgrano - For\u00eat noire\"\t\t\t\t>\n\t\t\t\t\t\t\t\t<img title=\"Villa General Belgrano - For\u00eat noire\" alt=\"Villa General Belgrano - For\u00eat noire\" src=\"\n\t\t\t\t\t\t\t\t\t\thttps:\/\/letourdumondeen.fr\/wp-content\/gallery\/VillaGeneralBelgrano\/thumbs\/thumbs_DSCN2466.JPG\t\t\t\t\" \n\t\t\t\t\twidth='120' height='90'\t\t\t\t\/>\n\t\t\t\t\t\t\t<\/a>\n\t\t<\/div>\n\t<\/div>\n\n\t\t\t\t\t\t\t\t\t\n\t\n\t<div id=\"ngg-image-3046\" class=\"ngg-gallery-thumbnail-box\" \n\t\t\t\t\t\t\t\t\t\t>\n\t\t<div class=\"ngg-gallery-thumbnail\" >\n\t\t\t<a href=\"\n\t\t\thttps:\/\/letourdumondeen.fr\/wp-content\/gallery\/VillaGeneralBelgrano\/DSCN2471.JPG\t\t\t\"\n\t\t\t\ttitle=\"Cordoba - Plaza San Martin\"\n\t\t\t\tclass=\"ngg-fancybox\" rel=\"77338ebf4d48d1e44c2bf1586d1661d5\" data-image-id=\"3046\" data-src=\"https:\/\/letourdumondeen.fr\/wp-content\/gallery\/VillaGeneralBelgrano\/DSCN2471.JPG\" data-thumbnail=\"https:\/\/letourdumondeen.fr\/wp-content\/gallery\/VillaGeneralBelgrano\/thumbs\/thumbs_DSCN2471.JPG\" data-title=\"Cordoba - Plaza San Martin\" data-description=\"Cordoba - Plaza San Martin\"\t\t\t\t>\n\t\t\t\t\t\t\t\t<img title=\"Cordoba - Plaza San Martin\" alt=\"Cordoba - Plaza San Martin\" src=\"\n\t\t\t\t\t\t\t\t\t\thttps:\/\/letourdumondeen.fr\/wp-content\/gallery\/VillaGeneralBelgrano\/thumbs\/thumbs_DSCN2471.JPG\t\t\t\t\" \n\t\t\t\t\twidth='120' height='90'\t\t\t\t\/>\n\t\t\t\t\t\t\t<\/a>\n\t\t<\/div>\n\t<\/div>\n\n\t\t\t\t\t\t\t\t\t\n\t\n\t<div id=\"ngg-image-3047\" class=\"ngg-gallery-thumbnail-box\" \n\t\t\t\t\t\t\t\t\t\t>\n\t\t<div class=\"ngg-gallery-thumbnail\" >\n\t\t\t<a href=\"\n\t\t\thttps:\/\/letourdumondeen.fr\/wp-content\/gallery\/VillaGeneralBelgrano\/DSCN2474.JPG\t\t\t\"\n\t\t\t\ttitle=\"Cordoba - Plaza San Martin, la cath\u00e9drale\"\n\t\t\t\tclass=\"ngg-fancybox\" rel=\"77338ebf4d48d1e44c2bf1586d1661d5\" data-image-id=\"3047\" data-src=\"https:\/\/letourdumondeen.fr\/wp-content\/gallery\/VillaGeneralBelgrano\/DSCN2474.JPG\" data-thumbnail=\"https:\/\/letourdumondeen.fr\/wp-content\/gallery\/VillaGeneralBelgrano\/thumbs\/thumbs_DSCN2474.JPG\" data-title=\"Cordoba - Plaza San Martin, la cath\u00e9drale\" data-description=\"Cordoba - Plaza San Martin, la cath\u00e9drale\"\t\t\t\t>\n\t\t\t\t\t\t\t\t<img title=\"Cordoba - Plaza San Martin, la cath\u00e9drale\" alt=\"Cordoba - Plaza San Martin, la cath\u00e9drale\" src=\"\n\t\t\t\t\t\t\t\t\t\thttps:\/\/letourdumondeen.fr\/wp-content\/gallery\/VillaGeneralBelgrano\/thumbs\/thumbs_DSCN2474.JPG\t\t\t\t\" \n\t\t\t\t\twidth='120' height='90'\t\t\t\t\/>\n\t\t\t\t\t\t\t<\/a>\n\t\t<\/div>\n\t<\/div>\n\n\t\t\t\t\t\t\t\t\t\n\t\n\t<div id=\"ngg-image-3048\" class=\"ngg-gallery-thumbnail-box\" \n\t\t\t\t\t\t\t\t\t\t>\n\t\t<div class=\"ngg-gallery-thumbnail\" >\n\t\t\t<a href=\"\n\t\t\thttps:\/\/letourdumondeen.fr\/wp-content\/gallery\/VillaGeneralBelgrano\/DSCN2494.JPG\t\t\t\"\n\t\t\t\ttitle=\"Cordoba - Iglesia de los Capuchinos\"\n\t\t\t\tclass=\"ngg-fancybox\" rel=\"77338ebf4d48d1e44c2bf1586d1661d5\" data-image-id=\"3048\" data-src=\"https:\/\/letourdumondeen.fr\/wp-content\/gallery\/VillaGeneralBelgrano\/DSCN2494.JPG\" data-thumbnail=\"https:\/\/letourdumondeen.fr\/wp-content\/gallery\/VillaGeneralBelgrano\/thumbs\/thumbs_DSCN2494.JPG\" data-title=\"Cordoba - Iglesia de los Capuchinos\" data-description=\"Cordoba - Iglesia de los Capuchinos\"\t\t\t\t>\n\t\t\t\t\t\t\t\t<img title=\"Cordoba - Iglesia de los Capuchinos\" alt=\"Cordoba - Iglesia de los Capuchinos\" src=\"\n\t\t\t\t\t\t\t\t\t\thttps:\/\/letourdumondeen.fr\/wp-content\/gallery\/VillaGeneralBelgrano\/thumbs\/thumbs_DSCN2494.JPG\t\t\t\t\" \n\t\t\t\t\twidth='120' height='90'\t\t\t\t\/>\n\t\t\t\t\t\t\t<\/a>\n\t\t<\/div>\n\t<\/div>\n\n\t\t\t\t\t\t\t\t\t\n\t\n\t<div id=\"ngg-image-3049\" class=\"ngg-gallery-thumbnail-box\" \n\t\t\t\t\t\t\t\t\t\t>\n\t\t<div class=\"ngg-gallery-thumbnail\" >\n\t\t\t<a href=\"\n\t\t\thttps:\/\/letourdumondeen.fr\/wp-content\/gallery\/VillaGeneralBelgrano\/DSCN2497.JPG\t\t\t\"\n\t\t\t\ttitle=\"Cordoba - Victimes de la guerre sale\"\n\t\t\t\tclass=\"ngg-fancybox\" rel=\"77338ebf4d48d1e44c2bf1586d1661d5\" data-image-id=\"3049\" data-src=\"https:\/\/letourdumondeen.fr\/wp-content\/gallery\/VillaGeneralBelgrano\/DSCN2497.JPG\" data-thumbnail=\"https:\/\/letourdumondeen.fr\/wp-content\/gallery\/VillaGeneralBelgrano\/thumbs\/thumbs_DSCN2497.JPG\" data-title=\"Cordoba - Victimes de la guerre sale\" data-description=\"Cordoba - Victimes de la guerre sale\"\t\t\t\t>\n\t\t\t\t\t\t\t\t<img title=\"Cordoba - Victimes de la guerre sale\" alt=\"Cordoba - Victimes de la guerre sale\" src=\"\n\t\t\t\t\t\t\t\t\t\thttps:\/\/letourdumondeen.fr\/wp-content\/gallery\/VillaGeneralBelgrano\/thumbs\/thumbs_DSCN2497.JPG\t\t\t\t\" \n\t\t\t\t\twidth='120' height='90'\t\t\t\t\/>\n\t\t\t\t\t\t\t<\/a>\n\t\t<\/div>\n\t<\/div>\n\n\t\t\t\t\t\t\t\t\t\n\t\n\t<!-- Pagination -->\n\t\t<div class='ngg-clear'><\/div>\n<\/div>\n\n\t<\/p>\n","protected":false},"excerpt":{"rendered":"<p>Cherchant une \u00e9tape interm\u00e9diaire entre Puerto Madryn et Puerto Iguazu, nous avions envisag\u00e9 de suivre la c\u00f4te est du pays. Un \u00e9v\u00e9nement inattendu a remis en cause ce choix : l&rsquo;Oktoberfest, \u00e0 Villa General Belgrano qui se d\u00e9roule tous les<\/p>\n","protected":false},"author":1,"featured_media":8187,"comment_status":"open","ping_status":"open","sticky":false,"template":"","format":"standard","meta":{"ngg_post_thumbnail":0,"footnotes":"","_links_to":"","_links_to_target":""},"categories":[4,20],"tags":[],"class_list":["post-8138","post","type-post","status-publish","format-standard","has-post-thumbnail","hentry","category-amerique-du-sud","category-argentina"],"_links":{"self":[{"href":"https:\/\/letourdumondeen.fr\/index.php?rest_route=\/wp\/v2\/posts\/8138","targetHints":{"allow":["GET"]}}],"collection":[{"href":"https:\/\/letourdumondeen.fr\/index.php?rest_route=\/wp\/v2\/posts"}],"about":[{"href":"https:\/\/letourdumondeen.fr\/index.php?rest_route=\/wp\/v2\/types\/post"}],"author":[{"embeddable":true,"href":"https:\/\/letourdumondeen.fr\/index.php?rest_route=\/wp\/v2\/users\/1"}],"replies":[{"embeddable":true,"href":"https:\/\/letourdumondeen.fr\/index.php?rest_route=%2Fwp%2Fv2%2Fcomments&post=8138"}],"version-history":[{"count":9,"href":"https:\/\/letourdumondeen.fr\/index.php?rest_route=\/wp\/v2\/posts\/8138\/revisions"}],"predecessor-version":[{"id":8184,"href":"https:\/\/letourdumondeen.fr\/index.php?rest_route=\/wp\/v2\/posts\/8138\/revisions\/8184"}],"wp:featuredmedia":[{"embeddable":true,"href":"https:\/\/letourdumondeen.fr\/index.php?rest_route=\/wp\/v2\/media\/8187"}],"wp:attachment":[{"href":"https:\/\/letourdumondeen.fr\/index.php?rest_route=%2Fwp%2Fv2%2Fmedia&parent=8138"}],"wp:term":[{"taxonomy":"category","embeddable":true,"href":"https:\/\/letourdumondeen.fr\/index.php?rest_route=%2Fwp%2Fv2%2Fcategories&post=8138"},{"taxonomy":"post_tag","embeddable":true,"href":"https:\/\/letourdumondeen.fr\/index.php?rest_route=%2Fwp%2Fv2%2Ftags&post=8138"}],"curies":[{"name":"wp","href":"https:\/\/api.w.org\/{rel}","templated":true}]}}