{"id":8000,"date":"2015-10-09T00:01:37","date_gmt":"2015-10-08T23:01:37","guid":{"rendered":"https:\/\/letourdumondeen.fr\/?p=8000"},"modified":"2015-10-09T00:01:37","modified_gmt":"2015-10-08T23:01:37","slug":"de-punta-tombo-a-la-peninsule-valdes-decouverte-fructueuse-de-la-faune-terrestre-et-marine","status":"publish","type":"post","link":"https:\/\/letourdumondeen.fr\/?p=8000","title":{"rendered":"De Punta Tombo \u00e0 la P\u00e9ninsule Vald\u00e9s : d\u00e9couverte fructueuse de la faune terrestre et marine"},"content":{"rendered":"<p>Pour observer les animaux sauvages dans leur espace naturel, il y a une part de chance\u00a0: \u00eatre au bon endroit, au bon moment, tout en ayant les conditions climatiques les plus propices.<\/p><p>Nous en avions fait les frais au N\u00e9pal\u00a0: nous nous \u00e9tions rendus dans un parc excentr\u00e9 pour voir des tigres et malheureusement ils ne se sont jamais montr\u00e9s \u00e0 nous.<\/p><p>En allant vers <strong>Puerto Madryn<\/strong> et la<strong> P\u00e9ninsule Vald\u00e9s<\/strong> en cette saison, nous esp\u00e9rions avoir un peu plus de chance pour voir ses magnifiques animaux, terrestres et marins, et nous avons \u00e9t\u00e9 combl\u00e9s\u00a0!<\/p><p><!--more--><\/p><p>Pour mieux profiter de la r\u00e9gion, nous louons une voiture pour 3 jours. Cela nous revient \u00e0 peine plus cher que les tours organis\u00e9s et nous laisse surtout une plus grande libert\u00e9.<\/p><p>Le 1er jour, nous nous dirigeons au sud de la ville de Puerto Madryn, \u00e0 Punta Tombo. Cet espace prot\u00e9g\u00e9 abrite la plus grande colonie de manchots de Magellan de l&rsquo;Am\u00e9rique du sud. Ils viennent ici de septembre \u00e0 mars pour se reproduire. C&rsquo;est fascinant d&rsquo;observer ces petites cr\u00e9atures \u00e0 la d\u00e9marche si maladroite d&rsquo;aussi pr\u00e8s. Sur le chemin du retour, nous faisons une halte sur une plage o\u00f9 nous d\u00e9couvrons un tas de gros tas\u00a0! Des pachydermes, des \u00e9normit\u00e9s\u00a0: des \u00e9l\u00e9phants de mer\u00a0! Ils sont vautr\u00e9s dans le sable et lorsqu&rsquo;ils tentent de se d\u00e9placer, c&rsquo;est pour faire 1 m\u00e8tre. Il semblerait qu&rsquo;ils n&rsquo;aient pas la force d&rsquo;en faire plus. Nous sommes particuli\u00e8rement impressionn\u00e9s par la taille du m\u00e2le, qui doit faire pas loin de 4 tonnes.<\/p><p>Nous passons le 2nd et le 3\u00e8me jour sur la P\u00e9ninsule Vald\u00e9s, o\u00f9 nous restons pour la nuit. Cette r\u00e9serve contient une multitudes d&rsquo;esp\u00e8ces incroyables\u00a0: baleines franches australes qui migrent dans le golf entre mai et d\u00e9cembre pour se reproduire et donner naissance, orque, manchot de Magellan, lion de mer, \u00e9l\u00e9phant de mer, guanaco, nandou, tatou, mara&#8230;<\/p><p>Comme on vous le disait, il faut de la chance. Nous en avons eu beaucoup car pour le tour en bateau que nous nous offrons, il fait beau, le vent soufflette et il le fait dans la bonne direction. Il faut savoir que si un vent fort souffle dans la \u00ab\u00a0mauvaise\u00a0\u00bb direction, les baleines s&rsquo;\u00e9loignent de la c\u00f4te et on ne peut donc pas les voir. Avec toutes ces bonnes conditions r\u00e9unies, l&rsquo;excursion en mer nous offre un spectacle incroyable\u00a0: nous voyons plein de baleines, elles sont curieuses et s&rsquo;approchent du bateau, elles sautent, elles plongent. On est \u00e9merveill\u00e9s.<\/p><p>Et nous avons eu encore plus de chance, car nous sommes arriv\u00e9s pile au bon moment sur l&rsquo;un des points de vue de la presqu&rsquo;\u00eele, pour voir des orques. C&rsquo;est assez rare semble-t-il de pouvoir les observer en cette p\u00e9riode de l&rsquo;ann\u00e9e. La personne qui nous a alert\u00e9 lorsque nous sommes arriv\u00e9s et qui \u00e9tudie ces animaux nous explique que cette famille montre probablement aux petits o\u00f9 venir chasser (nous sommes juste au-dessus d&rsquo;un groupe d&rsquo;\u00e9l\u00e9phants de mer). On les observe, certes d&rsquo;assez loin, faire des rondes en face des plages. Nous gardons les yeux grands ouverts pendant 20 minutes, conscients d&rsquo;\u00eatre t\u00e9moins de quelque chose de plut\u00f4t exceptionnel.<\/p><p>\n<div class=\"ngg-galleryoverview\" id=\"ngg-gallery-d72d5a0e52812696a512a7ff740cae67-8000\">\n\n\t\t\n\t<!-- Thumbnails -->\n\t\t\t\t\n\t<div id=\"ngg-image-3008\" class=\"ngg-gallery-thumbnail-box\" \n\t\t\t\t\t\t\t\t\t\t>\n\t\t<div class=\"ngg-gallery-thumbnail\" >\n\t\t\t<a href=\"\n\t\t\thttps:\/\/letourdumondeen.fr\/wp-content\/gallery\/PtoMadryn\/DSC_2307.JPG\t\t\t\"\n\t\t\t\ttitle=\"Guanacos\"\n\t\t\t\tclass=\"ngg-fancybox\" rel=\"d72d5a0e52812696a512a7ff740cae67\" data-image-id=\"3008\" data-src=\"https:\/\/letourdumondeen.fr\/wp-content\/gallery\/PtoMadryn\/DSC_2307.JPG\" data-thumbnail=\"https:\/\/letourdumondeen.fr\/wp-content\/gallery\/PtoMadryn\/thumbs\/thumbs_DSC_2307.JPG\" data-title=\"Guanacos\" data-description=\"Guanacos\"\t\t\t\t>\n\t\t\t\t\t\t\t\t<img title=\"Guanacos\" alt=\"Guanacos\" src=\"\n\t\t\t\t\t\t\t\t\t\thttps:\/\/letourdumondeen.fr\/wp-content\/gallery\/PtoMadryn\/thumbs\/thumbs_DSC_2307.JPG\t\t\t\t\" \n\t\t\t\t\twidth='120' height='90'\t\t\t\t\/>\n\t\t\t\t\t\t\t<\/a>\n\t\t<\/div>\n\t<\/div>\n\n\t\t\t\t\t\t\t\t\t\n\t\n\t<div id=\"ngg-image-3013\" class=\"ngg-gallery-thumbnail-box\" \n\t\t\t\t\t\t\t\t\t\t>\n\t\t<div class=\"ngg-gallery-thumbnail\" >\n\t\t\t<a href=\"\n\t\t\thttps:\/\/letourdumondeen.fr\/wp-content\/gallery\/PtoMadryn\/DSC_2379.JPG\t\t\t\"\n\t\t\t\ttitle=\"Punta Tombo - Colonie de manchots de Magellan\"\n\t\t\t\tclass=\"ngg-fancybox\" rel=\"d72d5a0e52812696a512a7ff740cae67\" data-image-id=\"3013\" data-src=\"https:\/\/letourdumondeen.fr\/wp-content\/gallery\/PtoMadryn\/DSC_2379.JPG\" data-thumbnail=\"https:\/\/letourdumondeen.fr\/wp-content\/gallery\/PtoMadryn\/thumbs\/thumbs_DSC_2379.JPG\" data-title=\"Punta Tombo - Colonie de manchots de Magellan\" data-description=\"Punta Tombo - Colonie de manchots de Magellan\"\t\t\t\t>\n\t\t\t\t\t\t\t\t<img title=\"Punta Tombo - Colonie de manchots de Magellan\" alt=\"Punta Tombo - Colonie de manchots de Magellan\" src=\"\n\t\t\t\t\t\t\t\t\t\thttps:\/\/letourdumondeen.fr\/wp-content\/gallery\/PtoMadryn\/thumbs\/thumbs_DSC_2379.JPG\t\t\t\t\" \n\t\t\t\t\twidth='120' height='90'\t\t\t\t\/>\n\t\t\t\t\t\t\t<\/a>\n\t\t<\/div>\n\t<\/div>\n\n\t\t\t\t\t\t\t\t\t\n\t\n\t<div id=\"ngg-image-3009\" class=\"ngg-gallery-thumbnail-box\" \n\t\t\t\t\t\t\t\t\t\t>\n\t\t<div class=\"ngg-gallery-thumbnail\" >\n\t\t\t<a href=\"\n\t\t\thttps:\/\/letourdumondeen.fr\/wp-content\/gallery\/PtoMadryn\/DSC_2317.JPG\t\t\t\"\n\t\t\t\ttitle=\"Punta Tombo et ses manchots\"\n\t\t\t\tclass=\"ngg-fancybox\" rel=\"d72d5a0e52812696a512a7ff740cae67\" data-image-id=\"3009\" data-src=\"https:\/\/letourdumondeen.fr\/wp-content\/gallery\/PtoMadryn\/DSC_2317.JPG\" data-thumbnail=\"https:\/\/letourdumondeen.fr\/wp-content\/gallery\/PtoMadryn\/thumbs\/thumbs_DSC_2317.JPG\" data-title=\"Punta Tombo et ses manchots\" data-description=\"Punta Tombo et ses manchots\"\t\t\t\t>\n\t\t\t\t\t\t\t\t<img title=\"Punta Tombo et ses manchots\" alt=\"Punta Tombo et ses manchots\" src=\"\n\t\t\t\t\t\t\t\t\t\thttps:\/\/letourdumondeen.fr\/wp-content\/gallery\/PtoMadryn\/thumbs\/thumbs_DSC_2317.JPG\t\t\t\t\" \n\t\t\t\t\twidth='120' height='90'\t\t\t\t\/>\n\t\t\t\t\t\t\t<\/a>\n\t\t<\/div>\n\t<\/div>\n\n\t\t\t\t\t\t\t\t\t\n\t\n\t<div id=\"ngg-image-2995\" class=\"ngg-gallery-thumbnail-box\" \n\t\t\t\t\t\t\t\t\t\t>\n\t\t<div class=\"ngg-gallery-thumbnail\" >\n\t\t\t<a href=\"\n\t\t\thttps:\/\/letourdumondeen.fr\/wp-content\/gallery\/PtoMadryn\/DSCN2146.JPG\t\t\t\"\n\t\t\t\ttitle=\"Punta Tombo - Arnaud et son copain\"\n\t\t\t\tclass=\"ngg-fancybox\" rel=\"d72d5a0e52812696a512a7ff740cae67\" data-image-id=\"2995\" data-src=\"https:\/\/letourdumondeen.fr\/wp-content\/gallery\/PtoMadryn\/DSCN2146.JPG\" data-thumbnail=\"https:\/\/letourdumondeen.fr\/wp-content\/gallery\/PtoMadryn\/thumbs\/thumbs_DSCN2146.JPG\" data-title=\"Punta Tombo - Arnaud et son copain\" data-description=\"Punta Tombo - Arnaud et son copain\"\t\t\t\t>\n\t\t\t\t\t\t\t\t<img title=\"Punta Tombo - Arnaud et son copain\" alt=\"Punta Tombo - Arnaud et son copain\" src=\"\n\t\t\t\t\t\t\t\t\t\thttps:\/\/letourdumondeen.fr\/wp-content\/gallery\/PtoMadryn\/thumbs\/thumbs_DSCN2146.JPG\t\t\t\t\" \n\t\t\t\t\twidth='120' height='90'\t\t\t\t\/>\n\t\t\t\t\t\t\t<\/a>\n\t\t<\/div>\n\t<\/div>\n\n\t\t\t\t\t\t\t\t\t\n\t\n\t<div id=\"ngg-image-3010\" class=\"ngg-gallery-thumbnail-box\" \n\t\t\t\t\t\t\t\t\t\t>\n\t\t<div class=\"ngg-gallery-thumbnail\" >\n\t\t\t<a href=\"\n\t\t\thttps:\/\/letourdumondeen.fr\/wp-content\/gallery\/PtoMadryn\/DSC_2334.JPG\t\t\t\"\n\t\t\t\ttitle=\"Punta Tombo - Nids de manchots\"\n\t\t\t\tclass=\"ngg-fancybox\" rel=\"d72d5a0e52812696a512a7ff740cae67\" data-image-id=\"3010\" data-src=\"https:\/\/letourdumondeen.fr\/wp-content\/gallery\/PtoMadryn\/DSC_2334.JPG\" data-thumbnail=\"https:\/\/letourdumondeen.fr\/wp-content\/gallery\/PtoMadryn\/thumbs\/thumbs_DSC_2334.JPG\" data-title=\"Punta Tombo - Nids de manchots\" data-description=\"Punta Tombo - Nids de manchots\"\t\t\t\t>\n\t\t\t\t\t\t\t\t<img title=\"Punta Tombo - Nids de manchots\" alt=\"Punta Tombo - Nids de manchots\" src=\"\n\t\t\t\t\t\t\t\t\t\thttps:\/\/letourdumondeen.fr\/wp-content\/gallery\/PtoMadryn\/thumbs\/thumbs_DSC_2334.JPG\t\t\t\t\" \n\t\t\t\t\twidth='120' height='90'\t\t\t\t\/>\n\t\t\t\t\t\t\t<\/a>\n\t\t<\/div>\n\t<\/div>\n\n\t\t\t\t\t\t\t\t\t\n\t\n\t<div id=\"ngg-image-3011\" class=\"ngg-gallery-thumbnail-box\" \n\t\t\t\t\t\t\t\t\t\t>\n\t\t<div class=\"ngg-gallery-thumbnail\" >\n\t\t\t<a href=\"\n\t\t\thttps:\/\/letourdumondeen.fr\/wp-content\/gallery\/PtoMadryn\/DSC_2344.JPG\t\t\t\"\n\t\t\t\ttitle=\"Punta Tombo - En route !\"\n\t\t\t\tclass=\"ngg-fancybox\" rel=\"d72d5a0e52812696a512a7ff740cae67\" data-image-id=\"3011\" data-src=\"https:\/\/letourdumondeen.fr\/wp-content\/gallery\/PtoMadryn\/DSC_2344.JPG\" data-thumbnail=\"https:\/\/letourdumondeen.fr\/wp-content\/gallery\/PtoMadryn\/thumbs\/thumbs_DSC_2344.JPG\" data-title=\"Punta Tombo - En route !\" data-description=\"Punta Tombo - En route !\"\t\t\t\t>\n\t\t\t\t\t\t\t\t<img title=\"Punta Tombo - En route !\" alt=\"Punta Tombo - En route !\" src=\"\n\t\t\t\t\t\t\t\t\t\thttps:\/\/letourdumondeen.fr\/wp-content\/gallery\/PtoMadryn\/thumbs\/thumbs_DSC_2344.JPG\t\t\t\t\" \n\t\t\t\t\twidth='120' height='90'\t\t\t\t\/>\n\t\t\t\t\t\t\t<\/a>\n\t\t<\/div>\n\t<\/div>\n\n\t\t\t\t\t\t\t\t\t\n\t\n\t<div id=\"ngg-image-2996\" class=\"ngg-gallery-thumbnail-box\" \n\t\t\t\t\t\t\t\t\t\t>\n\t\t<div class=\"ngg-gallery-thumbnail\" >\n\t\t\t<a href=\"\n\t\t\thttps:\/\/letourdumondeen.fr\/wp-content\/gallery\/PtoMadryn\/DSCN2162.JPG\t\t\t\"\n\t\t\t\ttitle=\"Punta Tombo - La valse des manchots sous l&#039;oeil observateur du guanaco\"\n\t\t\t\tclass=\"ngg-fancybox\" rel=\"d72d5a0e52812696a512a7ff740cae67\" data-image-id=\"2996\" data-src=\"https:\/\/letourdumondeen.fr\/wp-content\/gallery\/PtoMadryn\/DSCN2162.JPG\" data-thumbnail=\"https:\/\/letourdumondeen.fr\/wp-content\/gallery\/PtoMadryn\/thumbs\/thumbs_DSCN2162.JPG\" data-title=\"Punta Tombo - La valse des manchots sous l&#039;oeil observateur du guanaco\" data-description=\"Punta Tombo - La valse des manchots sous l&#039;oeil observateur du guanaco\"\t\t\t\t>\n\t\t\t\t\t\t\t\t<img title=\"Punta Tombo - La valse des manchots sous l&#039;oeil observateur du guanaco\" alt=\"Punta Tombo - La valse des manchots sous l&#039;oeil observateur du guanaco\" src=\"\n\t\t\t\t\t\t\t\t\t\thttps:\/\/letourdumondeen.fr\/wp-content\/gallery\/PtoMadryn\/thumbs\/thumbs_DSCN2162.JPG\t\t\t\t\" \n\t\t\t\t\twidth='120' height='90'\t\t\t\t\/>\n\t\t\t\t\t\t\t<\/a>\n\t\t<\/div>\n\t<\/div>\n\n\t\t\t\t\t\t\t\t\t\n\t\n\t<div id=\"ngg-image-3012\" class=\"ngg-gallery-thumbnail-box\" \n\t\t\t\t\t\t\t\t\t\t>\n\t\t<div class=\"ngg-gallery-thumbnail\" >\n\t\t\t<a href=\"\n\t\t\thttps:\/\/letourdumondeen.fr\/wp-content\/gallery\/PtoMadryn\/DSC_2357.JPG\t\t\t\"\n\t\t\t\ttitle=\"Punta Tombo - Bord de mer, embarquement et d\u00e9barquement de manchots\"\n\t\t\t\tclass=\"ngg-fancybox\" rel=\"d72d5a0e52812696a512a7ff740cae67\" data-image-id=\"3012\" data-src=\"https:\/\/letourdumondeen.fr\/wp-content\/gallery\/PtoMadryn\/DSC_2357.JPG\" data-thumbnail=\"https:\/\/letourdumondeen.fr\/wp-content\/gallery\/PtoMadryn\/thumbs\/thumbs_DSC_2357.JPG\" data-title=\"Punta Tombo - Bord de mer, embarquement et d\u00e9barquement de manchots\" data-description=\"Punta Tombo - Bord de mer, embarquement et d\u00e9barquement de manchots\"\t\t\t\t>\n\t\t\t\t\t\t\t\t<img title=\"Punta Tombo - Bord de mer, embarquement et d\u00e9barquement de manchots\" alt=\"Punta Tombo - Bord de mer, embarquement et d\u00e9barquement de manchots\" src=\"\n\t\t\t\t\t\t\t\t\t\thttps:\/\/letourdumondeen.fr\/wp-content\/gallery\/PtoMadryn\/thumbs\/thumbs_DSC_2357.JPG\t\t\t\t\" \n\t\t\t\t\twidth='120' height='90'\t\t\t\t\/>\n\t\t\t\t\t\t\t<\/a>\n\t\t<\/div>\n\t<\/div>\n\n\t\t\t\t\t\t\t\t\t\n\t\n\t<div id=\"ngg-image-3015\" class=\"ngg-gallery-thumbnail-box\" \n\t\t\t\t\t\t\t\t\t\t>\n\t\t<div class=\"ngg-gallery-thumbnail\" >\n\t\t\t<a href=\"\n\t\t\thttps:\/\/letourdumondeen.fr\/wp-content\/gallery\/PtoMadryn\/DSC_2541.JPG\t\t\t\"\n\t\t\t\ttitle=\"Isla Escondita\"\n\t\t\t\tclass=\"ngg-fancybox\" rel=\"d72d5a0e52812696a512a7ff740cae67\" data-image-id=\"3015\" data-src=\"https:\/\/letourdumondeen.fr\/wp-content\/gallery\/PtoMadryn\/DSC_2541.JPG\" data-thumbnail=\"https:\/\/letourdumondeen.fr\/wp-content\/gallery\/PtoMadryn\/thumbs\/thumbs_DSC_2541.JPG\" data-title=\"Isla Escondita\" data-description=\"Isla Escondita\"\t\t\t\t>\n\t\t\t\t\t\t\t\t<img title=\"Isla Escondita\" alt=\"Isla Escondita\" src=\"\n\t\t\t\t\t\t\t\t\t\thttps:\/\/letourdumondeen.fr\/wp-content\/gallery\/PtoMadryn\/thumbs\/thumbs_DSC_2541.JPG\t\t\t\t\" \n\t\t\t\t\twidth='120' height='90'\t\t\t\t\/>\n\t\t\t\t\t\t\t<\/a>\n\t\t<\/div>\n\t<\/div>\n\n\t\t\t\t\t\t\t\t\t\n\t\n\t<div id=\"ngg-image-2997\" class=\"ngg-gallery-thumbnail-box\" \n\t\t\t\t\t\t\t\t\t\t>\n\t\t<div class=\"ngg-gallery-thumbnail\" >\n\t\t\t<a href=\"\n\t\t\thttps:\/\/letourdumondeen.fr\/wp-content\/gallery\/PtoMadryn\/DSCN2170.JPG\t\t\t\"\n\t\t\t\ttitle=\"Isla Escondita - reportage animalier\"\n\t\t\t\tclass=\"ngg-fancybox\" rel=\"d72d5a0e52812696a512a7ff740cae67\" data-image-id=\"2997\" data-src=\"https:\/\/letourdumondeen.fr\/wp-content\/gallery\/PtoMadryn\/DSCN2170.JPG\" data-thumbnail=\"https:\/\/letourdumondeen.fr\/wp-content\/gallery\/PtoMadryn\/thumbs\/thumbs_DSCN2170.JPG\" data-title=\"Isla Escondita - reportage animalier\" data-description=\"Isla Escondita - reportage animalier\"\t\t\t\t>\n\t\t\t\t\t\t\t\t<img title=\"Isla Escondita - reportage animalier\" alt=\"Isla Escondita - reportage animalier\" src=\"\n\t\t\t\t\t\t\t\t\t\thttps:\/\/letourdumondeen.fr\/wp-content\/gallery\/PtoMadryn\/thumbs\/thumbs_DSCN2170.JPG\t\t\t\t\" \n\t\t\t\t\twidth='120' height='90'\t\t\t\t\/>\n\t\t\t\t\t\t\t<\/a>\n\t\t<\/div>\n\t<\/div>\n\n\t\t\t\t\t\t\t\t\t\n\t\n\t<div id=\"ngg-image-3014\" class=\"ngg-gallery-thumbnail-box\" \n\t\t\t\t\t\t\t\t\t\t>\n\t\t<div class=\"ngg-gallery-thumbnail\" >\n\t\t\t<a href=\"\n\t\t\thttps:\/\/letourdumondeen.fr\/wp-content\/gallery\/PtoMadryn\/DSC_2504.JPG\t\t\t\"\n\t\t\t\ttitle=\"Isla Escondita - El\u00e9phants de mer\"\n\t\t\t\tclass=\"ngg-fancybox\" rel=\"d72d5a0e52812696a512a7ff740cae67\" data-image-id=\"3014\" data-src=\"https:\/\/letourdumondeen.fr\/wp-content\/gallery\/PtoMadryn\/DSC_2504.JPG\" data-thumbnail=\"https:\/\/letourdumondeen.fr\/wp-content\/gallery\/PtoMadryn\/thumbs\/thumbs_DSC_2504.JPG\" data-title=\"Isla Escondita - El\u00e9phants de mer\" data-description=\"Isla Escondita - El\u00e9phants de mer\"\t\t\t\t>\n\t\t\t\t\t\t\t\t<img title=\"Isla Escondita - El\u00e9phants de mer\" alt=\"Isla Escondita - El\u00e9phants de mer\" src=\"\n\t\t\t\t\t\t\t\t\t\thttps:\/\/letourdumondeen.fr\/wp-content\/gallery\/PtoMadryn\/thumbs\/thumbs_DSC_2504.JPG\t\t\t\t\" \n\t\t\t\t\twidth='120' height='90'\t\t\t\t\/>\n\t\t\t\t\t\t\t<\/a>\n\t\t<\/div>\n\t<\/div>\n\n\t\t\t\t\t\t\t\t\t\n\t\n\t<div id=\"ngg-image-2998\" class=\"ngg-gallery-thumbnail-box\" \n\t\t\t\t\t\t\t\t\t\t>\n\t\t<div class=\"ngg-gallery-thumbnail\" >\n\t\t\t<a href=\"\n\t\t\thttps:\/\/letourdumondeen.fr\/wp-content\/gallery\/PtoMadryn\/DSCN2187.JPG\t\t\t\"\n\t\t\t\ttitle=\"Isla Escondita - Photo de famille\"\n\t\t\t\tclass=\"ngg-fancybox\" rel=\"d72d5a0e52812696a512a7ff740cae67\" data-image-id=\"2998\" data-src=\"https:\/\/letourdumondeen.fr\/wp-content\/gallery\/PtoMadryn\/DSCN2187.JPG\" data-thumbnail=\"https:\/\/letourdumondeen.fr\/wp-content\/gallery\/PtoMadryn\/thumbs\/thumbs_DSCN2187.JPG\" data-title=\"Isla Escondita - Photo de famille\" data-description=\"Isla Escondita - Photo de famille\"\t\t\t\t>\n\t\t\t\t\t\t\t\t<img title=\"Isla Escondita - Photo de famille\" alt=\"Isla Escondita - Photo de famille\" src=\"\n\t\t\t\t\t\t\t\t\t\thttps:\/\/letourdumondeen.fr\/wp-content\/gallery\/PtoMadryn\/thumbs\/thumbs_DSCN2187.JPG\t\t\t\t\" \n\t\t\t\t\twidth='120' height='90'\t\t\t\t\/>\n\t\t\t\t\t\t\t<\/a>\n\t\t<\/div>\n\t<\/div>\n\n\t\t\t\t\t\t\t\t\t\n\t\n\t<div id=\"ngg-image-3016\" class=\"ngg-gallery-thumbnail-box\" \n\t\t\t\t\t\t\t\t\t\t>\n\t\t<div class=\"ngg-gallery-thumbnail\" >\n\t\t\t<a href=\"\n\t\t\thttps:\/\/letourdumondeen.fr\/wp-content\/gallery\/PtoMadryn\/DSC_2568.JPG\t\t\t\"\n\t\t\t\ttitle=\"Isla Escondita - C&#039;est \u00e9norme\"\n\t\t\t\tclass=\"ngg-fancybox\" rel=\"d72d5a0e52812696a512a7ff740cae67\" data-image-id=\"3016\" data-src=\"https:\/\/letourdumondeen.fr\/wp-content\/gallery\/PtoMadryn\/DSC_2568.JPG\" data-thumbnail=\"https:\/\/letourdumondeen.fr\/wp-content\/gallery\/PtoMadryn\/thumbs\/thumbs_DSC_2568.JPG\" data-title=\"Isla Escondita - C&#039;est \u00e9norme\" data-description=\"Isla Escondita - C&#039;est \u00e9norme\"\t\t\t\t>\n\t\t\t\t\t\t\t\t<img title=\"Isla Escondita - C&#039;est \u00e9norme\" alt=\"Isla Escondita - C&#039;est \u00e9norme\" src=\"\n\t\t\t\t\t\t\t\t\t\thttps:\/\/letourdumondeen.fr\/wp-content\/gallery\/PtoMadryn\/thumbs\/thumbs_DSC_2568.JPG\t\t\t\t\" \n\t\t\t\t\twidth='120' height='90'\t\t\t\t\/>\n\t\t\t\t\t\t\t<\/a>\n\t\t<\/div>\n\t<\/div>\n\n\t\t\t\t\t\t\t\t\t\n\t\n\t<div id=\"ngg-image-3017\" class=\"ngg-gallery-thumbnail-box\" \n\t\t\t\t\t\t\t\t\t\t>\n\t\t<div class=\"ngg-gallery-thumbnail\" >\n\t\t\t<a href=\"\n\t\t\thttps:\/\/letourdumondeen.fr\/wp-content\/gallery\/PtoMadryn\/DSC_2585.JPG\t\t\t\"\n\t\t\t\ttitle=\"Isla Escondita - Le m\u00e2le\"\n\t\t\t\tclass=\"ngg-fancybox\" rel=\"d72d5a0e52812696a512a7ff740cae67\" data-image-id=\"3017\" data-src=\"https:\/\/letourdumondeen.fr\/wp-content\/gallery\/PtoMadryn\/DSC_2585.JPG\" data-thumbnail=\"https:\/\/letourdumondeen.fr\/wp-content\/gallery\/PtoMadryn\/thumbs\/thumbs_DSC_2585.JPG\" data-title=\"Isla Escondita - Le m\u00e2le\" data-description=\"Isla Escondita - Le m\u00e2le\"\t\t\t\t>\n\t\t\t\t\t\t\t\t<img title=\"Isla Escondita - Le m\u00e2le\" alt=\"Isla Escondita - Le m\u00e2le\" src=\"\n\t\t\t\t\t\t\t\t\t\thttps:\/\/letourdumondeen.fr\/wp-content\/gallery\/PtoMadryn\/thumbs\/thumbs_DSC_2585.JPG\t\t\t\t\" \n\t\t\t\t\twidth='120' height='90'\t\t\t\t\/>\n\t\t\t\t\t\t\t<\/a>\n\t\t<\/div>\n\t<\/div>\n\n\t\t\t\t\t\t\t\t\t\n\t\n\t<div id=\"ngg-image-3003\" class=\"ngg-gallery-thumbnail-box\" \n\t\t\t\t\t\t\t\t\t\t>\n\t\t<div class=\"ngg-gallery-thumbnail\" >\n\t\t\t<a href=\"\n\t\t\thttps:\/\/letourdumondeen.fr\/wp-content\/gallery\/PtoMadryn\/DSCN2321.JPG\t\t\t\"\n\t\t\t\ttitle=\"P\u00e9ninsule Vald\u00e9s - le petit village de Puerto Piramides\"\n\t\t\t\tclass=\"ngg-fancybox\" rel=\"d72d5a0e52812696a512a7ff740cae67\" data-image-id=\"3003\" data-src=\"https:\/\/letourdumondeen.fr\/wp-content\/gallery\/PtoMadryn\/DSCN2321.JPG\" data-thumbnail=\"https:\/\/letourdumondeen.fr\/wp-content\/gallery\/PtoMadryn\/thumbs\/thumbs_DSCN2321.JPG\" data-title=\"P\u00e9ninsule Vald\u00e9s - le petit village de Puerto Piramides\" data-description=\"P\u00e9ninsule Vald\u00e9s - le petit village de Puerto Piramides\"\t\t\t\t>\n\t\t\t\t\t\t\t\t<img title=\"P\u00e9ninsule Vald\u00e9s - le petit village de Puerto Piramides\" alt=\"P\u00e9ninsule Vald\u00e9s - le petit village de Puerto Piramides\" src=\"\n\t\t\t\t\t\t\t\t\t\thttps:\/\/letourdumondeen.fr\/wp-content\/gallery\/PtoMadryn\/thumbs\/thumbs_DSCN2321.JPG\t\t\t\t\" \n\t\t\t\t\twidth='120' height='90'\t\t\t\t\/>\n\t\t\t\t\t\t\t<\/a>\n\t\t<\/div>\n\t<\/div>\n\n\t\t\t\t\t\t\t\t\t\n\t\n\t<div id=\"ngg-image-3000\" class=\"ngg-gallery-thumbnail-box\" \n\t\t\t\t\t\t\t\t\t\t>\n\t\t<div class=\"ngg-gallery-thumbnail\" >\n\t\t\t<a href=\"\n\t\t\thttps:\/\/letourdumondeen.fr\/wp-content\/gallery\/PtoMadryn\/DSCN2275.JPG\t\t\t\"\n\t\t\t\ttitle=\"P\u00e9ninsule Vald\u00e9s - Baleine et baleineau curieux s&#039;approchent du bateau\"\n\t\t\t\tclass=\"ngg-fancybox\" rel=\"d72d5a0e52812696a512a7ff740cae67\" data-image-id=\"3000\" data-src=\"https:\/\/letourdumondeen.fr\/wp-content\/gallery\/PtoMadryn\/DSCN2275.JPG\" data-thumbnail=\"https:\/\/letourdumondeen.fr\/wp-content\/gallery\/PtoMadryn\/thumbs\/thumbs_DSCN2275.JPG\" data-title=\"P\u00e9ninsule Vald\u00e9s - Baleine et baleineau curieux s&#039;approchent du bateau\" data-description=\"P\u00e9ninsule Vald\u00e9s - Baleine et baleineau curieux s&#039;approchent du bateau\"\t\t\t\t>\n\t\t\t\t\t\t\t\t<img title=\"P\u00e9ninsule Vald\u00e9s - Baleine et baleineau curieux s&#039;approchent du bateau\" alt=\"P\u00e9ninsule Vald\u00e9s - Baleine et baleineau curieux s&#039;approchent du bateau\" src=\"\n\t\t\t\t\t\t\t\t\t\thttps:\/\/letourdumondeen.fr\/wp-content\/gallery\/PtoMadryn\/thumbs\/thumbs_DSCN2275.JPG\t\t\t\t\" \n\t\t\t\t\twidth='120' height='90'\t\t\t\t\/>\n\t\t\t\t\t\t\t<\/a>\n\t\t<\/div>\n\t<\/div>\n\n\t\t\t\t\t\t\t\t\t\n\t\n\t<div id=\"ngg-image-3018\" class=\"ngg-gallery-thumbnail-box\" \n\t\t\t\t\t\t\t\t\t\t>\n\t\t<div class=\"ngg-gallery-thumbnail\" >\n\t\t\t<a href=\"\n\t\t\thttps:\/\/letourdumondeen.fr\/wp-content\/gallery\/PtoMadryn\/DSC_2601.JPG\t\t\t\"\n\t\t\t\ttitle=\"P\u00e9ninsule Vald\u00e9s - Baleine franche australe\"\n\t\t\t\tclass=\"ngg-fancybox\" rel=\"d72d5a0e52812696a512a7ff740cae67\" data-image-id=\"3018\" data-src=\"https:\/\/letourdumondeen.fr\/wp-content\/gallery\/PtoMadryn\/DSC_2601.JPG\" data-thumbnail=\"https:\/\/letourdumondeen.fr\/wp-content\/gallery\/PtoMadryn\/thumbs\/thumbs_DSC_2601.JPG\" data-title=\"P\u00e9ninsule Vald\u00e9s - Baleine franche australe\" data-description=\"P\u00e9ninsule Vald\u00e9s - Baleine franche australe\"\t\t\t\t>\n\t\t\t\t\t\t\t\t<img title=\"P\u00e9ninsule Vald\u00e9s - Baleine franche australe\" alt=\"P\u00e9ninsule Vald\u00e9s - Baleine franche australe\" src=\"\n\t\t\t\t\t\t\t\t\t\thttps:\/\/letourdumondeen.fr\/wp-content\/gallery\/PtoMadryn\/thumbs\/thumbs_DSC_2601.JPG\t\t\t\t\" \n\t\t\t\t\twidth='120' height='90'\t\t\t\t\/>\n\t\t\t\t\t\t\t<\/a>\n\t\t<\/div>\n\t<\/div>\n\n\t\t\t\t\t\t\t\t\t\n\t\n\t<div id=\"ngg-image-3019\" class=\"ngg-gallery-thumbnail-box\" \n\t\t\t\t\t\t\t\t\t\t>\n\t\t<div class=\"ngg-gallery-thumbnail\" >\n\t\t\t<a href=\"\n\t\t\thttps:\/\/letourdumondeen.fr\/wp-content\/gallery\/PtoMadryn\/DSC_2604.JPG\t\t\t\"\n\t\t\t\ttitle=\"P\u00e9ninsule Vald\u00e9s - Baleine franche australe\"\n\t\t\t\tclass=\"ngg-fancybox\" rel=\"d72d5a0e52812696a512a7ff740cae67\" data-image-id=\"3019\" data-src=\"https:\/\/letourdumondeen.fr\/wp-content\/gallery\/PtoMadryn\/DSC_2604.JPG\" data-thumbnail=\"https:\/\/letourdumondeen.fr\/wp-content\/gallery\/PtoMadryn\/thumbs\/thumbs_DSC_2604.JPG\" data-title=\"P\u00e9ninsule Vald\u00e9s - Baleine franche australe\" data-description=\"P\u00e9ninsule Vald\u00e9s - Baleine franche australe\"\t\t\t\t>\n\t\t\t\t\t\t\t\t<img title=\"P\u00e9ninsule Vald\u00e9s - Baleine franche australe\" alt=\"P\u00e9ninsule Vald\u00e9s - Baleine franche australe\" src=\"\n\t\t\t\t\t\t\t\t\t\thttps:\/\/letourdumondeen.fr\/wp-content\/gallery\/PtoMadryn\/thumbs\/thumbs_DSC_2604.JPG\t\t\t\t\" \n\t\t\t\t\twidth='120' height='90'\t\t\t\t\/>\n\t\t\t\t\t\t\t<\/a>\n\t\t<\/div>\n\t<\/div>\n\n\t\t\t\t\t\t\t\t\t\n\t\n\t<div id=\"ngg-image-3020\" class=\"ngg-gallery-thumbnail-box\" \n\t\t\t\t\t\t\t\t\t\t>\n\t\t<div class=\"ngg-gallery-thumbnail\" >\n\t\t\t<a href=\"\n\t\t\thttps:\/\/letourdumondeen.fr\/wp-content\/gallery\/PtoMadryn\/DSC_2605.JPG\t\t\t\"\n\t\t\t\ttitle=\"P\u00e9ninsule Vald\u00e9s - Baleine franche australe\"\n\t\t\t\tclass=\"ngg-fancybox\" rel=\"d72d5a0e52812696a512a7ff740cae67\" data-image-id=\"3020\" data-src=\"https:\/\/letourdumondeen.fr\/wp-content\/gallery\/PtoMadryn\/DSC_2605.JPG\" data-thumbnail=\"https:\/\/letourdumondeen.fr\/wp-content\/gallery\/PtoMadryn\/thumbs\/thumbs_DSC_2605.JPG\" data-title=\"P\u00e9ninsule Vald\u00e9s - Baleine franche australe\" data-description=\"P\u00e9ninsule Vald\u00e9s - Baleine franche australe\"\t\t\t\t>\n\t\t\t\t\t\t\t\t<img title=\"P\u00e9ninsule Vald\u00e9s - Baleine franche australe\" alt=\"P\u00e9ninsule Vald\u00e9s - Baleine franche australe\" src=\"\n\t\t\t\t\t\t\t\t\t\thttps:\/\/letourdumondeen.fr\/wp-content\/gallery\/PtoMadryn\/thumbs\/thumbs_DSC_2605.JPG\t\t\t\t\" \n\t\t\t\t\twidth='120' height='90'\t\t\t\t\/>\n\t\t\t\t\t\t\t<\/a>\n\t\t<\/div>\n\t<\/div>\n\n\t\t\t\t\t\t\t\t\t\n\t\n\t<div id=\"ngg-image-3021\" class=\"ngg-gallery-thumbnail-box\" \n\t\t\t\t\t\t\t\t\t\t>\n\t\t<div class=\"ngg-gallery-thumbnail\" >\n\t\t\t<a href=\"\n\t\t\thttps:\/\/letourdumondeen.fr\/wp-content\/gallery\/PtoMadryn\/DSC_2616.JPG\t\t\t\"\n\t\t\t\ttitle=\"P\u00e9ninsule Vald\u00e9s - Baleine franche australe\"\n\t\t\t\tclass=\"ngg-fancybox\" rel=\"d72d5a0e52812696a512a7ff740cae67\" data-image-id=\"3021\" data-src=\"https:\/\/letourdumondeen.fr\/wp-content\/gallery\/PtoMadryn\/DSC_2616.JPG\" data-thumbnail=\"https:\/\/letourdumondeen.fr\/wp-content\/gallery\/PtoMadryn\/thumbs\/thumbs_DSC_2616.JPG\" data-title=\"P\u00e9ninsule Vald\u00e9s - Baleine franche australe\" data-description=\"P\u00e9ninsule Vald\u00e9s - Baleine franche australe\"\t\t\t\t>\n\t\t\t\t\t\t\t\t<img title=\"P\u00e9ninsule Vald\u00e9s - Baleine franche australe\" alt=\"P\u00e9ninsule Vald\u00e9s - Baleine franche australe\" src=\"\n\t\t\t\t\t\t\t\t\t\thttps:\/\/letourdumondeen.fr\/wp-content\/gallery\/PtoMadryn\/thumbs\/thumbs_DSC_2616.JPG\t\t\t\t\" \n\t\t\t\t\twidth='120' height='90'\t\t\t\t\/>\n\t\t\t\t\t\t\t<\/a>\n\t\t<\/div>\n\t<\/div>\n\n\t\t\t\t\t\t\t\t\t\n\t\n\t<div id=\"ngg-image-3022\" class=\"ngg-gallery-thumbnail-box\" \n\t\t\t\t\t\t\t\t\t\t>\n\t\t<div class=\"ngg-gallery-thumbnail\" >\n\t\t\t<a href=\"\n\t\t\thttps:\/\/letourdumondeen.fr\/wp-content\/gallery\/PtoMadryn\/DSC_2659.JPG\t\t\t\"\n\t\t\t\ttitle=\"P\u00e9ninsule Vald\u00e9s - Baleine franche australe\"\n\t\t\t\tclass=\"ngg-fancybox\" rel=\"d72d5a0e52812696a512a7ff740cae67\" data-image-id=\"3022\" data-src=\"https:\/\/letourdumondeen.fr\/wp-content\/gallery\/PtoMadryn\/DSC_2659.JPG\" data-thumbnail=\"https:\/\/letourdumondeen.fr\/wp-content\/gallery\/PtoMadryn\/thumbs\/thumbs_DSC_2659.JPG\" data-title=\"P\u00e9ninsule Vald\u00e9s - Baleine franche australe\" data-description=\"P\u00e9ninsule Vald\u00e9s - Baleine franche australe\"\t\t\t\t>\n\t\t\t\t\t\t\t\t<img title=\"P\u00e9ninsule Vald\u00e9s - Baleine franche australe\" alt=\"P\u00e9ninsule Vald\u00e9s - Baleine franche australe\" src=\"\n\t\t\t\t\t\t\t\t\t\thttps:\/\/letourdumondeen.fr\/wp-content\/gallery\/PtoMadryn\/thumbs\/thumbs_DSC_2659.JPG\t\t\t\t\" \n\t\t\t\t\twidth='120' height='90'\t\t\t\t\/>\n\t\t\t\t\t\t\t<\/a>\n\t\t<\/div>\n\t<\/div>\n\n\t\t\t\t\t\t\t\t\t\n\t\n\t<div id=\"ngg-image-2999\" class=\"ngg-gallery-thumbnail-box\" \n\t\t\t\t\t\t\t\t\t\t>\n\t\t<div class=\"ngg-gallery-thumbnail\" >\n\t\t\t<a href=\"\n\t\t\thttps:\/\/letourdumondeen.fr\/wp-content\/gallery\/PtoMadryn\/DSCN2263.JPG\t\t\t\"\n\t\t\t\ttitle=\"Contents\"\n\t\t\t\tclass=\"ngg-fancybox\" rel=\"d72d5a0e52812696a512a7ff740cae67\" data-image-id=\"2999\" data-src=\"https:\/\/letourdumondeen.fr\/wp-content\/gallery\/PtoMadryn\/DSCN2263.JPG\" data-thumbnail=\"https:\/\/letourdumondeen.fr\/wp-content\/gallery\/PtoMadryn\/thumbs\/thumbs_DSCN2263.JPG\" data-title=\"Contents\" data-description=\"Contents\"\t\t\t\t>\n\t\t\t\t\t\t\t\t<img title=\"Contents\" alt=\"Contents\" src=\"\n\t\t\t\t\t\t\t\t\t\thttps:\/\/letourdumondeen.fr\/wp-content\/gallery\/PtoMadryn\/thumbs\/thumbs_DSCN2263.JPG\t\t\t\t\" \n\t\t\t\t\twidth='120' height='90'\t\t\t\t\/>\n\t\t\t\t\t\t\t<\/a>\n\t\t<\/div>\n\t<\/div>\n\n\t\t\t\t\t\t\t\t\t\n\t\n\t<div id=\"ngg-image-3001\" class=\"ngg-gallery-thumbnail-box\" \n\t\t\t\t\t\t\t\t\t\t>\n\t\t<div class=\"ngg-gallery-thumbnail\" >\n\t\t\t<a href=\"\n\t\t\thttps:\/\/letourdumondeen.fr\/wp-content\/gallery\/PtoMadryn\/DSCN2278.JPG\t\t\t\"\n\t\t\t\ttitle=\"P\u00e9ninsule Vald\u00e9s - Paysages\"\n\t\t\t\tclass=\"ngg-fancybox\" rel=\"d72d5a0e52812696a512a7ff740cae67\" data-image-id=\"3001\" data-src=\"https:\/\/letourdumondeen.fr\/wp-content\/gallery\/PtoMadryn\/DSCN2278.JPG\" data-thumbnail=\"https:\/\/letourdumondeen.fr\/wp-content\/gallery\/PtoMadryn\/thumbs\/thumbs_DSCN2278.JPG\" data-title=\"P\u00e9ninsule Vald\u00e9s - Paysages\" data-description=\"P\u00e9ninsule Vald\u00e9s - Paysages\"\t\t\t\t>\n\t\t\t\t\t\t\t\t<img title=\"P\u00e9ninsule Vald\u00e9s - Paysages\" alt=\"P\u00e9ninsule Vald\u00e9s - Paysages\" src=\"\n\t\t\t\t\t\t\t\t\t\thttps:\/\/letourdumondeen.fr\/wp-content\/gallery\/PtoMadryn\/thumbs\/thumbs_DSCN2278.JPG\t\t\t\t\" \n\t\t\t\t\twidth='120' height='90'\t\t\t\t\/>\n\t\t\t\t\t\t\t<\/a>\n\t\t<\/div>\n\t<\/div>\n\n\t\t\t\t\t\t\t\t\t\n\t\n\t<div id=\"ngg-image-3002\" class=\"ngg-gallery-thumbnail-box\" \n\t\t\t\t\t\t\t\t\t\t>\n\t\t<div class=\"ngg-gallery-thumbnail\" >\n\t\t\t<a href=\"\n\t\t\thttps:\/\/letourdumondeen.fr\/wp-content\/gallery\/PtoMadryn\/DSCN2279.JPG\t\t\t\"\n\t\t\t\ttitle=\"P\u00e9ninsule Vald\u00e9s - Punta Delgada\"\n\t\t\t\tclass=\"ngg-fancybox\" rel=\"d72d5a0e52812696a512a7ff740cae67\" data-image-id=\"3002\" data-src=\"https:\/\/letourdumondeen.fr\/wp-content\/gallery\/PtoMadryn\/DSCN2279.JPG\" data-thumbnail=\"https:\/\/letourdumondeen.fr\/wp-content\/gallery\/PtoMadryn\/thumbs\/thumbs_DSCN2279.JPG\" data-title=\"P\u00e9ninsule Vald\u00e9s - Punta Delgada\" data-description=\"P\u00e9ninsule Vald\u00e9s - Punta Delgada\"\t\t\t\t>\n\t\t\t\t\t\t\t\t<img title=\"P\u00e9ninsule Vald\u00e9s - Punta Delgada\" alt=\"P\u00e9ninsule Vald\u00e9s - Punta Delgada\" src=\"\n\t\t\t\t\t\t\t\t\t\thttps:\/\/letourdumondeen.fr\/wp-content\/gallery\/PtoMadryn\/thumbs\/thumbs_DSCN2279.JPG\t\t\t\t\" \n\t\t\t\t\twidth='120' height='90'\t\t\t\t\/>\n\t\t\t\t\t\t\t<\/a>\n\t\t<\/div>\n\t<\/div>\n\n\t\t\t\t\t\t\t\t\t\n\t\n\t<div id=\"ngg-image-3023\" class=\"ngg-gallery-thumbnail-box\" \n\t\t\t\t\t\t\t\t\t\t>\n\t\t<div class=\"ngg-gallery-thumbnail\" >\n\t\t\t<a href=\"\n\t\t\thttps:\/\/letourdumondeen.fr\/wp-content\/gallery\/PtoMadryn\/DSC_2693.JPG\t\t\t\"\n\t\t\t\ttitle=\"P\u00e9ninsule Vald\u00e9s - Punta Delgada\"\n\t\t\t\tclass=\"ngg-fancybox\" rel=\"d72d5a0e52812696a512a7ff740cae67\" data-image-id=\"3023\" data-src=\"https:\/\/letourdumondeen.fr\/wp-content\/gallery\/PtoMadryn\/DSC_2693.JPG\" data-thumbnail=\"https:\/\/letourdumondeen.fr\/wp-content\/gallery\/PtoMadryn\/thumbs\/thumbs_DSC_2693.JPG\" data-title=\"P\u00e9ninsule Vald\u00e9s - Punta Delgada\" data-description=\"P\u00e9ninsule Vald\u00e9s - Punta Delgada\"\t\t\t\t>\n\t\t\t\t\t\t\t\t<img title=\"P\u00e9ninsule Vald\u00e9s - Punta Delgada\" alt=\"P\u00e9ninsule Vald\u00e9s - Punta Delgada\" src=\"\n\t\t\t\t\t\t\t\t\t\thttps:\/\/letourdumondeen.fr\/wp-content\/gallery\/PtoMadryn\/thumbs\/thumbs_DSC_2693.JPG\t\t\t\t\" \n\t\t\t\t\twidth='120' height='90'\t\t\t\t\/>\n\t\t\t\t\t\t\t<\/a>\n\t\t<\/div>\n\t<\/div>\n\n\t\t\t\t\t\t\t\t\t\n\t\n\t<div id=\"ngg-image-3024\" class=\"ngg-gallery-thumbnail-box\" \n\t\t\t\t\t\t\t\t\t\t>\n\t\t<div class=\"ngg-gallery-thumbnail\" >\n\t\t\t<a href=\"\n\t\t\thttps:\/\/letourdumondeen.fr\/wp-content\/gallery\/PtoMadryn\/DSC_2707.JPG\t\t\t\"\n\t\t\t\ttitle=\"P\u00e9ninsule Vald\u00e9s - Punta Delgada, \u00e9l\u00e9phants de mer\"\n\t\t\t\tclass=\"ngg-fancybox\" rel=\"d72d5a0e52812696a512a7ff740cae67\" data-image-id=\"3024\" data-src=\"https:\/\/letourdumondeen.fr\/wp-content\/gallery\/PtoMadryn\/DSC_2707.JPG\" data-thumbnail=\"https:\/\/letourdumondeen.fr\/wp-content\/gallery\/PtoMadryn\/thumbs\/thumbs_DSC_2707.JPG\" data-title=\"P\u00e9ninsule Vald\u00e9s - Punta Delgada, \u00e9l\u00e9phants de mer\" data-description=\"P\u00e9ninsule Vald\u00e9s - Punta Delgada, \u00e9l\u00e9phants de mer\"\t\t\t\t>\n\t\t\t\t\t\t\t\t<img title=\"P\u00e9ninsule Vald\u00e9s - Punta Delgada, \u00e9l\u00e9phants de mer\" alt=\"P\u00e9ninsule Vald\u00e9s - Punta Delgada, \u00e9l\u00e9phants de mer\" src=\"\n\t\t\t\t\t\t\t\t\t\thttps:\/\/letourdumondeen.fr\/wp-content\/gallery\/PtoMadryn\/thumbs\/thumbs_DSC_2707.JPG\t\t\t\t\" \n\t\t\t\t\twidth='120' height='90'\t\t\t\t\/>\n\t\t\t\t\t\t\t<\/a>\n\t\t<\/div>\n\t<\/div>\n\n\t\t\t\t\t\t\t\t\t\n\t\n\t<div id=\"ngg-image-3026\" class=\"ngg-gallery-thumbnail-box\" \n\t\t\t\t\t\t\t\t\t\t>\n\t\t<div class=\"ngg-gallery-thumbnail\" >\n\t\t\t<a href=\"\n\t\t\thttps:\/\/letourdumondeen.fr\/wp-content\/gallery\/PtoMadryn\/DSC_2740.JPG\t\t\t\"\n\t\t\t\ttitle=\"P\u00e9ninsule de Vald\u00e9s - Punta Piramide, lions de mer\"\n\t\t\t\tclass=\"ngg-fancybox\" rel=\"d72d5a0e52812696a512a7ff740cae67\" data-image-id=\"3026\" data-src=\"https:\/\/letourdumondeen.fr\/wp-content\/gallery\/PtoMadryn\/DSC_2740.JPG\" data-thumbnail=\"https:\/\/letourdumondeen.fr\/wp-content\/gallery\/PtoMadryn\/thumbs\/thumbs_DSC_2740.JPG\" data-title=\"P\u00e9ninsule de Vald\u00e9s - Punta Piramide, lions de mer\" data-description=\"P\u00e9ninsule de Vald\u00e9s - Punta Piramide, lions de mer\"\t\t\t\t>\n\t\t\t\t\t\t\t\t<img title=\"P\u00e9ninsule de Vald\u00e9s - Punta Piramide, lions de mer\" alt=\"P\u00e9ninsule de Vald\u00e9s - Punta Piramide, lions de mer\" src=\"\n\t\t\t\t\t\t\t\t\t\thttps:\/\/letourdumondeen.fr\/wp-content\/gallery\/PtoMadryn\/thumbs\/thumbs_DSC_2740.JPG\t\t\t\t\" \n\t\t\t\t\twidth='120' height='90'\t\t\t\t\/>\n\t\t\t\t\t\t\t<\/a>\n\t\t<\/div>\n\t<\/div>\n\n\t\t\t\t\t\t\t\t\t\n\t\n\t<div id=\"ngg-image-3027\" class=\"ngg-gallery-thumbnail-box\" \n\t\t\t\t\t\t\t\t\t\t>\n\t\t<div class=\"ngg-gallery-thumbnail\" >\n\t\t\t<a href=\"\n\t\t\thttps:\/\/letourdumondeen.fr\/wp-content\/gallery\/PtoMadryn\/DSC_2777.JPG\t\t\t\"\n\t\t\t\ttitle=\"P\u00e9ninsule de Vald\u00e9s - Punta Piramide, lions de mer\"\n\t\t\t\tclass=\"ngg-fancybox\" rel=\"d72d5a0e52812696a512a7ff740cae67\" data-image-id=\"3027\" data-src=\"https:\/\/letourdumondeen.fr\/wp-content\/gallery\/PtoMadryn\/DSC_2777.JPG\" data-thumbnail=\"https:\/\/letourdumondeen.fr\/wp-content\/gallery\/PtoMadryn\/thumbs\/thumbs_DSC_2777.JPG\" data-title=\"P\u00e9ninsule de Vald\u00e9s - Punta Piramide, lions de mer\" data-description=\"P\u00e9ninsule de Vald\u00e9s - Punta Piramide, lions de mer\"\t\t\t\t>\n\t\t\t\t\t\t\t\t<img title=\"P\u00e9ninsule de Vald\u00e9s - Punta Piramide, lions de mer\" alt=\"P\u00e9ninsule de Vald\u00e9s - Punta Piramide, lions de mer\" src=\"\n\t\t\t\t\t\t\t\t\t\thttps:\/\/letourdumondeen.fr\/wp-content\/gallery\/PtoMadryn\/thumbs\/thumbs_DSC_2777.JPG\t\t\t\t\" \n\t\t\t\t\twidth='120' height='90'\t\t\t\t\/>\n\t\t\t\t\t\t\t<\/a>\n\t\t<\/div>\n\t<\/div>\n\n\t\t\t\t\t\t\t\t\t\n\t\n\t<div id=\"ngg-image-3025\" class=\"ngg-gallery-thumbnail-box\" \n\t\t\t\t\t\t\t\t\t\t>\n\t\t<div class=\"ngg-gallery-thumbnail\" >\n\t\t\t<a href=\"\n\t\t\thttps:\/\/letourdumondeen.fr\/wp-content\/gallery\/PtoMadryn\/DSC_2733.JPG\t\t\t\"\n\t\t\t\ttitle=\"P\u00e9ninsule de Vald\u00e9s - Punta Piramide, lions de mer\"\n\t\t\t\tclass=\"ngg-fancybox\" rel=\"d72d5a0e52812696a512a7ff740cae67\" data-image-id=\"3025\" data-src=\"https:\/\/letourdumondeen.fr\/wp-content\/gallery\/PtoMadryn\/DSC_2733.JPG\" data-thumbnail=\"https:\/\/letourdumondeen.fr\/wp-content\/gallery\/PtoMadryn\/thumbs\/thumbs_DSC_2733.JPG\" data-title=\"P\u00e9ninsule de Vald\u00e9s - Punta Piramide, lions de mer\" data-description=\"P\u00e9ninsule de Vald\u00e9s - Punta Piramide, lions de mer\"\t\t\t\t>\n\t\t\t\t\t\t\t\t<img title=\"P\u00e9ninsule de Vald\u00e9s - Punta Piramide, lions de mer\" alt=\"P\u00e9ninsule de Vald\u00e9s - Punta Piramide, lions de mer\" src=\"\n\t\t\t\t\t\t\t\t\t\thttps:\/\/letourdumondeen.fr\/wp-content\/gallery\/PtoMadryn\/thumbs\/thumbs_DSC_2733.JPG\t\t\t\t\" \n\t\t\t\t\twidth='120' height='90'\t\t\t\t\/>\n\t\t\t\t\t\t\t<\/a>\n\t\t<\/div>\n\t<\/div>\n\n\t\t\t\t\t\t\t\t\t\n\t\n\t<div id=\"ngg-image-3028\" class=\"ngg-gallery-thumbnail-box\" \n\t\t\t\t\t\t\t\t\t\t>\n\t\t<div class=\"ngg-gallery-thumbnail\" >\n\t\t\t<a href=\"\n\t\t\thttps:\/\/letourdumondeen.fr\/wp-content\/gallery\/PtoMadryn\/DSC_2796.JPG\t\t\t\"\n\t\t\t\ttitle=\"P\u00e9ninsule Vald\u00e9s - Punta Norte\"\n\t\t\t\tclass=\"ngg-fancybox\" rel=\"d72d5a0e52812696a512a7ff740cae67\" data-image-id=\"3028\" data-src=\"https:\/\/letourdumondeen.fr\/wp-content\/gallery\/PtoMadryn\/DSC_2796.JPG\" data-thumbnail=\"https:\/\/letourdumondeen.fr\/wp-content\/gallery\/PtoMadryn\/thumbs\/thumbs_DSC_2796.JPG\" data-title=\"P\u00e9ninsule Vald\u00e9s - Punta Norte\" data-description=\"P\u00e9ninsule Vald\u00e9s - Punta Norte\"\t\t\t\t>\n\t\t\t\t\t\t\t\t<img title=\"P\u00e9ninsule Vald\u00e9s - Punta Norte\" alt=\"P\u00e9ninsule Vald\u00e9s - Punta Norte\" src=\"\n\t\t\t\t\t\t\t\t\t\thttps:\/\/letourdumondeen.fr\/wp-content\/gallery\/PtoMadryn\/thumbs\/thumbs_DSC_2796.JPG\t\t\t\t\" \n\t\t\t\t\twidth='120' height='90'\t\t\t\t\/>\n\t\t\t\t\t\t\t<\/a>\n\t\t<\/div>\n\t<\/div>\n\n\t\t\t\t\t\t\t\t\t\n\t\n\t<div id=\"ngg-image-3029\" class=\"ngg-gallery-thumbnail-box\" \n\t\t\t\t\t\t\t\t\t\t>\n\t\t<div class=\"ngg-gallery-thumbnail\" >\n\t\t\t<a href=\"\n\t\t\thttps:\/\/letourdumondeen.fr\/wp-content\/gallery\/PtoMadryn\/DSC_2815.JPG\t\t\t\"\n\t\t\t\ttitle=\"P\u00e9ninsule Vald\u00e9s - Paysages\"\n\t\t\t\tclass=\"ngg-fancybox\" rel=\"d72d5a0e52812696a512a7ff740cae67\" data-image-id=\"3029\" data-src=\"https:\/\/letourdumondeen.fr\/wp-content\/gallery\/PtoMadryn\/DSC_2815.JPG\" data-thumbnail=\"https:\/\/letourdumondeen.fr\/wp-content\/gallery\/PtoMadryn\/thumbs\/thumbs_DSC_2815.JPG\" data-title=\"P\u00e9ninsule Vald\u00e9s - Paysages\" data-description=\"P\u00e9ninsule Vald\u00e9s - Paysages\"\t\t\t\t>\n\t\t\t\t\t\t\t\t<img title=\"P\u00e9ninsule Vald\u00e9s - Paysages\" alt=\"P\u00e9ninsule Vald\u00e9s - Paysages\" src=\"\n\t\t\t\t\t\t\t\t\t\thttps:\/\/letourdumondeen.fr\/wp-content\/gallery\/PtoMadryn\/thumbs\/thumbs_DSC_2815.JPG\t\t\t\t\" \n\t\t\t\t\twidth='120' height='90'\t\t\t\t\/>\n\t\t\t\t\t\t\t<\/a>\n\t\t<\/div>\n\t<\/div>\n\n\t\t\t\t\t\t\t\t\t\n\t\n\t<div id=\"ngg-image-3005\" class=\"ngg-gallery-thumbnail-box\" \n\t\t\t\t\t\t\t\t\t\t>\n\t\t<div class=\"ngg-gallery-thumbnail\" >\n\t\t\t<a href=\"\n\t\t\thttps:\/\/letourdumondeen.fr\/wp-content\/gallery\/PtoMadryn\/DSCN2383.JPG\t\t\t\"\n\t\t\t\ttitle=\"P\u00e9ninsule Vald\u00e9s - Caleta Vald\u00e9s\"\n\t\t\t\tclass=\"ngg-fancybox\" rel=\"d72d5a0e52812696a512a7ff740cae67\" data-image-id=\"3005\" data-src=\"https:\/\/letourdumondeen.fr\/wp-content\/gallery\/PtoMadryn\/DSCN2383.JPG\" data-thumbnail=\"https:\/\/letourdumondeen.fr\/wp-content\/gallery\/PtoMadryn\/thumbs\/thumbs_DSCN2383.JPG\" data-title=\"P\u00e9ninsule Vald\u00e9s - Caleta Vald\u00e9s\" data-description=\"P\u00e9ninsule Vald\u00e9s - Caleta Vald\u00e9s\"\t\t\t\t>\n\t\t\t\t\t\t\t\t<img title=\"P\u00e9ninsule Vald\u00e9s - Caleta Vald\u00e9s\" alt=\"P\u00e9ninsule Vald\u00e9s - Caleta Vald\u00e9s\" src=\"\n\t\t\t\t\t\t\t\t\t\thttps:\/\/letourdumondeen.fr\/wp-content\/gallery\/PtoMadryn\/thumbs\/thumbs_DSCN2383.JPG\t\t\t\t\" \n\t\t\t\t\twidth='120' height='90'\t\t\t\t\/>\n\t\t\t\t\t\t\t<\/a>\n\t\t<\/div>\n\t<\/div>\n\n\t\t\t\t\t\t\t\t\t\n\t\n\t<div id=\"ngg-image-3030\" class=\"ngg-gallery-thumbnail-box\" \n\t\t\t\t\t\t\t\t\t\t>\n\t\t<div class=\"ngg-gallery-thumbnail\" >\n\t\t\t<a href=\"\n\t\t\thttps:\/\/letourdumondeen.fr\/wp-content\/gallery\/PtoMadryn\/DSC_2847.JPG\t\t\t\"\n\t\t\t\ttitle=\"P\u00e9ninsule Vald\u00e9s - Punta cantor (les petits points noirs dans l&#039;eau, sur la droite : ce sont les orques)\"\n\t\t\t\tclass=\"ngg-fancybox\" rel=\"d72d5a0e52812696a512a7ff740cae67\" data-image-id=\"3030\" data-src=\"https:\/\/letourdumondeen.fr\/wp-content\/gallery\/PtoMadryn\/DSC_2847.JPG\" data-thumbnail=\"https:\/\/letourdumondeen.fr\/wp-content\/gallery\/PtoMadryn\/thumbs\/thumbs_DSC_2847.JPG\" data-title=\"P\u00e9ninsule Vald\u00e9s - Punta cantor (les petits points noirs dans l&#039;eau, sur la droite : ce sont les orques)\" data-description=\"P\u00e9ninsule Vald\u00e9s - Punta cantor (les petits points noirs dans l&#039;eau, sur la droite : ce sont les orques)\"\t\t\t\t>\n\t\t\t\t\t\t\t\t<img title=\"P\u00e9ninsule Vald\u00e9s - Punta cantor (les petits points noirs dans l&#039;eau, sur la droite : ce sont les orques)\" alt=\"P\u00e9ninsule Vald\u00e9s - Punta cantor (les petits points noirs dans l&#039;eau, sur la droite : ce sont les orques)\" src=\"\n\t\t\t\t\t\t\t\t\t\thttps:\/\/letourdumondeen.fr\/wp-content\/gallery\/PtoMadryn\/thumbs\/thumbs_DSC_2847.JPG\t\t\t\t\" \n\t\t\t\t\twidth='120' height='90'\t\t\t\t\/>\n\t\t\t\t\t\t\t<\/a>\n\t\t<\/div>\n\t<\/div>\n\n\t\t\t\t\t\t\t\t\t\n\t\n\t<div id=\"ngg-image-3031\" class=\"ngg-gallery-thumbnail-box\" \n\t\t\t\t\t\t\t\t\t\t>\n\t\t<div class=\"ngg-gallery-thumbnail\" >\n\t\t\t<a href=\"\n\t\t\thttps:\/\/letourdumondeen.fr\/wp-content\/gallery\/PtoMadryn\/DSC_2864.JPG\t\t\t\"\n\t\t\t\ttitle=\"P\u00e9ninsule Vald\u00e9s - Punta cantor, orques !\"\n\t\t\t\tclass=\"ngg-fancybox\" rel=\"d72d5a0e52812696a512a7ff740cae67\" data-image-id=\"3031\" data-src=\"https:\/\/letourdumondeen.fr\/wp-content\/gallery\/PtoMadryn\/DSC_2864.JPG\" data-thumbnail=\"https:\/\/letourdumondeen.fr\/wp-content\/gallery\/PtoMadryn\/thumbs\/thumbs_DSC_2864.JPG\" data-title=\"P\u00e9ninsule Vald\u00e9s - Punta cantor, orques !\" data-description=\"P\u00e9ninsule Vald\u00e9s - Punta cantor, orques !\"\t\t\t\t>\n\t\t\t\t\t\t\t\t<img title=\"P\u00e9ninsule Vald\u00e9s - Punta cantor, orques !\" alt=\"P\u00e9ninsule Vald\u00e9s - Punta cantor, orques !\" src=\"\n\t\t\t\t\t\t\t\t\t\thttps:\/\/letourdumondeen.fr\/wp-content\/gallery\/PtoMadryn\/thumbs\/thumbs_DSC_2864.JPG\t\t\t\t\" \n\t\t\t\t\twidth='120' height='90'\t\t\t\t\/>\n\t\t\t\t\t\t\t<\/a>\n\t\t<\/div>\n\t<\/div>\n\n\t\t\t\t\t\t\t\t\t\n\t\n\t<div id=\"ngg-image-3032\" class=\"ngg-gallery-thumbnail-box\" \n\t\t\t\t\t\t\t\t\t\t>\n\t\t<div class=\"ngg-gallery-thumbnail\" >\n\t\t\t<a href=\"\n\t\t\thttps:\/\/letourdumondeen.fr\/wp-content\/gallery\/PtoMadryn\/DSC_2869.JPG\t\t\t\"\n\t\t\t\ttitle=\"P\u00e9ninsule Vald\u00e9s - Punta cantor\"\n\t\t\t\tclass=\"ngg-fancybox\" rel=\"d72d5a0e52812696a512a7ff740cae67\" data-image-id=\"3032\" data-src=\"https:\/\/letourdumondeen.fr\/wp-content\/gallery\/PtoMadryn\/DSC_2869.JPG\" data-thumbnail=\"https:\/\/letourdumondeen.fr\/wp-content\/gallery\/PtoMadryn\/thumbs\/thumbs_DSC_2869.JPG\" data-title=\"P\u00e9ninsule Vald\u00e9s - Punta cantor\" data-description=\"P\u00e9ninsule Vald\u00e9s - Punta cantor\"\t\t\t\t>\n\t\t\t\t\t\t\t\t<img title=\"P\u00e9ninsule Vald\u00e9s - Punta cantor\" alt=\"P\u00e9ninsule Vald\u00e9s - Punta cantor\" src=\"\n\t\t\t\t\t\t\t\t\t\thttps:\/\/letourdumondeen.fr\/wp-content\/gallery\/PtoMadryn\/thumbs\/thumbs_DSC_2869.JPG\t\t\t\t\" \n\t\t\t\t\twidth='120' height='90'\t\t\t\t\/>\n\t\t\t\t\t\t\t<\/a>\n\t\t<\/div>\n\t<\/div>\n\n\t\t\t\t\t\t\t\t\t\n\t\n\t<div id=\"ngg-image-3033\" class=\"ngg-gallery-thumbnail-box\" \n\t\t\t\t\t\t\t\t\t\t>\n\t\t<div class=\"ngg-gallery-thumbnail\" >\n\t\t\t<a href=\"\n\t\t\thttps:\/\/letourdumondeen.fr\/wp-content\/gallery\/PtoMadryn\/DSC_2901.JPG\t\t\t\"\n\t\t\t\ttitle=\"P\u00e9ninsule Vald\u00e9s - Punta cantor\"\n\t\t\t\tclass=\"ngg-fancybox\" rel=\"d72d5a0e52812696a512a7ff740cae67\" data-image-id=\"3033\" data-src=\"https:\/\/letourdumondeen.fr\/wp-content\/gallery\/PtoMadryn\/DSC_2901.JPG\" data-thumbnail=\"https:\/\/letourdumondeen.fr\/wp-content\/gallery\/PtoMadryn\/thumbs\/thumbs_DSC_2901.JPG\" data-title=\"P\u00e9ninsule Vald\u00e9s - Punta cantor\" data-description=\"P\u00e9ninsule Vald\u00e9s - Punta cantor\"\t\t\t\t>\n\t\t\t\t\t\t\t\t<img title=\"P\u00e9ninsule Vald\u00e9s - Punta cantor\" alt=\"P\u00e9ninsule Vald\u00e9s - Punta cantor\" src=\"\n\t\t\t\t\t\t\t\t\t\thttps:\/\/letourdumondeen.fr\/wp-content\/gallery\/PtoMadryn\/thumbs\/thumbs_DSC_2901.JPG\t\t\t\t\" \n\t\t\t\t\twidth='120' height='90'\t\t\t\t\/>\n\t\t\t\t\t\t\t<\/a>\n\t\t<\/div>\n\t<\/div>\n\n\t\t\t\t\t\t\t\t\t\n\t\n\t<div id=\"ngg-image-3004\" class=\"ngg-gallery-thumbnail-box\" \n\t\t\t\t\t\t\t\t\t\t>\n\t\t<div class=\"ngg-gallery-thumbnail\" >\n\t\t\t<a href=\"\n\t\t\thttps:\/\/letourdumondeen.fr\/wp-content\/gallery\/PtoMadryn\/DSCN2379.JPG\t\t\t\"\n\t\t\t\ttitle=\"Super contents !\"\n\t\t\t\tclass=\"ngg-fancybox\" rel=\"d72d5a0e52812696a512a7ff740cae67\" data-image-id=\"3004\" data-src=\"https:\/\/letourdumondeen.fr\/wp-content\/gallery\/PtoMadryn\/DSCN2379.JPG\" data-thumbnail=\"https:\/\/letourdumondeen.fr\/wp-content\/gallery\/PtoMadryn\/thumbs\/thumbs_DSCN2379.JPG\" data-title=\"Super contents !\" data-description=\"Super contents !\"\t\t\t\t>\n\t\t\t\t\t\t\t\t<img title=\"Super contents !\" alt=\"Super contents !\" src=\"\n\t\t\t\t\t\t\t\t\t\thttps:\/\/letourdumondeen.fr\/wp-content\/gallery\/PtoMadryn\/thumbs\/thumbs_DSCN2379.JPG\t\t\t\t\" \n\t\t\t\t\twidth='120' height='90'\t\t\t\t\/>\n\t\t\t\t\t\t\t<\/a>\n\t\t<\/div>\n\t<\/div>\n\n\t\t\t\t\t\t\t\t\t\n\t\n\t<div id=\"ngg-image-3006\" class=\"ngg-gallery-thumbnail-box\" \n\t\t\t\t\t\t\t\t\t\t>\n\t\t<div class=\"ngg-gallery-thumbnail\" >\n\t\t\t<a href=\"\n\t\t\thttps:\/\/letourdumondeen.fr\/wp-content\/gallery\/PtoMadryn\/DSCN2388.JPG\t\t\t\"\n\t\t\t\ttitle=\"P\u00e9ninsule Vald\u00e9s - Paysages\"\n\t\t\t\tclass=\"ngg-fancybox\" rel=\"d72d5a0e52812696a512a7ff740cae67\" data-image-id=\"3006\" data-src=\"https:\/\/letourdumondeen.fr\/wp-content\/gallery\/PtoMadryn\/DSCN2388.JPG\" data-thumbnail=\"https:\/\/letourdumondeen.fr\/wp-content\/gallery\/PtoMadryn\/thumbs\/thumbs_DSCN2388.JPG\" data-title=\"P\u00e9ninsule Vald\u00e9s - Paysages\" data-description=\"P\u00e9ninsule Vald\u00e9s - Paysages\"\t\t\t\t>\n\t\t\t\t\t\t\t\t<img title=\"P\u00e9ninsule Vald\u00e9s - Paysages\" alt=\"P\u00e9ninsule Vald\u00e9s - Paysages\" src=\"\n\t\t\t\t\t\t\t\t\t\thttps:\/\/letourdumondeen.fr\/wp-content\/gallery\/PtoMadryn\/thumbs\/thumbs_DSCN2388.JPG\t\t\t\t\" \n\t\t\t\t\twidth='120' height='90'\t\t\t\t\/>\n\t\t\t\t\t\t\t<\/a>\n\t\t<\/div>\n\t<\/div>\n\n\t\t\t\t\t\t\t\t\t\n\t\n\t<div id=\"ngg-image-3007\" class=\"ngg-gallery-thumbnail-box\" \n\t\t\t\t\t\t\t\t\t\t>\n\t\t<div class=\"ngg-gallery-thumbnail\" >\n\t\t\t<a href=\"\n\t\t\thttps:\/\/letourdumondeen.fr\/wp-content\/gallery\/PtoMadryn\/DSCN2392.JPG\t\t\t\"\n\t\t\t\ttitle=\"P\u00e9ninsule Vald\u00e9s - Tatou fuyant\"\n\t\t\t\tclass=\"ngg-fancybox\" rel=\"d72d5a0e52812696a512a7ff740cae67\" data-image-id=\"3007\" data-src=\"https:\/\/letourdumondeen.fr\/wp-content\/gallery\/PtoMadryn\/DSCN2392.JPG\" data-thumbnail=\"https:\/\/letourdumondeen.fr\/wp-content\/gallery\/PtoMadryn\/thumbs\/thumbs_DSCN2392.JPG\" data-title=\"P\u00e9ninsule Vald\u00e9s - Tatou fuyant\" data-description=\"P\u00e9ninsule Vald\u00e9s - Tatou fuyant\"\t\t\t\t>\n\t\t\t\t\t\t\t\t<img title=\"P\u00e9ninsule Vald\u00e9s - Tatou fuyant\" alt=\"P\u00e9ninsule Vald\u00e9s - Tatou fuyant\" src=\"\n\t\t\t\t\t\t\t\t\t\thttps:\/\/letourdumondeen.fr\/wp-content\/gallery\/PtoMadryn\/thumbs\/thumbs_DSCN2392.JPG\t\t\t\t\" \n\t\t\t\t\twidth='120' height='90'\t\t\t\t\/>\n\t\t\t\t\t\t\t<\/a>\n\t\t<\/div>\n\t<\/div>\n\n\t\t\t\t\t\t\t\t\t\n\t\n\t<!-- Pagination -->\n\t\t<div class='ngg-clear'><\/div>\n<\/div>\n\n\t<\/p>\n","protected":false},"excerpt":{"rendered":"<p>Pour observer les animaux sauvages dans leur espace naturel, il y a une part de chance\u00a0: \u00eatre au bon endroit, au bon moment, tout en ayant les conditions climatiques les plus propices.Nous en avions fait les frais au N\u00e9pal\u00a0: nous<\/p>\n","protected":false},"author":2,"featured_media":8088,"comment_status":"open","ping_status":"open","sticky":false,"template":"","format":"standard","meta":{"ngg_post_thumbnail":0,"footnotes":"","_links_to":"","_links_to_target":""},"categories":[4,20],"tags":[],"class_list":["post-8000","post","type-post","status-publish","format-standard","has-post-thumbnail","hentry","category-amerique-du-sud","category-argentina"],"_links":{"self":[{"href":"https:\/\/letourdumondeen.fr\/index.php?rest_route=\/wp\/v2\/posts\/8000","targetHints":{"allow":["GET"]}}],"collection":[{"href":"https:\/\/letourdumondeen.fr\/index.php?rest_route=\/wp\/v2\/posts"}],"about":[{"href":"https:\/\/letourdumondeen.fr\/index.php?rest_route=\/wp\/v2\/types\/post"}],"author":[{"embeddable":true,"href":"https:\/\/letourdumondeen.fr\/index.php?rest_route=\/wp\/v2\/users\/2"}],"replies":[{"embeddable":true,"href":"https:\/\/letourdumondeen.fr\/index.php?rest_route=%2Fwp%2Fv2%2Fcomments&post=8000"}],"version-history":[{"count":7,"href":"https:\/\/letourdumondeen.fr\/index.php?rest_route=\/wp\/v2\/posts\/8000\/revisions"}],"predecessor-version":[{"id":8089,"href":"https:\/\/letourdumondeen.fr\/index.php?rest_route=\/wp\/v2\/posts\/8000\/revisions\/8089"}],"wp:featuredmedia":[{"embeddable":true,"href":"https:\/\/letourdumondeen.fr\/index.php?rest_route=\/wp\/v2\/media\/8088"}],"wp:attachment":[{"href":"https:\/\/letourdumondeen.fr\/index.php?rest_route=%2Fwp%2Fv2%2Fmedia&parent=8000"}],"wp:term":[{"taxonomy":"category","embeddable":true,"href":"https:\/\/letourdumondeen.fr\/index.php?rest_route=%2Fwp%2Fv2%2Fcategories&post=8000"},{"taxonomy":"post_tag","embeddable":true,"href":"https:\/\/letourdumondeen.fr\/index.php?rest_route=%2Fwp%2Fv2%2Ftags&post=8000"}],"curies":[{"name":"wp","href":"https:\/\/api.w.org\/{rel}","templated":true}]}}