{"id":7791,"date":"2015-09-19T18:21:19","date_gmt":"2015-09-19T17:21:19","guid":{"rendered":"https:\/\/letourdumondeen.fr\/?p=7791"},"modified":"2015-09-19T18:21:19","modified_gmt":"2015-09-19T17:21:19","slug":"perdidos-en-la-maravillosa-carretera-austral","status":"publish","type":"post","link":"https:\/\/letourdumondeen.fr\/?p=7791","title":{"rendered":"Perdidos en la maravillosa Carretera Austral"},"content":{"rendered":"<p>Nous voici en Patagonie\u00a0! Plus pr\u00e9cis\u00e9ment, au nord de la Patagonie chilienne, dans la r\u00e9gion de la <strong>Carretera Austral<\/strong>, du nom de la route qui la traverse. Une r\u00e9gion extraordinaire, aux paysages somptueux, o\u00f9 l&rsquo;hiver embellit les montagnes, cr\u00e9ant des panoramas \u00e0 couper le souffle. Un endroit d&rsquo;autant plus exceptionnel que nous sommes seuls. Les seuls touristes \u00e9trangers \u00e0 braver les vents froids, parfois la neige, ainsi que le service minimum de transport pour venir admirer la nature ici.<\/p>\n<h5><!--more-->Coyhaique<\/h5><p>Fra\u00eechement d\u00e9barqu\u00e9s \u00e0 8h du matin \u00e0 Puerto Chacabuco, nous ne tra\u00eenons pas et rejoignons tout de suite la ville principale de la r\u00e9gion\u00a0: Coyhaique. Ici, nous prenons bonne note des recommandations de l&rsquo;office du tourisme pour guider le choix de nos prochaines \u00e9tapes (recommandations pas toujours pertinentes comme nous l&rsquo;apprendrons \u00e0 nos d\u00e9pens plus tard) et faisons le plein de chilean pesos car il n&rsquo;y a plus de banque internationale plus loin, nous dit-on.<\/p>\n<h5>Puerto Rio Tranquilo<\/h5><p>4h de bus plus tard, nous arrivons \u00e0 Puerto Rio Tranquilo, un petit village install\u00e9 au bord du lago General Carrera, un lac immense qui constitue la premi\u00e8re r\u00e9serve d&rsquo;eau douce du Chili. Cet endroit est tellement charmant que nous nous payons, pour une fois, un logement pour nous tout seuls, une petite \u00ab\u00a0cabanas\u00a0\u00bb, genre de petit chalet chauff\u00e9 au po\u00eale, pour se reposer et y aller tranquilo \ud83d\ude42 . Le village est le point d&rsquo;acc\u00e8s de deux sites surprenants \u00e0 d\u00e9couvrir\u00a0: le glacier de Los Exploradores, o\u00f9 nous faisons une randonn\u00e9e incroyable avec notre guide Martin et les grottes de marbre du lac que nous d\u00e9couvrons en bateau.<\/p>\n<h5>Cochrane<\/h5><p>Il faut encore 2h de bus pour rejoindre la petite ville de Cochrane, plus au sud. Ici, nous visitons la r\u00e9serve de Tamango qui offre des paysages divers et vari\u00e9s, mais soumise \u00e0 des vents forts et froids, qui nous obligent \u00e0 rester constamment en mouvement pour les supporter.<\/p><p>Depuis Cochrane, nous \u00e9tions suppos\u00e9s prendre une route directe pour aller jusqu&rsquo;\u00e0 la ville frontali\u00e8re de Chile Chico, notre derni\u00e8re \u00e9tape au Chili. C&rsquo;\u00e9tait le plan. C&rsquo;\u00e9tait aussi sans tenir compte de la fr\u00e9quence seulement hebdomadaire du bus en basse saison. Nous voil\u00e0 donc contraints de repenser notre avanc\u00e9e. Au lieu d&rsquo;un trajet simple de 5h, notre plan B comporte un retour en arri\u00e8re en bus en 5h + de l&rsquo;auto stop + 2h30 de ferry pour traverser le lac et une arriv\u00e9e tardive \u00e0 destination.<\/p>\n<h5>Chile Chico<\/h5><p>A Chile Chico, apr\u00e8s une visite rapide de la ville, nous finissons notre journ\u00e9e en faisant des allers-retours entre la banque et le bureau de change\u00a0! Ayant r\u00e9ussi \u00e0 faire des paiements en carte bleue et \u00e0 d\u00e9penser moins que pr\u00e9vu, nous voil\u00e0 encore avec beaucoup de monnaie sur les bras. En allant faire de l&rsquo;\u00e9change pesos chiliens\/argentins, nous nous rendons compte \u00e0 quel point le taux de conversion est avantageux pour nous. Nous tentons notre chance \u00e0 la banque locale, qui finalement veut bien de notre visa, pour avoir davantage \u00e0 changer. On se garde quand m\u00eame quelques billets locaux pour se payer un dernier bon d\u00e9jeuner chilien, avant de passer la fronti\u00e8re, direction l&rsquo;Argentine\u00a0!<\/p><p>\n<div class=\"ngg-galleryoverview\" id=\"ngg-gallery-44785556f994e07941cd6f1219a452a2-7791\">\n\n\t\t\n\t<!-- Thumbnails -->\n\t\t\t\t\n\t<div id=\"ngg-image-2917\" class=\"ngg-gallery-thumbnail-box\" \n\t\t\t\t\t\t\t\t\t\t>\n\t\t<div class=\"ngg-gallery-thumbnail\" >\n\t\t\t<a href=\"\n\t\t\thttps:\/\/letourdumondeen.fr\/wp-content\/gallery\/Carretera%20Austral\/DSCN1454.JPG\t\t\t\"\n\t\t\t\ttitle=\"Coyhaique - Il a neig\u00e9 cette nuit !\"\n\t\t\t\tclass=\"ngg-fancybox\" rel=\"44785556f994e07941cd6f1219a452a2\" data-image-id=\"2917\" data-src=\"https:\/\/letourdumondeen.fr\/wp-content\/gallery\/Carretera%20Austral\/DSCN1454.JPG\" data-thumbnail=\"https:\/\/letourdumondeen.fr\/wp-content\/gallery\/Carretera%20Austral\/thumbs\/thumbs_DSCN1454.JPG\" data-title=\"Coyhaique - Il a neig\u00e9 cette nuit !\" data-description=\"Coyhaique - Il a neig\u00e9 cette nuit !\"\t\t\t\t>\n\t\t\t\t\t\t\t\t<img title=\"Coyhaique - Il a neig\u00e9 cette nuit !\" alt=\"Coyhaique - Il a neig\u00e9 cette nuit !\" src=\"\n\t\t\t\t\t\t\t\t\t\thttps:\/\/letourdumondeen.fr\/wp-content\/gallery\/Carretera%20Austral\/thumbs\/thumbs_DSCN1454.JPG\t\t\t\t\" \n\t\t\t\t\twidth='120' height='90'\t\t\t\t\/>\n\t\t\t\t\t\t\t<\/a>\n\t\t<\/div>\n\t<\/div>\n\n\t\t\t\t\t\t\t\t\t\n\t\n\t<div id=\"ngg-image-2918\" class=\"ngg-gallery-thumbnail-box\" \n\t\t\t\t\t\t\t\t\t\t>\n\t\t<div class=\"ngg-gallery-thumbnail\" >\n\t\t\t<a href=\"\n\t\t\thttps:\/\/letourdumondeen.fr\/wp-content\/gallery\/Carretera%20Austral\/DSCN1470.JPG\t\t\t\"\n\t\t\t\ttitle=\"Coyhaique\"\n\t\t\t\tclass=\"ngg-fancybox\" rel=\"44785556f994e07941cd6f1219a452a2\" data-image-id=\"2918\" data-src=\"https:\/\/letourdumondeen.fr\/wp-content\/gallery\/Carretera%20Austral\/DSCN1470.JPG\" data-thumbnail=\"https:\/\/letourdumondeen.fr\/wp-content\/gallery\/Carretera%20Austral\/thumbs\/thumbs_DSCN1470.JPG\" data-title=\"Coyhaique\" data-description=\"Coyhaique\"\t\t\t\t>\n\t\t\t\t\t\t\t\t<img title=\"Coyhaique\" alt=\"Coyhaique\" src=\"\n\t\t\t\t\t\t\t\t\t\thttps:\/\/letourdumondeen.fr\/wp-content\/gallery\/Carretera%20Austral\/thumbs\/thumbs_DSCN1470.JPG\t\t\t\t\" \n\t\t\t\t\twidth='120' height='90'\t\t\t\t\/>\n\t\t\t\t\t\t\t<\/a>\n\t\t<\/div>\n\t<\/div>\n\n\t\t\t\t\t\t\t\t\t\n\t\n\t<div id=\"ngg-image-2919\" class=\"ngg-gallery-thumbnail-box\" \n\t\t\t\t\t\t\t\t\t\t>\n\t\t<div class=\"ngg-gallery-thumbnail\" >\n\t\t\t<a href=\"\n\t\t\thttps:\/\/letourdumondeen.fr\/wp-content\/gallery\/Carretera%20Austral\/DSCN1480.JPG\t\t\t\"\n\t\t\t\ttitle=\"Coyhaique - Monument du mat\u00e9\"\n\t\t\t\tclass=\"ngg-fancybox\" rel=\"44785556f994e07941cd6f1219a452a2\" data-image-id=\"2919\" data-src=\"https:\/\/letourdumondeen.fr\/wp-content\/gallery\/Carretera%20Austral\/DSCN1480.JPG\" data-thumbnail=\"https:\/\/letourdumondeen.fr\/wp-content\/gallery\/Carretera%20Austral\/thumbs\/thumbs_DSCN1480.JPG\" data-title=\"Coyhaique - Monument du mat\u00e9\" data-description=\"Coyhaique - Monument du mat\u00e9\"\t\t\t\t>\n\t\t\t\t\t\t\t\t<img title=\"Coyhaique - Monument du mat\u00e9\" alt=\"Coyhaique - Monument du mat\u00e9\" src=\"\n\t\t\t\t\t\t\t\t\t\thttps:\/\/letourdumondeen.fr\/wp-content\/gallery\/Carretera%20Austral\/thumbs\/thumbs_DSCN1480.JPG\t\t\t\t\" \n\t\t\t\t\twidth='120' height='90'\t\t\t\t\/>\n\t\t\t\t\t\t\t<\/a>\n\t\t<\/div>\n\t<\/div>\n\n\t\t\t\t\t\t\t\t\t\n\t\n\t<div id=\"ngg-image-2920\" class=\"ngg-gallery-thumbnail-box\" \n\t\t\t\t\t\t\t\t\t\t>\n\t\t<div class=\"ngg-gallery-thumbnail\" >\n\t\t\t<a href=\"\n\t\t\thttps:\/\/letourdumondeen.fr\/wp-content\/gallery\/Carretera%20Austral\/DSCN1487.JPG\t\t\t\"\n\t\t\t\ttitle=\"Paysage sur la route Carretera Austral, entre Coyhaique et Puerto Rio Tranquilo\"\n\t\t\t\tclass=\"ngg-fancybox\" rel=\"44785556f994e07941cd6f1219a452a2\" data-image-id=\"2920\" data-src=\"https:\/\/letourdumondeen.fr\/wp-content\/gallery\/Carretera%20Austral\/DSCN1487.JPG\" data-thumbnail=\"https:\/\/letourdumondeen.fr\/wp-content\/gallery\/Carretera%20Austral\/thumbs\/thumbs_DSCN1487.JPG\" data-title=\"Paysage sur la route Carretera Austral, entre Coyhaique et Puerto Rio Tranquilo\" data-description=\"Paysage sur la route Carretera Austral, entre Coyhaique et Puerto Rio Tranquilo\"\t\t\t\t>\n\t\t\t\t\t\t\t\t<img title=\"Paysage sur la route Carretera Austral, entre Coyhaique et Puerto Rio Tranquilo\" alt=\"Paysage sur la route Carretera Austral, entre Coyhaique et Puerto Rio Tranquilo\" src=\"\n\t\t\t\t\t\t\t\t\t\thttps:\/\/letourdumondeen.fr\/wp-content\/gallery\/Carretera%20Austral\/thumbs\/thumbs_DSCN1487.JPG\t\t\t\t\" \n\t\t\t\t\twidth='120' height='90'\t\t\t\t\/>\n\t\t\t\t\t\t\t<\/a>\n\t\t<\/div>\n\t<\/div>\n\n\t\t\t\t\t\t\t\t\t\n\t\n\t<div id=\"ngg-image-2921\" class=\"ngg-gallery-thumbnail-box\" \n\t\t\t\t\t\t\t\t\t\t>\n\t\t<div class=\"ngg-gallery-thumbnail\" >\n\t\t\t<a href=\"\n\t\t\thttps:\/\/letourdumondeen.fr\/wp-content\/gallery\/Carretera%20Austral\/DSCN1497.JPG\t\t\t\"\n\t\t\t\ttitle=\"Paysage sur la route Carretera Austral, entre Coyhaique et Puerto Rio Tranquilo\"\n\t\t\t\tclass=\"ngg-fancybox\" rel=\"44785556f994e07941cd6f1219a452a2\" data-image-id=\"2921\" data-src=\"https:\/\/letourdumondeen.fr\/wp-content\/gallery\/Carretera%20Austral\/DSCN1497.JPG\" data-thumbnail=\"https:\/\/letourdumondeen.fr\/wp-content\/gallery\/Carretera%20Austral\/thumbs\/thumbs_DSCN1497.JPG\" data-title=\"Paysage sur la route Carretera Austral, entre Coyhaique et Puerto Rio Tranquilo\" data-description=\"Paysage sur la route Carretera Austral, entre Coyhaique et Puerto Rio Tranquilo\"\t\t\t\t>\n\t\t\t\t\t\t\t\t<img title=\"Paysage sur la route Carretera Austral, entre Coyhaique et Puerto Rio Tranquilo\" alt=\"Paysage sur la route Carretera Austral, entre Coyhaique et Puerto Rio Tranquilo\" src=\"\n\t\t\t\t\t\t\t\t\t\thttps:\/\/letourdumondeen.fr\/wp-content\/gallery\/Carretera%20Austral\/thumbs\/thumbs_DSCN1497.JPG\t\t\t\t\" \n\t\t\t\t\twidth='120' height='90'\t\t\t\t\/>\n\t\t\t\t\t\t\t<\/a>\n\t\t<\/div>\n\t<\/div>\n\n\t\t\t\t\t\t\t\t\t\n\t\n\t<div id=\"ngg-image-2946\" class=\"ngg-gallery-thumbnail-box\" \n\t\t\t\t\t\t\t\t\t\t>\n\t\t<div class=\"ngg-gallery-thumbnail\" >\n\t\t\t<a href=\"\n\t\t\thttps:\/\/letourdumondeen.fr\/wp-content\/gallery\/Carretera%20Austral\/DSC_1008.JPG\t\t\t\"\n\t\t\t\ttitle=\"Puerto Rio Tranquilo - Lago General Carrera\"\n\t\t\t\tclass=\"ngg-fancybox\" rel=\"44785556f994e07941cd6f1219a452a2\" data-image-id=\"2946\" data-src=\"https:\/\/letourdumondeen.fr\/wp-content\/gallery\/Carretera%20Austral\/DSC_1008.JPG\" data-thumbnail=\"https:\/\/letourdumondeen.fr\/wp-content\/gallery\/Carretera%20Austral\/thumbs\/thumbs_DSC_1008.JPG\" data-title=\"Puerto Rio Tranquilo - Lago General Carrera\" data-description=\"Puerto Rio Tranquilo - Lago General Carrera\"\t\t\t\t>\n\t\t\t\t\t\t\t\t<img title=\"Puerto Rio Tranquilo - Lago General Carrera\" alt=\"Puerto Rio Tranquilo - Lago General Carrera\" src=\"\n\t\t\t\t\t\t\t\t\t\thttps:\/\/letourdumondeen.fr\/wp-content\/gallery\/Carretera%20Austral\/thumbs\/thumbs_DSC_1008.JPG\t\t\t\t\" \n\t\t\t\t\twidth='120' height='90'\t\t\t\t\/>\n\t\t\t\t\t\t\t<\/a>\n\t\t<\/div>\n\t<\/div>\n\n\t\t\t\t\t\t\t\t\t\n\t\n\t<div id=\"ngg-image-2937\" class=\"ngg-gallery-thumbnail-box\" \n\t\t\t\t\t\t\t\t\t\t>\n\t\t<div class=\"ngg-gallery-thumbnail\" >\n\t\t\t<a href=\"\n\t\t\thttps:\/\/letourdumondeen.fr\/wp-content\/gallery\/Carretera%20Austral\/DSCN1741.JPG\t\t\t\"\n\t\t\t\ttitle=\"La Carretera Austral qui passe devant Puerto Rio Tranquilo\"\n\t\t\t\tclass=\"ngg-fancybox\" rel=\"44785556f994e07941cd6f1219a452a2\" data-image-id=\"2937\" data-src=\"https:\/\/letourdumondeen.fr\/wp-content\/gallery\/Carretera%20Austral\/DSCN1741.JPG\" data-thumbnail=\"https:\/\/letourdumondeen.fr\/wp-content\/gallery\/Carretera%20Austral\/thumbs\/thumbs_DSCN1741.JPG\" data-title=\"La Carretera Austral qui passe devant Puerto Rio Tranquilo\" data-description=\"La Carretera Austral qui passe devant Puerto Rio Tranquilo\"\t\t\t\t>\n\t\t\t\t\t\t\t\t<img title=\"La Carretera Austral qui passe devant Puerto Rio Tranquilo\" alt=\"La Carretera Austral qui passe devant Puerto Rio Tranquilo\" src=\"\n\t\t\t\t\t\t\t\t\t\thttps:\/\/letourdumondeen.fr\/wp-content\/gallery\/Carretera%20Austral\/thumbs\/thumbs_DSCN1741.JPG\t\t\t\t\" \n\t\t\t\t\twidth='120' height='90'\t\t\t\t\/>\n\t\t\t\t\t\t\t<\/a>\n\t\t<\/div>\n\t<\/div>\n\n\t\t\t\t\t\t\t\t\t\n\t\n\t<div id=\"ngg-image-2923\" class=\"ngg-gallery-thumbnail-box\" \n\t\t\t\t\t\t\t\t\t\t>\n\t\t<div class=\"ngg-gallery-thumbnail\" >\n\t\t\t<a href=\"\n\t\t\thttps:\/\/letourdumondeen.fr\/wp-content\/gallery\/Carretera%20Austral\/DSCN1507.JPG\t\t\t\"\n\t\t\t\ttitle=\"La cabana\"\n\t\t\t\tclass=\"ngg-fancybox\" rel=\"44785556f994e07941cd6f1219a452a2\" data-image-id=\"2923\" data-src=\"https:\/\/letourdumondeen.fr\/wp-content\/gallery\/Carretera%20Austral\/DSCN1507.JPG\" data-thumbnail=\"https:\/\/letourdumondeen.fr\/wp-content\/gallery\/Carretera%20Austral\/thumbs\/thumbs_DSCN1507.JPG\" data-title=\"La cabana\" data-description=\"La cabana\"\t\t\t\t>\n\t\t\t\t\t\t\t\t<img title=\"La cabana\" alt=\"La cabana\" src=\"\n\t\t\t\t\t\t\t\t\t\thttps:\/\/letourdumondeen.fr\/wp-content\/gallery\/Carretera%20Austral\/thumbs\/thumbs_DSCN1507.JPG\t\t\t\t\" \n\t\t\t\t\twidth='120' height='90'\t\t\t\t\/>\n\t\t\t\t\t\t\t<\/a>\n\t\t<\/div>\n\t<\/div>\n\n\t\t\t\t\t\t\t\t\t\n\t\n\t<div id=\"ngg-image-2956\" class=\"ngg-gallery-thumbnail-box\" \n\t\t\t\t\t\t\t\t\t\t>\n\t\t<div class=\"ngg-gallery-thumbnail\" >\n\t\t\t<a href=\"\n\t\t\thttps:\/\/letourdumondeen.fr\/wp-content\/gallery\/Carretera%20Austral\/DSC_1380.JPG\t\t\t\"\n\t\t\t\ttitle=\"Vue sur Puerto Rio Tranquilo et son lac\"\n\t\t\t\tclass=\"ngg-fancybox\" rel=\"44785556f994e07941cd6f1219a452a2\" data-image-id=\"2956\" data-src=\"https:\/\/letourdumondeen.fr\/wp-content\/gallery\/Carretera%20Austral\/DSC_1380.JPG\" data-thumbnail=\"https:\/\/letourdumondeen.fr\/wp-content\/gallery\/Carretera%20Austral\/thumbs\/thumbs_DSC_1380.JPG\" data-title=\"Vue sur Puerto Rio Tranquilo et son lac\" data-description=\"Vue sur Puerto Rio Tranquilo et son lac\"\t\t\t\t>\n\t\t\t\t\t\t\t\t<img title=\"Vue sur Puerto Rio Tranquilo et son lac\" alt=\"Vue sur Puerto Rio Tranquilo et son lac\" src=\"\n\t\t\t\t\t\t\t\t\t\thttps:\/\/letourdumondeen.fr\/wp-content\/gallery\/Carretera%20Austral\/thumbs\/thumbs_DSC_1380.JPG\t\t\t\t\" \n\t\t\t\t\twidth='120' height='90'\t\t\t\t\/>\n\t\t\t\t\t\t\t<\/a>\n\t\t<\/div>\n\t<\/div>\n\n\t\t\t\t\t\t\t\t\t\n\t\n\t<div id=\"ngg-image-2955\" class=\"ngg-gallery-thumbnail-box\" \n\t\t\t\t\t\t\t\t\t\t>\n\t\t<div class=\"ngg-gallery-thumbnail\" >\n\t\t\t<a href=\"\n\t\t\thttps:\/\/letourdumondeen.fr\/wp-content\/gallery\/Carretera%20Austral\/DSC_1367.JPG\t\t\t\"\n\t\t\t\ttitle=\"Puerto Rio Tranquilo - Lago General Carrera et montagnes\"\n\t\t\t\tclass=\"ngg-fancybox\" rel=\"44785556f994e07941cd6f1219a452a2\" data-image-id=\"2955\" data-src=\"https:\/\/letourdumondeen.fr\/wp-content\/gallery\/Carretera%20Austral\/DSC_1367.JPG\" data-thumbnail=\"https:\/\/letourdumondeen.fr\/wp-content\/gallery\/Carretera%20Austral\/thumbs\/thumbs_DSC_1367.JPG\" data-title=\"Puerto Rio Tranquilo - Lago General Carrera et montagnes\" data-description=\"Puerto Rio Tranquilo - Lago General Carrera et montagnes\"\t\t\t\t>\n\t\t\t\t\t\t\t\t<img title=\"Puerto Rio Tranquilo - Lago General Carrera et montagnes\" alt=\"Puerto Rio Tranquilo - Lago General Carrera et montagnes\" src=\"\n\t\t\t\t\t\t\t\t\t\thttps:\/\/letourdumondeen.fr\/wp-content\/gallery\/Carretera%20Austral\/thumbs\/thumbs_DSC_1367.JPG\t\t\t\t\" \n\t\t\t\t\twidth='120' height='90'\t\t\t\t\/>\n\t\t\t\t\t\t\t<\/a>\n\t\t<\/div>\n\t<\/div>\n\n\t\t\t\t\t\t\t\t\t\n\t\n\t<div id=\"ngg-image-2924\" class=\"ngg-gallery-thumbnail-box\" \n\t\t\t\t\t\t\t\t\t\t>\n\t\t<div class=\"ngg-gallery-thumbnail\" >\n\t\t\t<a href=\"\n\t\t\thttps:\/\/letourdumondeen.fr\/wp-content\/gallery\/Carretera%20Austral\/DSCN1514.JPG\t\t\t\"\n\t\t\t\ttitle=\"Excursion sur le glacier Los Exploradores - sur la route\"\n\t\t\t\tclass=\"ngg-fancybox\" rel=\"44785556f994e07941cd6f1219a452a2\" data-image-id=\"2924\" data-src=\"https:\/\/letourdumondeen.fr\/wp-content\/gallery\/Carretera%20Austral\/DSCN1514.JPG\" data-thumbnail=\"https:\/\/letourdumondeen.fr\/wp-content\/gallery\/Carretera%20Austral\/thumbs\/thumbs_DSCN1514.JPG\" data-title=\"Excursion sur le glacier Los Exploradores - sur la route\" data-description=\"Excursion sur le glacier Los Exploradores - sur la route\"\t\t\t\t>\n\t\t\t\t\t\t\t\t<img title=\"Excursion sur le glacier Los Exploradores - sur la route\" alt=\"Excursion sur le glacier Los Exploradores - sur la route\" src=\"\n\t\t\t\t\t\t\t\t\t\thttps:\/\/letourdumondeen.fr\/wp-content\/gallery\/Carretera%20Austral\/thumbs\/thumbs_DSCN1514.JPG\t\t\t\t\" \n\t\t\t\t\twidth='120' height='90'\t\t\t\t\/>\n\t\t\t\t\t\t\t<\/a>\n\t\t<\/div>\n\t<\/div>\n\n\t\t\t\t\t\t\t\t\t\n\t\n\t<div id=\"ngg-image-2925\" class=\"ngg-gallery-thumbnail-box\" \n\t\t\t\t\t\t\t\t\t\t>\n\t\t<div class=\"ngg-gallery-thumbnail\" >\n\t\t\t<a href=\"\n\t\t\thttps:\/\/letourdumondeen.fr\/wp-content\/gallery\/Carretera%20Austral\/DSCN1517.JPG\t\t\t\"\n\t\t\t\ttitle=\"Excursion sur le glacier Los Exploradores - glaciers \u00e0 flanc de montagne\"\n\t\t\t\tclass=\"ngg-fancybox\" rel=\"44785556f994e07941cd6f1219a452a2\" data-image-id=\"2925\" data-src=\"https:\/\/letourdumondeen.fr\/wp-content\/gallery\/Carretera%20Austral\/DSCN1517.JPG\" data-thumbnail=\"https:\/\/letourdumondeen.fr\/wp-content\/gallery\/Carretera%20Austral\/thumbs\/thumbs_DSCN1517.JPG\" data-title=\"Excursion sur le glacier Los Exploradores - glaciers \u00e0 flanc de montagne\" data-description=\"Excursion sur le glacier Los Exploradores - glaciers \u00e0 flanc de montagne\"\t\t\t\t>\n\t\t\t\t\t\t\t\t<img title=\"Excursion sur le glacier Los Exploradores - glaciers \u00e0 flanc de montagne\" alt=\"Excursion sur le glacier Los Exploradores - glaciers \u00e0 flanc de montagne\" src=\"\n\t\t\t\t\t\t\t\t\t\thttps:\/\/letourdumondeen.fr\/wp-content\/gallery\/Carretera%20Austral\/thumbs\/thumbs_DSCN1517.JPG\t\t\t\t\" \n\t\t\t\t\twidth='120' height='90'\t\t\t\t\/>\n\t\t\t\t\t\t\t<\/a>\n\t\t<\/div>\n\t<\/div>\n\n\t\t\t\t\t\t\t\t\t\n\t\n\t<div id=\"ngg-image-2926\" class=\"ngg-gallery-thumbnail-box\" \n\t\t\t\t\t\t\t\t\t\t>\n\t\t<div class=\"ngg-gallery-thumbnail\" >\n\t\t\t<a href=\"\n\t\t\thttps:\/\/letourdumondeen.fr\/wp-content\/gallery\/Carretera%20Austral\/DSCN1524.JPG\t\t\t\"\n\t\t\t\ttitle=\"Excursion sur le glacier Los Exploradores - sur la route\"\n\t\t\t\tclass=\"ngg-fancybox\" rel=\"44785556f994e07941cd6f1219a452a2\" data-image-id=\"2926\" data-src=\"https:\/\/letourdumondeen.fr\/wp-content\/gallery\/Carretera%20Austral\/DSCN1524.JPG\" data-thumbnail=\"https:\/\/letourdumondeen.fr\/wp-content\/gallery\/Carretera%20Austral\/thumbs\/thumbs_DSCN1524.JPG\" data-title=\"Excursion sur le glacier Los Exploradores - sur la route\" data-description=\"Excursion sur le glacier Los Exploradores - sur la route\"\t\t\t\t>\n\t\t\t\t\t\t\t\t<img title=\"Excursion sur le glacier Los Exploradores - sur la route\" alt=\"Excursion sur le glacier Los Exploradores - sur la route\" src=\"\n\t\t\t\t\t\t\t\t\t\thttps:\/\/letourdumondeen.fr\/wp-content\/gallery\/Carretera%20Austral\/thumbs\/thumbs_DSCN1524.JPG\t\t\t\t\" \n\t\t\t\t\twidth='120' height='90'\t\t\t\t\/>\n\t\t\t\t\t\t\t<\/a>\n\t\t<\/div>\n\t<\/div>\n\n\t\t\t\t\t\t\t\t\t\n\t\n\t<div id=\"ngg-image-2927\" class=\"ngg-gallery-thumbnail-box\" \n\t\t\t\t\t\t\t\t\t\t>\n\t\t<div class=\"ngg-gallery-thumbnail\" >\n\t\t\t<a href=\"\n\t\t\thttps:\/\/letourdumondeen.fr\/wp-content\/gallery\/Carretera%20Austral\/DSCN1529.JPG\t\t\t\"\n\t\t\t\ttitle=\"Excursion sur le glacier Los Exploradores\"\n\t\t\t\tclass=\"ngg-fancybox\" rel=\"44785556f994e07941cd6f1219a452a2\" data-image-id=\"2927\" data-src=\"https:\/\/letourdumondeen.fr\/wp-content\/gallery\/Carretera%20Austral\/DSCN1529.JPG\" data-thumbnail=\"https:\/\/letourdumondeen.fr\/wp-content\/gallery\/Carretera%20Austral\/thumbs\/thumbs_DSCN1529.JPG\" data-title=\"Excursion sur le glacier Los Exploradores\" data-description=\"Excursion sur le glacier Los Exploradores\"\t\t\t\t>\n\t\t\t\t\t\t\t\t<img title=\"Excursion sur le glacier Los Exploradores\" alt=\"Excursion sur le glacier Los Exploradores\" src=\"\n\t\t\t\t\t\t\t\t\t\thttps:\/\/letourdumondeen.fr\/wp-content\/gallery\/Carretera%20Austral\/thumbs\/thumbs_DSCN1529.JPG\t\t\t\t\" \n\t\t\t\t\twidth='120' height='90'\t\t\t\t\/>\n\t\t\t\t\t\t\t<\/a>\n\t\t<\/div>\n\t<\/div>\n\n\t\t\t\t\t\t\t\t\t\n\t\n\t<div id=\"ngg-image-2947\" class=\"ngg-gallery-thumbnail-box\" \n\t\t\t\t\t\t\t\t\t\t>\n\t\t<div class=\"ngg-gallery-thumbnail\" >\n\t\t\t<a href=\"\n\t\t\thttps:\/\/letourdumondeen.fr\/wp-content\/gallery\/Carretera%20Austral\/DSC_1016.JPG\t\t\t\"\n\t\t\t\ttitle=\"Excursion sur le glacier Los Exploradores\"\n\t\t\t\tclass=\"ngg-fancybox\" rel=\"44785556f994e07941cd6f1219a452a2\" data-image-id=\"2947\" data-src=\"https:\/\/letourdumondeen.fr\/wp-content\/gallery\/Carretera%20Austral\/DSC_1016.JPG\" data-thumbnail=\"https:\/\/letourdumondeen.fr\/wp-content\/gallery\/Carretera%20Austral\/thumbs\/thumbs_DSC_1016.JPG\" data-title=\"Excursion sur le glacier Los Exploradores\" data-description=\"Excursion sur le glacier Los Exploradores\"\t\t\t\t>\n\t\t\t\t\t\t\t\t<img title=\"Excursion sur le glacier Los Exploradores\" alt=\"Excursion sur le glacier Los Exploradores\" src=\"\n\t\t\t\t\t\t\t\t\t\thttps:\/\/letourdumondeen.fr\/wp-content\/gallery\/Carretera%20Austral\/thumbs\/thumbs_DSC_1016.JPG\t\t\t\t\" \n\t\t\t\t\twidth='120' height='90'\t\t\t\t\/>\n\t\t\t\t\t\t\t<\/a>\n\t\t<\/div>\n\t<\/div>\n\n\t\t\t\t\t\t\t\t\t\n\t\n\t<div id=\"ngg-image-2934\" class=\"ngg-gallery-thumbnail-box\" \n\t\t\t\t\t\t\t\t\t\t>\n\t\t<div class=\"ngg-gallery-thumbnail\" >\n\t\t\t<a href=\"\n\t\t\thttps:\/\/letourdumondeen.fr\/wp-content\/gallery\/Carretera%20Austral\/DSCN1620.JPG\t\t\t\"\n\t\t\t\ttitle=\"Excursion sur le glacier Los Exploradores\"\n\t\t\t\tclass=\"ngg-fancybox\" rel=\"44785556f994e07941cd6f1219a452a2\" data-image-id=\"2934\" data-src=\"https:\/\/letourdumondeen.fr\/wp-content\/gallery\/Carretera%20Austral\/DSCN1620.JPG\" data-thumbnail=\"https:\/\/letourdumondeen.fr\/wp-content\/gallery\/Carretera%20Austral\/thumbs\/thumbs_DSCN1620.JPG\" data-title=\"Excursion sur le glacier Los Exploradores\" data-description=\"Excursion sur le glacier Los Exploradores\"\t\t\t\t>\n\t\t\t\t\t\t\t\t<img title=\"Excursion sur le glacier Los Exploradores\" alt=\"Excursion sur le glacier Los Exploradores\" src=\"\n\t\t\t\t\t\t\t\t\t\thttps:\/\/letourdumondeen.fr\/wp-content\/gallery\/Carretera%20Austral\/thumbs\/thumbs_DSCN1620.JPG\t\t\t\t\" \n\t\t\t\t\twidth='120' height='90'\t\t\t\t\/>\n\t\t\t\t\t\t\t<\/a>\n\t\t<\/div>\n\t<\/div>\n\n\t\t\t\t\t\t\t\t\t\n\t\n\t<div id=\"ngg-image-2928\" class=\"ngg-gallery-thumbnail-box\" \n\t\t\t\t\t\t\t\t\t\t>\n\t\t<div class=\"ngg-gallery-thumbnail\" >\n\t\t\t<a href=\"\n\t\t\thttps:\/\/letourdumondeen.fr\/wp-content\/gallery\/Carretera%20Austral\/DSCN1545.JPG\t\t\t\"\n\t\t\t\ttitle=\"Excursion sur le glacier Los Exploradores - On chausse les crampons\"\n\t\t\t\tclass=\"ngg-fancybox\" rel=\"44785556f994e07941cd6f1219a452a2\" data-image-id=\"2928\" data-src=\"https:\/\/letourdumondeen.fr\/wp-content\/gallery\/Carretera%20Austral\/DSCN1545.JPG\" data-thumbnail=\"https:\/\/letourdumondeen.fr\/wp-content\/gallery\/Carretera%20Austral\/thumbs\/thumbs_DSCN1545.JPG\" data-title=\"Excursion sur le glacier Los Exploradores - On chausse les crampons\" data-description=\"Excursion sur le glacier Los Exploradores - On chausse les crampons\"\t\t\t\t>\n\t\t\t\t\t\t\t\t<img title=\"Excursion sur le glacier Los Exploradores - On chausse les crampons\" alt=\"Excursion sur le glacier Los Exploradores - On chausse les crampons\" src=\"\n\t\t\t\t\t\t\t\t\t\thttps:\/\/letourdumondeen.fr\/wp-content\/gallery\/Carretera%20Austral\/thumbs\/thumbs_DSCN1545.JPG\t\t\t\t\" \n\t\t\t\t\twidth='120' height='90'\t\t\t\t\/>\n\t\t\t\t\t\t\t<\/a>\n\t\t<\/div>\n\t<\/div>\n\n\t\t\t\t\t\t\t\t\t\n\t\n\t<div id=\"ngg-image-2929\" class=\"ngg-gallery-thumbnail-box\" \n\t\t\t\t\t\t\t\t\t\t>\n\t\t<div class=\"ngg-gallery-thumbnail\" >\n\t\t\t<a href=\"\n\t\t\thttps:\/\/letourdumondeen.fr\/wp-content\/gallery\/Carretera%20Austral\/DSCN1549.JPG\t\t\t\"\n\t\t\t\ttitle=\"Excursion sur le glacier Los Exploradores\"\n\t\t\t\tclass=\"ngg-fancybox\" rel=\"44785556f994e07941cd6f1219a452a2\" data-image-id=\"2929\" data-src=\"https:\/\/letourdumondeen.fr\/wp-content\/gallery\/Carretera%20Austral\/DSCN1549.JPG\" data-thumbnail=\"https:\/\/letourdumondeen.fr\/wp-content\/gallery\/Carretera%20Austral\/thumbs\/thumbs_DSCN1549.JPG\" data-title=\"Excursion sur le glacier Los Exploradores\" data-description=\"Excursion sur le glacier Los Exploradores\"\t\t\t\t>\n\t\t\t\t\t\t\t\t<img title=\"Excursion sur le glacier Los Exploradores\" alt=\"Excursion sur le glacier Los Exploradores\" src=\"\n\t\t\t\t\t\t\t\t\t\thttps:\/\/letourdumondeen.fr\/wp-content\/gallery\/Carretera%20Austral\/thumbs\/thumbs_DSCN1549.JPG\t\t\t\t\" \n\t\t\t\t\twidth='120' height='90'\t\t\t\t\/>\n\t\t\t\t\t\t\t<\/a>\n\t\t<\/div>\n\t<\/div>\n\n\t\t\t\t\t\t\t\t\t\n\t\n\t<div id=\"ngg-image-2948\" class=\"ngg-gallery-thumbnail-box\" \n\t\t\t\t\t\t\t\t\t\t>\n\t\t<div class=\"ngg-gallery-thumbnail\" >\n\t\t\t<a href=\"\n\t\t\thttps:\/\/letourdumondeen.fr\/wp-content\/gallery\/Carretera%20Austral\/DSC_1056.JPG\t\t\t\"\n\t\t\t\ttitle=\"Excursion sur le glacier Los Exploradores\"\n\t\t\t\tclass=\"ngg-fancybox\" rel=\"44785556f994e07941cd6f1219a452a2\" data-image-id=\"2948\" data-src=\"https:\/\/letourdumondeen.fr\/wp-content\/gallery\/Carretera%20Austral\/DSC_1056.JPG\" data-thumbnail=\"https:\/\/letourdumondeen.fr\/wp-content\/gallery\/Carretera%20Austral\/thumbs\/thumbs_DSC_1056.JPG\" data-title=\"Excursion sur le glacier Los Exploradores\" data-description=\"Excursion sur le glacier Los Exploradores\"\t\t\t\t>\n\t\t\t\t\t\t\t\t<img title=\"Excursion sur le glacier Los Exploradores\" alt=\"Excursion sur le glacier Los Exploradores\" src=\"\n\t\t\t\t\t\t\t\t\t\thttps:\/\/letourdumondeen.fr\/wp-content\/gallery\/Carretera%20Austral\/thumbs\/thumbs_DSC_1056.JPG\t\t\t\t\" \n\t\t\t\t\twidth='120' height='90'\t\t\t\t\/>\n\t\t\t\t\t\t\t<\/a>\n\t\t<\/div>\n\t<\/div>\n\n\t\t\t\t\t\t\t\t\t\n\t\n\t<div id=\"ngg-image-2930\" class=\"ngg-gallery-thumbnail-box\" \n\t\t\t\t\t\t\t\t\t\t>\n\t\t<div class=\"ngg-gallery-thumbnail\" >\n\t\t\t<a href=\"\n\t\t\thttps:\/\/letourdumondeen.fr\/wp-content\/gallery\/Carretera%20Austral\/DSCN1560.JPG\t\t\t\"\n\t\t\t\ttitle=\"Excursion sur le glacier Los Exploradores\"\n\t\t\t\tclass=\"ngg-fancybox\" rel=\"44785556f994e07941cd6f1219a452a2\" data-image-id=\"2930\" data-src=\"https:\/\/letourdumondeen.fr\/wp-content\/gallery\/Carretera%20Austral\/DSCN1560.JPG\" data-thumbnail=\"https:\/\/letourdumondeen.fr\/wp-content\/gallery\/Carretera%20Austral\/thumbs\/thumbs_DSCN1560.JPG\" data-title=\"Excursion sur le glacier Los Exploradores\" data-description=\"Excursion sur le glacier Los Exploradores\"\t\t\t\t>\n\t\t\t\t\t\t\t\t<img title=\"Excursion sur le glacier Los Exploradores\" alt=\"Excursion sur le glacier Los Exploradores\" src=\"\n\t\t\t\t\t\t\t\t\t\thttps:\/\/letourdumondeen.fr\/wp-content\/gallery\/Carretera%20Austral\/thumbs\/thumbs_DSCN1560.JPG\t\t\t\t\" \n\t\t\t\t\twidth='120' height='90'\t\t\t\t\/>\n\t\t\t\t\t\t\t<\/a>\n\t\t<\/div>\n\t<\/div>\n\n\t\t\t\t\t\t\t\t\t\n\t\n\t<div id=\"ngg-image-2931\" class=\"ngg-gallery-thumbnail-box\" \n\t\t\t\t\t\t\t\t\t\t>\n\t\t<div class=\"ngg-gallery-thumbnail\" >\n\t\t\t<a href=\"\n\t\t\thttps:\/\/letourdumondeen.fr\/wp-content\/gallery\/Carretera%20Austral\/DSCN1570.JPG\t\t\t\"\n\t\t\t\ttitle=\"Excursion sur le glacier Los Exploradores\"\n\t\t\t\tclass=\"ngg-fancybox\" rel=\"44785556f994e07941cd6f1219a452a2\" data-image-id=\"2931\" data-src=\"https:\/\/letourdumondeen.fr\/wp-content\/gallery\/Carretera%20Austral\/DSCN1570.JPG\" data-thumbnail=\"https:\/\/letourdumondeen.fr\/wp-content\/gallery\/Carretera%20Austral\/thumbs\/thumbs_DSCN1570.JPG\" data-title=\"Excursion sur le glacier Los Exploradores\" data-description=\"Excursion sur le glacier Los Exploradores\"\t\t\t\t>\n\t\t\t\t\t\t\t\t<img title=\"Excursion sur le glacier Los Exploradores\" alt=\"Excursion sur le glacier Los Exploradores\" src=\"\n\t\t\t\t\t\t\t\t\t\thttps:\/\/letourdumondeen.fr\/wp-content\/gallery\/Carretera%20Austral\/thumbs\/thumbs_DSCN1570.JPG\t\t\t\t\" \n\t\t\t\t\twidth='120' height='90'\t\t\t\t\/>\n\t\t\t\t\t\t\t<\/a>\n\t\t<\/div>\n\t<\/div>\n\n\t\t\t\t\t\t\t\t\t\n\t\n\t<div id=\"ngg-image-2932\" class=\"ngg-gallery-thumbnail-box\" \n\t\t\t\t\t\t\t\t\t\t>\n\t\t<div class=\"ngg-gallery-thumbnail\" >\n\t\t\t<a href=\"\n\t\t\thttps:\/\/letourdumondeen.fr\/wp-content\/gallery\/Carretera%20Austral\/DSCN1605.JPG\t\t\t\"\n\t\t\t\ttitle=\"Excursion sur le glacier Los Exploradores - la glace est bleue !\"\n\t\t\t\tclass=\"ngg-fancybox\" rel=\"44785556f994e07941cd6f1219a452a2\" data-image-id=\"2932\" data-src=\"https:\/\/letourdumondeen.fr\/wp-content\/gallery\/Carretera%20Austral\/DSCN1605.JPG\" data-thumbnail=\"https:\/\/letourdumondeen.fr\/wp-content\/gallery\/Carretera%20Austral\/thumbs\/thumbs_DSCN1605.JPG\" data-title=\"Excursion sur le glacier Los Exploradores - la glace est bleue !\" data-description=\"Excursion sur le glacier Los Exploradores - la glace est bleue !\"\t\t\t\t>\n\t\t\t\t\t\t\t\t<img title=\"Excursion sur le glacier Los Exploradores - la glace est bleue !\" alt=\"Excursion sur le glacier Los Exploradores - la glace est bleue !\" src=\"\n\t\t\t\t\t\t\t\t\t\thttps:\/\/letourdumondeen.fr\/wp-content\/gallery\/Carretera%20Austral\/thumbs\/thumbs_DSCN1605.JPG\t\t\t\t\" \n\t\t\t\t\twidth='120' height='90'\t\t\t\t\/>\n\t\t\t\t\t\t\t<\/a>\n\t\t<\/div>\n\t<\/div>\n\n\t\t\t\t\t\t\t\t\t\n\t\n\t<div id=\"ngg-image-2933\" class=\"ngg-gallery-thumbnail-box\" \n\t\t\t\t\t\t\t\t\t\t>\n\t\t<div class=\"ngg-gallery-thumbnail\" >\n\t\t\t<a href=\"\n\t\t\thttps:\/\/letourdumondeen.fr\/wp-content\/gallery\/Carretera%20Austral\/DSCN1615.JPG\t\t\t\"\n\t\t\t\ttitle=\"Excursion sur le glacier Los Exploradores\"\n\t\t\t\tclass=\"ngg-fancybox\" rel=\"44785556f994e07941cd6f1219a452a2\" data-image-id=\"2933\" data-src=\"https:\/\/letourdumondeen.fr\/wp-content\/gallery\/Carretera%20Austral\/DSCN1615.JPG\" data-thumbnail=\"https:\/\/letourdumondeen.fr\/wp-content\/gallery\/Carretera%20Austral\/thumbs\/thumbs_DSCN1615.JPG\" data-title=\"Excursion sur le glacier Los Exploradores\" data-description=\"Excursion sur le glacier Los Exploradores\"\t\t\t\t>\n\t\t\t\t\t\t\t\t<img title=\"Excursion sur le glacier Los Exploradores\" alt=\"Excursion sur le glacier Los Exploradores\" src=\"\n\t\t\t\t\t\t\t\t\t\thttps:\/\/letourdumondeen.fr\/wp-content\/gallery\/Carretera%20Austral\/thumbs\/thumbs_DSCN1615.JPG\t\t\t\t\" \n\t\t\t\t\twidth='120' height='90'\t\t\t\t\/>\n\t\t\t\t\t\t\t<\/a>\n\t\t<\/div>\n\t<\/div>\n\n\t\t\t\t\t\t\t\t\t\n\t\n\t<div id=\"ngg-image-2949\" class=\"ngg-gallery-thumbnail-box\" \n\t\t\t\t\t\t\t\t\t\t>\n\t\t<div class=\"ngg-gallery-thumbnail\" >\n\t\t\t<a href=\"\n\t\t\thttps:\/\/letourdumondeen.fr\/wp-content\/gallery\/Carretera%20Austral\/DSC_1077.JPG\t\t\t\"\n\t\t\t\ttitle=\"Excursion sur le glacier Los Exploradores\"\n\t\t\t\tclass=\"ngg-fancybox\" rel=\"44785556f994e07941cd6f1219a452a2\" data-image-id=\"2949\" data-src=\"https:\/\/letourdumondeen.fr\/wp-content\/gallery\/Carretera%20Austral\/DSC_1077.JPG\" data-thumbnail=\"https:\/\/letourdumondeen.fr\/wp-content\/gallery\/Carretera%20Austral\/thumbs\/thumbs_DSC_1077.JPG\" data-title=\"Excursion sur le glacier Los Exploradores\" data-description=\"Excursion sur le glacier Los Exploradores\"\t\t\t\t>\n\t\t\t\t\t\t\t\t<img title=\"Excursion sur le glacier Los Exploradores\" alt=\"Excursion sur le glacier Los Exploradores\" src=\"\n\t\t\t\t\t\t\t\t\t\thttps:\/\/letourdumondeen.fr\/wp-content\/gallery\/Carretera%20Austral\/thumbs\/thumbs_DSC_1077.JPG\t\t\t\t\" \n\t\t\t\t\twidth='120' height='90'\t\t\t\t\/>\n\t\t\t\t\t\t\t<\/a>\n\t\t<\/div>\n\t<\/div>\n\n\t\t\t\t\t\t\t\t\t\n\t\n\t<div id=\"ngg-image-2950\" class=\"ngg-gallery-thumbnail-box\" \n\t\t\t\t\t\t\t\t\t\t>\n\t\t<div class=\"ngg-gallery-thumbnail\" >\n\t\t\t<a href=\"\n\t\t\thttps:\/\/letourdumondeen.fr\/wp-content\/gallery\/Carretera%20Austral\/DSC_1088.JPG\t\t\t\"\n\t\t\t\ttitle=\"Excursion sur le glacier Los Exploradores\"\n\t\t\t\tclass=\"ngg-fancybox\" rel=\"44785556f994e07941cd6f1219a452a2\" data-image-id=\"2950\" data-src=\"https:\/\/letourdumondeen.fr\/wp-content\/gallery\/Carretera%20Austral\/DSC_1088.JPG\" data-thumbnail=\"https:\/\/letourdumondeen.fr\/wp-content\/gallery\/Carretera%20Austral\/thumbs\/thumbs_DSC_1088.JPG\" data-title=\"Excursion sur le glacier Los Exploradores\" data-description=\"Excursion sur le glacier Los Exploradores\"\t\t\t\t>\n\t\t\t\t\t\t\t\t<img title=\"Excursion sur le glacier Los Exploradores\" alt=\"Excursion sur le glacier Los Exploradores\" src=\"\n\t\t\t\t\t\t\t\t\t\thttps:\/\/letourdumondeen.fr\/wp-content\/gallery\/Carretera%20Austral\/thumbs\/thumbs_DSC_1088.JPG\t\t\t\t\" \n\t\t\t\t\twidth='120' height='90'\t\t\t\t\/>\n\t\t\t\t\t\t\t<\/a>\n\t\t<\/div>\n\t<\/div>\n\n\t\t\t\t\t\t\t\t\t\n\t\n\t<div id=\"ngg-image-2935\" class=\"ngg-gallery-thumbnail-box\" \n\t\t\t\t\t\t\t\t\t\t>\n\t\t<div class=\"ngg-gallery-thumbnail\" >\n\t\t\t<a href=\"\n\t\t\thttps:\/\/letourdumondeen.fr\/wp-content\/gallery\/Carretera%20Austral\/DSCN1736.JPG\t\t\t\"\n\t\t\t\ttitle=\"Puerto Rio Tranquilo, village\"\n\t\t\t\tclass=\"ngg-fancybox\" rel=\"44785556f994e07941cd6f1219a452a2\" data-image-id=\"2935\" data-src=\"https:\/\/letourdumondeen.fr\/wp-content\/gallery\/Carretera%20Austral\/DSCN1736.JPG\" data-thumbnail=\"https:\/\/letourdumondeen.fr\/wp-content\/gallery\/Carretera%20Austral\/thumbs\/thumbs_DSCN1736.JPG\" data-title=\"Puerto Rio Tranquilo, village\" data-description=\"Puerto Rio Tranquilo, village\"\t\t\t\t>\n\t\t\t\t\t\t\t\t<img title=\"Puerto Rio Tranquilo, village\" alt=\"Puerto Rio Tranquilo, village\" src=\"\n\t\t\t\t\t\t\t\t\t\thttps:\/\/letourdumondeen.fr\/wp-content\/gallery\/Carretera%20Austral\/thumbs\/thumbs_DSCN1736.JPG\t\t\t\t\" \n\t\t\t\t\twidth='120' height='90'\t\t\t\t\/>\n\t\t\t\t\t\t\t<\/a>\n\t\t<\/div>\n\t<\/div>\n\n\t\t\t\t\t\t\t\t\t\n\t\n\t<div id=\"ngg-image-2936\" class=\"ngg-gallery-thumbnail-box\" \n\t\t\t\t\t\t\t\t\t\t>\n\t\t<div class=\"ngg-gallery-thumbnail\" >\n\t\t\t<a href=\"\n\t\t\thttps:\/\/letourdumondeen.fr\/wp-content\/gallery\/Carretera%20Austral\/DSCN1737.JPG\t\t\t\"\n\t\t\t\ttitle=\"Puerto Rio Tranquilo, village\"\n\t\t\t\tclass=\"ngg-fancybox\" rel=\"44785556f994e07941cd6f1219a452a2\" data-image-id=\"2936\" data-src=\"https:\/\/letourdumondeen.fr\/wp-content\/gallery\/Carretera%20Austral\/DSCN1737.JPG\" data-thumbnail=\"https:\/\/letourdumondeen.fr\/wp-content\/gallery\/Carretera%20Austral\/thumbs\/thumbs_DSCN1737.JPG\" data-title=\"Puerto Rio Tranquilo, village\" data-description=\"Puerto Rio Tranquilo, village\"\t\t\t\t>\n\t\t\t\t\t\t\t\t<img title=\"Puerto Rio Tranquilo, village\" alt=\"Puerto Rio Tranquilo, village\" src=\"\n\t\t\t\t\t\t\t\t\t\thttps:\/\/letourdumondeen.fr\/wp-content\/gallery\/Carretera%20Austral\/thumbs\/thumbs_DSCN1737.JPG\t\t\t\t\" \n\t\t\t\t\twidth='120' height='90'\t\t\t\t\/>\n\t\t\t\t\t\t\t<\/a>\n\t\t<\/div>\n\t<\/div>\n\n\t\t\t\t\t\t\t\t\t\n\t\n\t<div id=\"ngg-image-2952\" class=\"ngg-gallery-thumbnail-box\" \n\t\t\t\t\t\t\t\t\t\t>\n\t\t<div class=\"ngg-gallery-thumbnail\" >\n\t\t\t<a href=\"\n\t\t\thttps:\/\/letourdumondeen.fr\/wp-content\/gallery\/Carretera%20Austral\/DSC_1205.JPG\t\t\t\"\n\t\t\t\ttitle=\"Grottes de marbre\"\n\t\t\t\tclass=\"ngg-fancybox\" rel=\"44785556f994e07941cd6f1219a452a2\" data-image-id=\"2952\" data-src=\"https:\/\/letourdumondeen.fr\/wp-content\/gallery\/Carretera%20Austral\/DSC_1205.JPG\" data-thumbnail=\"https:\/\/letourdumondeen.fr\/wp-content\/gallery\/Carretera%20Austral\/thumbs\/thumbs_DSC_1205.JPG\" data-title=\"Grottes de marbre\" data-description=\"Grottes de marbre\"\t\t\t\t>\n\t\t\t\t\t\t\t\t<img title=\"Grottes de marbre\" alt=\"Grottes de marbre\" src=\"\n\t\t\t\t\t\t\t\t\t\thttps:\/\/letourdumondeen.fr\/wp-content\/gallery\/Carretera%20Austral\/thumbs\/thumbs_DSC_1205.JPG\t\t\t\t\" \n\t\t\t\t\twidth='120' height='90'\t\t\t\t\/>\n\t\t\t\t\t\t\t<\/a>\n\t\t<\/div>\n\t<\/div>\n\n\t\t\t\t\t\t\t\t\t\n\t\n\t<div id=\"ngg-image-2951\" class=\"ngg-gallery-thumbnail-box\" \n\t\t\t\t\t\t\t\t\t\t>\n\t\t<div class=\"ngg-gallery-thumbnail\" >\n\t\t\t<a href=\"\n\t\t\thttps:\/\/letourdumondeen.fr\/wp-content\/gallery\/Carretera%20Austral\/DSC_1163.JPG\t\t\t\"\n\t\t\t\ttitle=\"Grottes de marbre, l&#039;eau est si bleue\"\n\t\t\t\tclass=\"ngg-fancybox\" rel=\"44785556f994e07941cd6f1219a452a2\" data-image-id=\"2951\" data-src=\"https:\/\/letourdumondeen.fr\/wp-content\/gallery\/Carretera%20Austral\/DSC_1163.JPG\" data-thumbnail=\"https:\/\/letourdumondeen.fr\/wp-content\/gallery\/Carretera%20Austral\/thumbs\/thumbs_DSC_1163.JPG\" data-title=\"Grottes de marbre, l&#039;eau est si bleue\" data-description=\"Grottes de marbre, l&#039;eau est si bleue\"\t\t\t\t>\n\t\t\t\t\t\t\t\t<img title=\"Grottes de marbre, l&#039;eau est si bleue\" alt=\"Grottes de marbre, l&#039;eau est si bleue\" src=\"\n\t\t\t\t\t\t\t\t\t\thttps:\/\/letourdumondeen.fr\/wp-content\/gallery\/Carretera%20Austral\/thumbs\/thumbs_DSC_1163.JPG\t\t\t\t\" \n\t\t\t\t\twidth='120' height='90'\t\t\t\t\/>\n\t\t\t\t\t\t\t<\/a>\n\t\t<\/div>\n\t<\/div>\n\n\t\t\t\t\t\t\t\t\t\n\t\n\t<div id=\"ngg-image-2953\" class=\"ngg-gallery-thumbnail-box\" \n\t\t\t\t\t\t\t\t\t\t>\n\t\t<div class=\"ngg-gallery-thumbnail\" >\n\t\t\t<a href=\"\n\t\t\thttps:\/\/letourdumondeen.fr\/wp-content\/gallery\/Carretera%20Austral\/DSC_1315.JPG\t\t\t\"\n\t\t\t\ttitle=\"Grottes de marbre\"\n\t\t\t\tclass=\"ngg-fancybox\" rel=\"44785556f994e07941cd6f1219a452a2\" data-image-id=\"2953\" data-src=\"https:\/\/letourdumondeen.fr\/wp-content\/gallery\/Carretera%20Austral\/DSC_1315.JPG\" data-thumbnail=\"https:\/\/letourdumondeen.fr\/wp-content\/gallery\/Carretera%20Austral\/thumbs\/thumbs_DSC_1315.JPG\" data-title=\"Grottes de marbre\" data-description=\"Grottes de marbre\"\t\t\t\t>\n\t\t\t\t\t\t\t\t<img title=\"Grottes de marbre\" alt=\"Grottes de marbre\" src=\"\n\t\t\t\t\t\t\t\t\t\thttps:\/\/letourdumondeen.fr\/wp-content\/gallery\/Carretera%20Austral\/thumbs\/thumbs_DSC_1315.JPG\t\t\t\t\" \n\t\t\t\t\twidth='120' height='90'\t\t\t\t\/>\n\t\t\t\t\t\t\t<\/a>\n\t\t<\/div>\n\t<\/div>\n\n\t\t\t\t\t\t\t\t\t\n\t\n\t<div id=\"ngg-image-2954\" class=\"ngg-gallery-thumbnail-box\" \n\t\t\t\t\t\t\t\t\t\t>\n\t\t<div class=\"ngg-gallery-thumbnail\" >\n\t\t\t<a href=\"\n\t\t\thttps:\/\/letourdumondeen.fr\/wp-content\/gallery\/Carretera%20Austral\/DSC_1333.JPG\t\t\t\"\n\t\t\t\ttitle=\"Grottes de marbre\"\n\t\t\t\tclass=\"ngg-fancybox\" rel=\"44785556f994e07941cd6f1219a452a2\" data-image-id=\"2954\" data-src=\"https:\/\/letourdumondeen.fr\/wp-content\/gallery\/Carretera%20Austral\/DSC_1333.JPG\" data-thumbnail=\"https:\/\/letourdumondeen.fr\/wp-content\/gallery\/Carretera%20Austral\/thumbs\/thumbs_DSC_1333.JPG\" data-title=\"Grottes de marbre\" data-description=\"Grottes de marbre\"\t\t\t\t>\n\t\t\t\t\t\t\t\t<img title=\"Grottes de marbre\" alt=\"Grottes de marbre\" src=\"\n\t\t\t\t\t\t\t\t\t\thttps:\/\/letourdumondeen.fr\/wp-content\/gallery\/Carretera%20Austral\/thumbs\/thumbs_DSC_1333.JPG\t\t\t\t\" \n\t\t\t\t\twidth='120' height='90'\t\t\t\t\/>\n\t\t\t\t\t\t\t<\/a>\n\t\t<\/div>\n\t<\/div>\n\n\t\t\t\t\t\t\t\t\t\n\t\n\t<div id=\"ngg-image-2939\" class=\"ngg-gallery-thumbnail-box\" \n\t\t\t\t\t\t\t\t\t\t>\n\t\t<div class=\"ngg-gallery-thumbnail\" >\n\t\t\t<a href=\"\n\t\t\thttps:\/\/letourdumondeen.fr\/wp-content\/gallery\/Carretera%20Austral\/DSCN1770.JPG\t\t\t\"\n\t\t\t\ttitle=\"Muffin au dulce de leche d&#039;anniversaire\"\n\t\t\t\tclass=\"ngg-fancybox\" rel=\"44785556f994e07941cd6f1219a452a2\" data-image-id=\"2939\" data-src=\"https:\/\/letourdumondeen.fr\/wp-content\/gallery\/Carretera%20Austral\/DSCN1770.JPG\" data-thumbnail=\"https:\/\/letourdumondeen.fr\/wp-content\/gallery\/Carretera%20Austral\/thumbs\/thumbs_DSCN1770.JPG\" data-title=\"Muffin au dulce de leche d&#039;anniversaire\" data-description=\"Muffin au dulce de leche d&#039;anniversaire\"\t\t\t\t>\n\t\t\t\t\t\t\t\t<img title=\"Muffin au dulce de leche d&#039;anniversaire\" alt=\"Muffin au dulce de leche d&#039;anniversaire\" src=\"\n\t\t\t\t\t\t\t\t\t\thttps:\/\/letourdumondeen.fr\/wp-content\/gallery\/Carretera%20Austral\/thumbs\/thumbs_DSCN1770.JPG\t\t\t\t\" \n\t\t\t\t\twidth='120' height='90'\t\t\t\t\/>\n\t\t\t\t\t\t\t<\/a>\n\t\t<\/div>\n\t<\/div>\n\n\t\t\t\t\t\t\t\t\t\n\t\n\t<div id=\"ngg-image-2940\" class=\"ngg-gallery-thumbnail-box\" \n\t\t\t\t\t\t\t\t\t\t>\n\t\t<div class=\"ngg-gallery-thumbnail\" >\n\t\t\t<a href=\"\n\t\t\thttps:\/\/letourdumondeen.fr\/wp-content\/gallery\/Carretera%20Austral\/DSCN1773.JPG\t\t\t\"\n\t\t\t\ttitle=\"Pisco sour chilien de la mort qui tue d&#039;anniversaire\"\n\t\t\t\tclass=\"ngg-fancybox\" rel=\"44785556f994e07941cd6f1219a452a2\" data-image-id=\"2940\" data-src=\"https:\/\/letourdumondeen.fr\/wp-content\/gallery\/Carretera%20Austral\/DSCN1773.JPG\" data-thumbnail=\"https:\/\/letourdumondeen.fr\/wp-content\/gallery\/Carretera%20Austral\/thumbs\/thumbs_DSCN1773.JPG\" data-title=\"Pisco sour chilien de la mort qui tue d&#039;anniversaire\" data-description=\"Pisco sour chilien de la mort qui tue d&#039;anniversaire\"\t\t\t\t>\n\t\t\t\t\t\t\t\t<img title=\"Pisco sour chilien de la mort qui tue d&#039;anniversaire\" alt=\"Pisco sour chilien de la mort qui tue d&#039;anniversaire\" src=\"\n\t\t\t\t\t\t\t\t\t\thttps:\/\/letourdumondeen.fr\/wp-content\/gallery\/Carretera%20Austral\/thumbs\/thumbs_DSCN1773.JPG\t\t\t\t\" \n\t\t\t\t\twidth='120' height='90'\t\t\t\t\/>\n\t\t\t\t\t\t\t<\/a>\n\t\t<\/div>\n\t<\/div>\n\n\t\t\t\t\t\t\t\t\t\n\t\n\t<div id=\"ngg-image-2941\" class=\"ngg-gallery-thumbnail-box\" \n\t\t\t\t\t\t\t\t\t\t>\n\t\t<div class=\"ngg-gallery-thumbnail\" >\n\t\t\t<a href=\"\n\t\t\thttps:\/\/letourdumondeen.fr\/wp-content\/gallery\/Carretera%20Austral\/DSCN1779.JPG\t\t\t\"\n\t\t\t\ttitle=\"Reserve nationale Tamango\"\n\t\t\t\tclass=\"ngg-fancybox\" rel=\"44785556f994e07941cd6f1219a452a2\" data-image-id=\"2941\" data-src=\"https:\/\/letourdumondeen.fr\/wp-content\/gallery\/Carretera%20Austral\/DSCN1779.JPG\" data-thumbnail=\"https:\/\/letourdumondeen.fr\/wp-content\/gallery\/Carretera%20Austral\/thumbs\/thumbs_DSCN1779.JPG\" data-title=\"Reserve nationale Tamango\" data-description=\"Reserve nationale Tamango\"\t\t\t\t>\n\t\t\t\t\t\t\t\t<img title=\"Reserve nationale Tamango\" alt=\"Reserve nationale Tamango\" src=\"\n\t\t\t\t\t\t\t\t\t\thttps:\/\/letourdumondeen.fr\/wp-content\/gallery\/Carretera%20Austral\/thumbs\/thumbs_DSCN1779.JPG\t\t\t\t\" \n\t\t\t\t\twidth='120' height='90'\t\t\t\t\/>\n\t\t\t\t\t\t\t<\/a>\n\t\t<\/div>\n\t<\/div>\n\n\t\t\t\t\t\t\t\t\t\n\t\n\t<div id=\"ngg-image-2942\" class=\"ngg-gallery-thumbnail-box\" \n\t\t\t\t\t\t\t\t\t\t>\n\t\t<div class=\"ngg-gallery-thumbnail\" >\n\t\t\t<a href=\"\n\t\t\thttps:\/\/letourdumondeen.fr\/wp-content\/gallery\/Carretera%20Austral\/DSCN1797.JPG\t\t\t\"\n\t\t\t\ttitle=\"Reserve nationale Tamango\"\n\t\t\t\tclass=\"ngg-fancybox\" rel=\"44785556f994e07941cd6f1219a452a2\" data-image-id=\"2942\" data-src=\"https:\/\/letourdumondeen.fr\/wp-content\/gallery\/Carretera%20Austral\/DSCN1797.JPG\" data-thumbnail=\"https:\/\/letourdumondeen.fr\/wp-content\/gallery\/Carretera%20Austral\/thumbs\/thumbs_DSCN1797.JPG\" data-title=\"Reserve nationale Tamango\" data-description=\"Reserve nationale Tamango\"\t\t\t\t>\n\t\t\t\t\t\t\t\t<img title=\"Reserve nationale Tamango\" alt=\"Reserve nationale Tamango\" src=\"\n\t\t\t\t\t\t\t\t\t\thttps:\/\/letourdumondeen.fr\/wp-content\/gallery\/Carretera%20Austral\/thumbs\/thumbs_DSCN1797.JPG\t\t\t\t\" \n\t\t\t\t\twidth='120' height='90'\t\t\t\t\/>\n\t\t\t\t\t\t\t<\/a>\n\t\t<\/div>\n\t<\/div>\n\n\t\t\t\t\t\t\t\t\t\n\t\n\t<div id=\"ngg-image-2957\" class=\"ngg-gallery-thumbnail-box\" \n\t\t\t\t\t\t\t\t\t\t>\n\t\t<div class=\"ngg-gallery-thumbnail\" >\n\t\t\t<a href=\"\n\t\t\thttps:\/\/letourdumondeen.fr\/wp-content\/gallery\/Carretera%20Austral\/DSC_1430.JPG\t\t\t\"\n\t\t\t\ttitle=\"Reserve nationale Tamango - vue sur le lago Cochrane\"\n\t\t\t\tclass=\"ngg-fancybox\" rel=\"44785556f994e07941cd6f1219a452a2\" data-image-id=\"2957\" data-src=\"https:\/\/letourdumondeen.fr\/wp-content\/gallery\/Carretera%20Austral\/DSC_1430.JPG\" data-thumbnail=\"https:\/\/letourdumondeen.fr\/wp-content\/gallery\/Carretera%20Austral\/thumbs\/thumbs_DSC_1430.JPG\" data-title=\"Reserve nationale Tamango - vue sur le lago Cochrane\" data-description=\"Reserve nationale Tamango - vue sur le lago Cochrane\"\t\t\t\t>\n\t\t\t\t\t\t\t\t<img title=\"Reserve nationale Tamango - vue sur le lago Cochrane\" alt=\"Reserve nationale Tamango - vue sur le lago Cochrane\" src=\"\n\t\t\t\t\t\t\t\t\t\thttps:\/\/letourdumondeen.fr\/wp-content\/gallery\/Carretera%20Austral\/thumbs\/thumbs_DSC_1430.JPG\t\t\t\t\" \n\t\t\t\t\twidth='120' height='90'\t\t\t\t\/>\n\t\t\t\t\t\t\t<\/a>\n\t\t<\/div>\n\t<\/div>\n\n\t\t\t\t\t\t\t\t\t\n\t\n\t<div id=\"ngg-image-2958\" class=\"ngg-gallery-thumbnail-box\" \n\t\t\t\t\t\t\t\t\t\t>\n\t\t<div class=\"ngg-gallery-thumbnail\" >\n\t\t\t<a href=\"\n\t\t\thttps:\/\/letourdumondeen.fr\/wp-content\/gallery\/Carretera%20Austral\/DSC_1466.JPG\t\t\t\"\n\t\t\t\ttitle=\"Reserve nationale Tamango\"\n\t\t\t\tclass=\"ngg-fancybox\" rel=\"44785556f994e07941cd6f1219a452a2\" data-image-id=\"2958\" data-src=\"https:\/\/letourdumondeen.fr\/wp-content\/gallery\/Carretera%20Austral\/DSC_1466.JPG\" data-thumbnail=\"https:\/\/letourdumondeen.fr\/wp-content\/gallery\/Carretera%20Austral\/thumbs\/thumbs_DSC_1466.JPG\" data-title=\"Reserve nationale Tamango\" data-description=\"Reserve nationale Tamango\"\t\t\t\t>\n\t\t\t\t\t\t\t\t<img title=\"Reserve nationale Tamango\" alt=\"Reserve nationale Tamango\" src=\"\n\t\t\t\t\t\t\t\t\t\thttps:\/\/letourdumondeen.fr\/wp-content\/gallery\/Carretera%20Austral\/thumbs\/thumbs_DSC_1466.JPG\t\t\t\t\" \n\t\t\t\t\twidth='120' height='90'\t\t\t\t\/>\n\t\t\t\t\t\t\t<\/a>\n\t\t<\/div>\n\t<\/div>\n\n\t\t\t\t\t\t\t\t\t\n\t\n\t<div id=\"ngg-image-2959\" class=\"ngg-gallery-thumbnail-box\" \n\t\t\t\t\t\t\t\t\t\t>\n\t\t<div class=\"ngg-gallery-thumbnail\" >\n\t\t\t<a href=\"\n\t\t\thttps:\/\/letourdumondeen.fr\/wp-content\/gallery\/Carretera%20Austral\/DSC_1501.JPG\t\t\t\"\n\t\t\t\ttitle=\"Reserve nationale Tamango - champs d&#039;arbres morts\"\n\t\t\t\tclass=\"ngg-fancybox\" rel=\"44785556f994e07941cd6f1219a452a2\" data-image-id=\"2959\" data-src=\"https:\/\/letourdumondeen.fr\/wp-content\/gallery\/Carretera%20Austral\/DSC_1501.JPG\" data-thumbnail=\"https:\/\/letourdumondeen.fr\/wp-content\/gallery\/Carretera%20Austral\/thumbs\/thumbs_DSC_1501.JPG\" data-title=\"Reserve nationale Tamango - champs d&#039;arbres morts\" data-description=\"Reserve nationale Tamango - champs d&#039;arbres morts\"\t\t\t\t>\n\t\t\t\t\t\t\t\t<img title=\"Reserve nationale Tamango - champs d&#039;arbres morts\" alt=\"Reserve nationale Tamango - champs d&#039;arbres morts\" src=\"\n\t\t\t\t\t\t\t\t\t\thttps:\/\/letourdumondeen.fr\/wp-content\/gallery\/Carretera%20Austral\/thumbs\/thumbs_DSC_1501.JPG\t\t\t\t\" \n\t\t\t\t\twidth='120' height='90'\t\t\t\t\/>\n\t\t\t\t\t\t\t<\/a>\n\t\t<\/div>\n\t<\/div>\n\n\t\t\t\t\t\t\t\t\t\n\t\n\t<div id=\"ngg-image-2960\" class=\"ngg-gallery-thumbnail-box\" \n\t\t\t\t\t\t\t\t\t\t>\n\t\t<div class=\"ngg-gallery-thumbnail\" >\n\t\t\t<a href=\"\n\t\t\thttps:\/\/letourdumondeen.fr\/wp-content\/gallery\/Carretera%20Austral\/DSC_1521.JPG\t\t\t\"\n\t\t\t\ttitle=\"Reserve nationale Tamango - vue sur les montagnes\"\n\t\t\t\tclass=\"ngg-fancybox\" rel=\"44785556f994e07941cd6f1219a452a2\" data-image-id=\"2960\" data-src=\"https:\/\/letourdumondeen.fr\/wp-content\/gallery\/Carretera%20Austral\/DSC_1521.JPG\" data-thumbnail=\"https:\/\/letourdumondeen.fr\/wp-content\/gallery\/Carretera%20Austral\/thumbs\/thumbs_DSC_1521.JPG\" data-title=\"Reserve nationale Tamango - vue sur les montagnes\" data-description=\"Reserve nationale Tamango - vue sur les montagnes\"\t\t\t\t>\n\t\t\t\t\t\t\t\t<img title=\"Reserve nationale Tamango - vue sur les montagnes\" alt=\"Reserve nationale Tamango - vue sur les montagnes\" src=\"\n\t\t\t\t\t\t\t\t\t\thttps:\/\/letourdumondeen.fr\/wp-content\/gallery\/Carretera%20Austral\/thumbs\/thumbs_DSC_1521.JPG\t\t\t\t\" \n\t\t\t\t\twidth='120' height='90'\t\t\t\t\/>\n\t\t\t\t\t\t\t<\/a>\n\t\t<\/div>\n\t<\/div>\n\n\t\t\t\t\t\t\t\t\t\n\t\n\t<div id=\"ngg-image-2943\" class=\"ngg-gallery-thumbnail-box\" \n\t\t\t\t\t\t\t\t\t\t>\n\t\t<div class=\"ngg-gallery-thumbnail\" >\n\t\t\t<a href=\"\n\t\t\thttps:\/\/letourdumondeen.fr\/wp-content\/gallery\/Carretera%20Austral\/DSCN1809.JPG\t\t\t\"\n\t\t\t\ttitle=\"Reserve nationale Tamango - Vue sur la petite ville de Cochrane\"\n\t\t\t\tclass=\"ngg-fancybox\" rel=\"44785556f994e07941cd6f1219a452a2\" data-image-id=\"2943\" data-src=\"https:\/\/letourdumondeen.fr\/wp-content\/gallery\/Carretera%20Austral\/DSCN1809.JPG\" data-thumbnail=\"https:\/\/letourdumondeen.fr\/wp-content\/gallery\/Carretera%20Austral\/thumbs\/thumbs_DSCN1809.JPG\" data-title=\"Reserve nationale Tamango - Vue sur la petite ville de Cochrane\" data-description=\"Reserve nationale Tamango - Vue sur la petite ville de Cochrane\"\t\t\t\t>\n\t\t\t\t\t\t\t\t<img title=\"Reserve nationale Tamango - Vue sur la petite ville de Cochrane\" alt=\"Reserve nationale Tamango - Vue sur la petite ville de Cochrane\" src=\"\n\t\t\t\t\t\t\t\t\t\thttps:\/\/letourdumondeen.fr\/wp-content\/gallery\/Carretera%20Austral\/thumbs\/thumbs_DSCN1809.JPG\t\t\t\t\" \n\t\t\t\t\twidth='120' height='90'\t\t\t\t\/>\n\t\t\t\t\t\t\t<\/a>\n\t\t<\/div>\n\t<\/div>\n\n\t\t\t\t\t\t\t\t\t\n\t\n\t<div id=\"ngg-image-2944\" class=\"ngg-gallery-thumbnail-box\" \n\t\t\t\t\t\t\t\t\t\t>\n\t\t<div class=\"ngg-gallery-thumbnail\" >\n\t\t\t<a href=\"\n\t\t\thttps:\/\/letourdumondeen.fr\/wp-content\/gallery\/Carretera%20Austral\/DSCN1817.JPG\t\t\t\"\n\t\t\t\ttitle=\"El Cerro Piramidal de Puerto Ibanez (cerro = colline...)\"\n\t\t\t\tclass=\"ngg-fancybox\" rel=\"44785556f994e07941cd6f1219a452a2\" data-image-id=\"2944\" data-src=\"https:\/\/letourdumondeen.fr\/wp-content\/gallery\/Carretera%20Austral\/DSCN1817.JPG\" data-thumbnail=\"https:\/\/letourdumondeen.fr\/wp-content\/gallery\/Carretera%20Austral\/thumbs\/thumbs_DSCN1817.JPG\" data-title=\"El Cerro Piramidal de Puerto Ibanez (cerro = colline...)\" data-description=\"El Cerro Piramidal de Puerto Ibanez (cerro = colline...)\"\t\t\t\t>\n\t\t\t\t\t\t\t\t<img title=\"El Cerro Piramidal de Puerto Ibanez (cerro = colline...)\" alt=\"El Cerro Piramidal de Puerto Ibanez (cerro = colline...)\" src=\"\n\t\t\t\t\t\t\t\t\t\thttps:\/\/letourdumondeen.fr\/wp-content\/gallery\/Carretera%20Austral\/thumbs\/thumbs_DSCN1817.JPG\t\t\t\t\" \n\t\t\t\t\twidth='120' height='90'\t\t\t\t\/>\n\t\t\t\t\t\t\t<\/a>\n\t\t<\/div>\n\t<\/div>\n\n\t\t\t\t\t\t\t\t\t\n\t\n\t<div id=\"ngg-image-2945\" class=\"ngg-gallery-thumbnail-box\" \n\t\t\t\t\t\t\t\t\t\t>\n\t\t<div class=\"ngg-gallery-thumbnail\" >\n\t\t\t<a href=\"\n\t\t\thttps:\/\/letourdumondeen.fr\/wp-content\/gallery\/Carretera%20Austral\/DSCN1831.JPG\t\t\t\"\n\t\t\t\ttitle=\"Chile Chico - rassemblement pour la f\u00eate nationale\"\n\t\t\t\tclass=\"ngg-fancybox\" rel=\"44785556f994e07941cd6f1219a452a2\" data-image-id=\"2945\" data-src=\"https:\/\/letourdumondeen.fr\/wp-content\/gallery\/Carretera%20Austral\/DSCN1831.JPG\" data-thumbnail=\"https:\/\/letourdumondeen.fr\/wp-content\/gallery\/Carretera%20Austral\/thumbs\/thumbs_DSCN1831.JPG\" data-title=\"Chile Chico - rassemblement pour la f\u00eate nationale\" data-description=\"Chile Chico - rassemblement pour la f\u00eate nationale\"\t\t\t\t>\n\t\t\t\t\t\t\t\t<img title=\"Chile Chico - rassemblement pour la f\u00eate nationale\" alt=\"Chile Chico - rassemblement pour la f\u00eate nationale\" src=\"\n\t\t\t\t\t\t\t\t\t\thttps:\/\/letourdumondeen.fr\/wp-content\/gallery\/Carretera%20Austral\/thumbs\/thumbs_DSCN1831.JPG\t\t\t\t\" \n\t\t\t\t\twidth='120' height='90'\t\t\t\t\/>\n\t\t\t\t\t\t\t<\/a>\n\t\t<\/div>\n\t<\/div>\n\n\t\t\t\t\t\t\t\t\t\n\t\n\t<div id=\"ngg-image-2962\" class=\"ngg-gallery-thumbnail-box\" \n\t\t\t\t\t\t\t\t\t\t>\n\t\t<div class=\"ngg-gallery-thumbnail\" >\n\t\t\t<a href=\"\n\t\t\thttps:\/\/letourdumondeen.fr\/wp-content\/gallery\/Carretera%20Austral\/DSC_1556.JPG\t\t\t\"\n\t\t\t\ttitle=\"Chile Chico - Lago General Carrera\"\n\t\t\t\tclass=\"ngg-fancybox\" rel=\"44785556f994e07941cd6f1219a452a2\" data-image-id=\"2962\" data-src=\"https:\/\/letourdumondeen.fr\/wp-content\/gallery\/Carretera%20Austral\/DSC_1556.JPG\" data-thumbnail=\"https:\/\/letourdumondeen.fr\/wp-content\/gallery\/Carretera%20Austral\/thumbs\/thumbs_DSC_1556.JPG\" data-title=\"Chile Chico - Lago General Carrera\" data-description=\"Chile Chico - Lago General Carrera\"\t\t\t\t>\n\t\t\t\t\t\t\t\t<img title=\"Chile Chico - Lago General Carrera\" alt=\"Chile Chico - Lago General Carrera\" src=\"\n\t\t\t\t\t\t\t\t\t\thttps:\/\/letourdumondeen.fr\/wp-content\/gallery\/Carretera%20Austral\/thumbs\/thumbs_DSC_1556.JPG\t\t\t\t\" \n\t\t\t\t\twidth='120' height='90'\t\t\t\t\/>\n\t\t\t\t\t\t\t<\/a>\n\t\t<\/div>\n\t<\/div>\n\n\t\t\t\t\t\t\t\t\t\n\t\n\t<div id=\"ngg-image-2961\" class=\"ngg-gallery-thumbnail-box\" \n\t\t\t\t\t\t\t\t\t\t>\n\t\t<div class=\"ngg-gallery-thumbnail\" >\n\t\t\t<a href=\"\n\t\t\thttps:\/\/letourdumondeen.fr\/wp-content\/gallery\/Carretera%20Austral\/DSC_1539.JPG\t\t\t\"\n\t\t\t\ttitle=\"Chile Chico - Au bout de cette route, l&#039;Argentine !\"\n\t\t\t\tclass=\"ngg-fancybox\" rel=\"44785556f994e07941cd6f1219a452a2\" data-image-id=\"2961\" data-src=\"https:\/\/letourdumondeen.fr\/wp-content\/gallery\/Carretera%20Austral\/DSC_1539.JPG\" data-thumbnail=\"https:\/\/letourdumondeen.fr\/wp-content\/gallery\/Carretera%20Austral\/thumbs\/thumbs_DSC_1539.JPG\" data-title=\"Chile Chico - Au bout de cette route, l&#039;Argentine !\" data-description=\"Chile Chico - Au bout de cette route, l&#039;Argentine !\"\t\t\t\t>\n\t\t\t\t\t\t\t\t<img title=\"Chile Chico - Au bout de cette route, l&#039;Argentine !\" alt=\"Chile Chico - Au bout de cette route, l&#039;Argentine !\" src=\"\n\t\t\t\t\t\t\t\t\t\thttps:\/\/letourdumondeen.fr\/wp-content\/gallery\/Carretera%20Austral\/thumbs\/thumbs_DSC_1539.JPG\t\t\t\t\" \n\t\t\t\t\twidth='120' height='90'\t\t\t\t\/>\n\t\t\t\t\t\t\t<\/a>\n\t\t<\/div>\n\t<\/div>\n\n\t\t\t\t\t\t\t\t\t\n\t\n\t<!-- Pagination -->\n\t\t<div class='ngg-clear'><\/div>\n<\/div>\n\n\t<\/p>\n","protected":false},"excerpt":{"rendered":"<p>Nous voici en Patagonie\u00a0! Plus pr\u00e9cis\u00e9ment, au nord de la Patagonie chilienne, dans la r\u00e9gion de la Carretera Austral, du nom de la route qui la traverse. Une r\u00e9gion extraordinaire, aux paysages somptueux, o\u00f9 l&rsquo;hiver embellit les montagnes, cr\u00e9ant des<\/p>\n","protected":false},"author":2,"featured_media":7892,"comment_status":"open","ping_status":"open","sticky":false,"template":"","format":"standard","meta":{"ngg_post_thumbnail":0,"footnotes":"","_links_to":"","_links_to_target":""},"categories":[4,19],"tags":[],"class_list":["post-7791","post","type-post","status-publish","format-standard","has-post-thumbnail","hentry","category-amerique-du-sud","category-chile"],"_links":{"self":[{"href":"https:\/\/letourdumondeen.fr\/index.php?rest_route=\/wp\/v2\/posts\/7791","targetHints":{"allow":["GET"]}}],"collection":[{"href":"https:\/\/letourdumondeen.fr\/index.php?rest_route=\/wp\/v2\/posts"}],"about":[{"href":"https:\/\/letourdumondeen.fr\/index.php?rest_route=\/wp\/v2\/types\/post"}],"author":[{"embeddable":true,"href":"https:\/\/letourdumondeen.fr\/index.php?rest_route=\/wp\/v2\/users\/2"}],"replies":[{"embeddable":true,"href":"https:\/\/letourdumondeen.fr\/index.php?rest_route=%2Fwp%2Fv2%2Fcomments&post=7791"}],"version-history":[{"count":6,"href":"https:\/\/letourdumondeen.fr\/index.php?rest_route=\/wp\/v2\/posts\/7791\/revisions"}],"predecessor-version":[{"id":7895,"href":"https:\/\/letourdumondeen.fr\/index.php?rest_route=\/wp\/v2\/posts\/7791\/revisions\/7895"}],"wp:featuredmedia":[{"embeddable":true,"href":"https:\/\/letourdumondeen.fr\/index.php?rest_route=\/wp\/v2\/media\/7892"}],"wp:attachment":[{"href":"https:\/\/letourdumondeen.fr\/index.php?rest_route=%2Fwp%2Fv2%2Fmedia&parent=7791"}],"wp:term":[{"taxonomy":"category","embeddable":true,"href":"https:\/\/letourdumondeen.fr\/index.php?rest_route=%2Fwp%2Fv2%2Fcategories&post=7791"},{"taxonomy":"post_tag","embeddable":true,"href":"https:\/\/letourdumondeen.fr\/index.php?rest_route=%2Fwp%2Fv2%2Ftags&post=7791"}],"curies":[{"name":"wp","href":"https:\/\/api.w.org\/{rel}","templated":true}]}}