{"id":6517,"date":"2015-07-12T03:23:46","date_gmt":"2015-07-12T02:23:46","guid":{"rendered":"https:\/\/letourdumondeen.fr\/?p=6517"},"modified":"2015-07-12T03:23:46","modified_gmt":"2015-07-12T02:23:46","slug":"au-coeur-de-lhiver-bolivien-au-sud-lipez-et-au-salar-duyuni","status":"publish","type":"post","link":"https:\/\/letourdumondeen.fr\/?p=6517","title":{"rendered":"Au c\u0153ur de l&rsquo;hiver Bolivien au Sud Lipez et au Salar d&rsquo;Uyuni"},"content":{"rendered":"<p>Incroyable, exceptionnel, grandiose.<\/p><p>Voil\u00e0 les quelques adjectifs qui nous viennent \u00e0 l&rsquo;esprit pour d\u00e9crire les 4 jours que nous venons de vivre au sud de la Bolivie : entre<strong> les lacs color\u00e9s du Sud Lipez<\/strong> et <strong>les d\u00e9serts de sel autour d&rsquo;Uyuni<\/strong>.<\/p><p><!--more--><\/p><p>Perdus devant l&rsquo;immensit\u00e9 de la nature, nous avons pu contempler l\u2019\u0153uvre de Pachamama, la Terre-M\u00e8re, durant une excursion de 4 jours, en jeep, depuis Tupiza jusqu&rsquo;\u00e0 Uyuni.<\/p><p>Situ\u00e9s sur l&rsquo;Altiplano, les sites que nous visitons se situent entre 2800 m et 5000 m d&rsquo;altitude. Nous y affrontons un vent glacial, le froid (jusqu&rsquo;\u00e0 -20\u00b0C la nuit) et m\u00eame la neige. Et oui, nous sommes en plein hiver ! Cela ne nous emp\u00eache pas de profiter des paysages magnifiques qui s&rsquo;offrent \u00e0 nous : on cumule les couches de v\u00eatements, on s&rsquo;active dehors pour admirer la vue et prendre des photos puis on remonte vite dans le v\u00e9hicule.<\/p>\n<ul>\n<li>Le 1er jour, apr\u00e8s notre rencontre avec F\u00e9lix notre guide\/chauffeur, Lydia notre cuisini\u00e8re\/p\u00e2tissi\u00e8re, et nos deux comparses de 4&#215;4 : Janna et Kristina, nous encha\u00eenons les kilom\u00e8tres pour nous rapprocher de la R\u00e9serve nationale Eduardo Avaroa. Le soir, autour d&rsquo;un bon d\u00eener, nous faisons connaissance avec les voyageurs des 2 autres jeeps, qui ont r\u00e9serv\u00e9 ce circuit dans la m\u00eame agence que nous.<\/li>\n<li>Le 2nd jour, nous approchons des fronti\u00e8res chiliennes et argentines et y d\u00e9couvrons les lacs du parc REA, certains gel\u00e9s, d&rsquo;autres aux couleurs chatoyantes. Les paysages sont superbes. Nous montons aussi jusqu&rsquo;\u00e0 5000 m pour observer des geysers. Les efforts \u00e9tant mod\u00e9r\u00e9s (on rentre et on sort de la voiture), nous ne ressentons pas les m\u00e9faits de l&rsquo;altitude, par contre nous sentons bien le vent glacial nous p\u00e9n\u00e9trer jusqu&rsquo;\u00e0 la moelle. Cette nuit sera la plus fra\u00eeche (un maximum \u00e0 -20\u00b0C), on est plus qu&rsquo;heureux de voir F\u00e9lix apporter un fagot de bois pour alimenter le po\u00eale de la salle commune et on se f\u00e9licite d&rsquo;avoir pris l&rsquo;option \u00ab\u00a0sac de couchage polaire\u00a0\u00bb que proposait l&rsquo;agence.<\/li>\n<li>Le 3\u00e8me jour, nous quittons la r\u00e9serve et remontons vers le nord, en passant par le d\u00e9sert de Siloli. Particuli\u00e8rement ce jour-l\u00e0, alors que la plaine est enneig\u00e9e, nous nous rendons compte de l&rsquo;immensit\u00e9 des lieux. Aucune habitation, des espaces sauvages \u00e0 perte de vue. Et nous, seuls, dans notre jeep, nous avan\u00e7ons, au milieu de nul part. En fin d&rsquo;apr\u00e8s-midi, apr\u00e8s avoir travers\u00e9 le salar de Chiguana qui nous aura laiss\u00e9s bouche-b\u00e9e devant ses mirages, nous d\u00e9barquons dans un h\u00f4tel de sel, o\u00f9 nous passerons la nuit. Nous festoyons autour d&rsquo;un beau g\u00e2teau d&rsquo;anniversaire (merci Ana\u00efs, petite comploteuse) avec nos compagnons de route.<\/li>\n<li>Le 4\u00e8me jour, nous nous levons \u00e0 l&rsquo;aube pour aller admirer le lever du soleil depuis l&rsquo;\u00eele d&rsquo;Incahuasi, au milieu du Salar d&rsquo;Uyuni. Apr\u00e8s quoi, nous mettons notre talent cr\u00e9atif \u00e0 l\u2019\u0153uvre lors d&rsquo;une session photo burlesque, un grand classique du Salar. Il est ensuite temps pour nous de laisser F\u00e9lix et Lydia, avec une petite touche d&rsquo;amertume qui annonce la fin de cette aventure. Nous patientons l&rsquo;apr\u00e8s-midi dans la ville d&rsquo;Uyuni avec nos copains de route, chacun attendant son transport (de nuit) vers de nouveaux horizons.<\/li>\n<\/ul><p>\n<div class=\"ngg-galleryoverview\" id=\"ngg-gallery-dfa456681aa909bc46be4a4d1c0c38fe-6517\">\n\n\t\t\n\t<!-- Thumbnails -->\n\t\t\t\t\n\t<div id=\"ngg-image-2461\" class=\"ngg-gallery-thumbnail-box\" \n\t\t\t\t\t\t\t\t\t\t>\n\t\t<div class=\"ngg-gallery-thumbnail\" >\n\t\t\t<a href=\"\n\t\t\thttps:\/\/letourdumondeen.fr\/wp-content\/gallery\/Salar\/DSC_7053.JPG\t\t\t\"\n\t\t\t\ttitle=\"J1 - Sur la route\"\n\t\t\t\tclass=\"ngg-fancybox\" rel=\"dfa456681aa909bc46be4a4d1c0c38fe\" data-image-id=\"2461\" data-src=\"https:\/\/letourdumondeen.fr\/wp-content\/gallery\/Salar\/DSC_7053.JPG\" data-thumbnail=\"https:\/\/letourdumondeen.fr\/wp-content\/gallery\/Salar\/thumbs\/thumbs_DSC_7053.JPG\" data-title=\"J1 - Sur la route\" data-description=\"J1 - Sur la route\"\t\t\t\t>\n\t\t\t\t\t\t\t\t<img title=\"J1 - Sur la route\" alt=\"J1 - Sur la route\" src=\"\n\t\t\t\t\t\t\t\t\t\thttps:\/\/letourdumondeen.fr\/wp-content\/gallery\/Salar\/thumbs\/thumbs_DSC_7053.JPG\t\t\t\t\" \n\t\t\t\t\twidth='120' height='90'\t\t\t\t\/>\n\t\t\t\t\t\t\t<\/a>\n\t\t<\/div>\n\t<\/div>\n\n\t\t\t\t\t\t\t\t\t\n\t\n\t<div id=\"ngg-image-2463\" class=\"ngg-gallery-thumbnail-box\" \n\t\t\t\t\t\t\t\t\t\t>\n\t\t<div class=\"ngg-gallery-thumbnail\" >\n\t\t\t<a href=\"\n\t\t\thttps:\/\/letourdumondeen.fr\/wp-content\/gallery\/Salar\/DSC_7069.JPG\t\t\t\"\n\t\t\t\ttitle=\"J1 - Sur la route\"\n\t\t\t\tclass=\"ngg-fancybox\" rel=\"dfa456681aa909bc46be4a4d1c0c38fe\" data-image-id=\"2463\" data-src=\"https:\/\/letourdumondeen.fr\/wp-content\/gallery\/Salar\/DSC_7069.JPG\" data-thumbnail=\"https:\/\/letourdumondeen.fr\/wp-content\/gallery\/Salar\/thumbs\/thumbs_DSC_7069.JPG\" data-title=\"J1 - Sur la route\" data-description=\"J1 - Sur la route\"\t\t\t\t>\n\t\t\t\t\t\t\t\t<img title=\"J1 - Sur la route\" alt=\"J1 - Sur la route\" src=\"\n\t\t\t\t\t\t\t\t\t\thttps:\/\/letourdumondeen.fr\/wp-content\/gallery\/Salar\/thumbs\/thumbs_DSC_7069.JPG\t\t\t\t\" \n\t\t\t\t\twidth='120' height='90'\t\t\t\t\/>\n\t\t\t\t\t\t\t<\/a>\n\t\t<\/div>\n\t<\/div>\n\n\t\t\t\t\t\t\t\t\t\n\t\n\t<div id=\"ngg-image-2443\" class=\"ngg-gallery-thumbnail-box\" \n\t\t\t\t\t\t\t\t\t\t>\n\t\t<div class=\"ngg-gallery-thumbnail\" >\n\t\t\t<a href=\"\n\t\t\thttps:\/\/letourdumondeen.fr\/wp-content\/gallery\/Salar\/DSCN9147.JPG\t\t\t\"\n\t\t\t\ttitle=\"J1 - Sur la route\"\n\t\t\t\tclass=\"ngg-fancybox\" rel=\"dfa456681aa909bc46be4a4d1c0c38fe\" data-image-id=\"2443\" data-src=\"https:\/\/letourdumondeen.fr\/wp-content\/gallery\/Salar\/DSCN9147.JPG\" data-thumbnail=\"https:\/\/letourdumondeen.fr\/wp-content\/gallery\/Salar\/thumbs\/thumbs_DSCN9147.JPG\" data-title=\"J1 - Sur la route\" data-description=\"J1 - Sur la route\"\t\t\t\t>\n\t\t\t\t\t\t\t\t<img title=\"J1 - Sur la route\" alt=\"J1 - Sur la route\" src=\"\n\t\t\t\t\t\t\t\t\t\thttps:\/\/letourdumondeen.fr\/wp-content\/gallery\/Salar\/thumbs\/thumbs_DSCN9147.JPG\t\t\t\t\" \n\t\t\t\t\twidth='120' height='90'\t\t\t\t\/>\n\t\t\t\t\t\t\t<\/a>\n\t\t<\/div>\n\t<\/div>\n\n\t\t\t\t\t\t\t\t\t\n\t\n\t<div id=\"ngg-image-2435\" class=\"ngg-gallery-thumbnail-box\" \n\t\t\t\t\t\t\t\t\t\t>\n\t\t<div class=\"ngg-gallery-thumbnail\" >\n\t\t\t<a href=\"\n\t\t\thttps:\/\/letourdumondeen.fr\/wp-content\/gallery\/Salar\/DSC00469.JPG\t\t\t\"\n\t\t\t\ttitle=\"J1 - Pueblo Fantasma, ville fant\u00f4me d&#039;anciens mineurs\"\n\t\t\t\tclass=\"ngg-fancybox\" rel=\"dfa456681aa909bc46be4a4d1c0c38fe\" data-image-id=\"2435\" data-src=\"https:\/\/letourdumondeen.fr\/wp-content\/gallery\/Salar\/DSC00469.JPG\" data-thumbnail=\"https:\/\/letourdumondeen.fr\/wp-content\/gallery\/Salar\/thumbs\/thumbs_DSC00469.JPG\" data-title=\"J1 - Pueblo Fantasma, ville fant\u00f4me d&#039;anciens mineurs\" data-description=\"J1 - Pueblo Fantasma, ville fant\u00f4me d&#039;anciens mineurs\"\t\t\t\t>\n\t\t\t\t\t\t\t\t<img title=\"J1 - Pueblo Fantasma, ville fant\u00f4me d&#039;anciens mineurs\" alt=\"J1 - Pueblo Fantasma, ville fant\u00f4me d&#039;anciens mineurs\" src=\"\n\t\t\t\t\t\t\t\t\t\thttps:\/\/letourdumondeen.fr\/wp-content\/gallery\/Salar\/thumbs\/thumbs_DSC00469.JPG\t\t\t\t\" \n\t\t\t\t\twidth='120' height='90'\t\t\t\t\/>\n\t\t\t\t\t\t\t<\/a>\n\t\t<\/div>\n\t<\/div>\n\n\t\t\t\t\t\t\t\t\t\n\t\n\t<div id=\"ngg-image-2462\" class=\"ngg-gallery-thumbnail-box\" \n\t\t\t\t\t\t\t\t\t\t>\n\t\t<div class=\"ngg-gallery-thumbnail\" >\n\t\t\t<a href=\"\n\t\t\thttps:\/\/letourdumondeen.fr\/wp-content\/gallery\/Salar\/DSC_7061.JPG\t\t\t\"\n\t\t\t\ttitle=\"J1 - Pueblo Fantasma\"\n\t\t\t\tclass=\"ngg-fancybox\" rel=\"dfa456681aa909bc46be4a4d1c0c38fe\" data-image-id=\"2462\" data-src=\"https:\/\/letourdumondeen.fr\/wp-content\/gallery\/Salar\/DSC_7061.JPG\" data-thumbnail=\"https:\/\/letourdumondeen.fr\/wp-content\/gallery\/Salar\/thumbs\/thumbs_DSC_7061.JPG\" data-title=\"J1 - Pueblo Fantasma\" data-description=\"J1 - Pueblo Fantasma\"\t\t\t\t>\n\t\t\t\t\t\t\t\t<img title=\"J1 - Pueblo Fantasma\" alt=\"J1 - Pueblo Fantasma\" src=\"\n\t\t\t\t\t\t\t\t\t\thttps:\/\/letourdumondeen.fr\/wp-content\/gallery\/Salar\/thumbs\/thumbs_DSC_7061.JPG\t\t\t\t\" \n\t\t\t\t\twidth='120' height='90'\t\t\t\t\/>\n\t\t\t\t\t\t\t<\/a>\n\t\t<\/div>\n\t<\/div>\n\n\t\t\t\t\t\t\t\t\t\n\t\n\t<div id=\"ngg-image-2441\" class=\"ngg-gallery-thumbnail-box\" \n\t\t\t\t\t\t\t\t\t\t>\n\t\t<div class=\"ngg-gallery-thumbnail\" >\n\t\t\t<a href=\"\n\t\t\thttps:\/\/letourdumondeen.fr\/wp-content\/gallery\/Salar\/DSCN9138.JPG\t\t\t\"\n\t\t\t\ttitle=\"J1 - Viscacha au Pueblo Fantasma\"\n\t\t\t\tclass=\"ngg-fancybox\" rel=\"dfa456681aa909bc46be4a4d1c0c38fe\" data-image-id=\"2441\" data-src=\"https:\/\/letourdumondeen.fr\/wp-content\/gallery\/Salar\/DSCN9138.JPG\" data-thumbnail=\"https:\/\/letourdumondeen.fr\/wp-content\/gallery\/Salar\/thumbs\/thumbs_DSCN9138.JPG\" data-title=\"J1 - Viscacha au Pueblo Fantasma\" data-description=\"J1 - Viscacha au Pueblo Fantasma\"\t\t\t\t>\n\t\t\t\t\t\t\t\t<img title=\"J1 - Viscacha au Pueblo Fantasma\" alt=\"J1 - Viscacha au Pueblo Fantasma\" src=\"\n\t\t\t\t\t\t\t\t\t\thttps:\/\/letourdumondeen.fr\/wp-content\/gallery\/Salar\/thumbs\/thumbs_DSCN9138.JPG\t\t\t\t\" \n\t\t\t\t\twidth='120' height='90'\t\t\t\t\/>\n\t\t\t\t\t\t\t<\/a>\n\t\t<\/div>\n\t<\/div>\n\n\t\t\t\t\t\t\t\t\t\n\t\n\t<div id=\"ngg-image-2442\" class=\"ngg-gallery-thumbnail-box\" \n\t\t\t\t\t\t\t\t\t\t>\n\t\t<div class=\"ngg-gallery-thumbnail\" >\n\t\t\t<a href=\"\n\t\t\thttps:\/\/letourdumondeen.fr\/wp-content\/gallery\/Salar\/DSCN9146.JPG\t\t\t\"\n\t\t\t\ttitle=\"J1 - Pueblo Fantasma\"\n\t\t\t\tclass=\"ngg-fancybox\" rel=\"dfa456681aa909bc46be4a4d1c0c38fe\" data-image-id=\"2442\" data-src=\"https:\/\/letourdumondeen.fr\/wp-content\/gallery\/Salar\/DSCN9146.JPG\" data-thumbnail=\"https:\/\/letourdumondeen.fr\/wp-content\/gallery\/Salar\/thumbs\/thumbs_DSCN9146.JPG\" data-title=\"J1 - Pueblo Fantasma\" data-description=\"J1 - Pueblo Fantasma\"\t\t\t\t>\n\t\t\t\t\t\t\t\t<img title=\"J1 - Pueblo Fantasma\" alt=\"J1 - Pueblo Fantasma\" src=\"\n\t\t\t\t\t\t\t\t\t\thttps:\/\/letourdumondeen.fr\/wp-content\/gallery\/Salar\/thumbs\/thumbs_DSCN9146.JPG\t\t\t\t\" \n\t\t\t\t\twidth='120' height='90'\t\t\t\t\/>\n\t\t\t\t\t\t\t<\/a>\n\t\t<\/div>\n\t<\/div>\n\n\t\t\t\t\t\t\t\t\t\n\t\n\t<div id=\"ngg-image-2444\" class=\"ngg-gallery-thumbnail-box\" \n\t\t\t\t\t\t\t\t\t\t>\n\t\t<div class=\"ngg-gallery-thumbnail\" >\n\t\t\t<a href=\"\n\t\t\thttps:\/\/letourdumondeen.fr\/wp-content\/gallery\/Salar\/DSCN9172.JPG\t\t\t\"\n\t\t\t\ttitle=\"J1 - Laguna Kollpa\"\n\t\t\t\tclass=\"ngg-fancybox\" rel=\"dfa456681aa909bc46be4a4d1c0c38fe\" data-image-id=\"2444\" data-src=\"https:\/\/letourdumondeen.fr\/wp-content\/gallery\/Salar\/DSCN9172.JPG\" data-thumbnail=\"https:\/\/letourdumondeen.fr\/wp-content\/gallery\/Salar\/thumbs\/thumbs_DSCN9172.JPG\" data-title=\"J1 - Laguna Kollpa\" data-description=\"J1 - Laguna Kollpa\"\t\t\t\t>\n\t\t\t\t\t\t\t\t<img title=\"J1 - Laguna Kollpa\" alt=\"J1 - Laguna Kollpa\" src=\"\n\t\t\t\t\t\t\t\t\t\thttps:\/\/letourdumondeen.fr\/wp-content\/gallery\/Salar\/thumbs\/thumbs_DSCN9172.JPG\t\t\t\t\" \n\t\t\t\t\twidth='120' height='90'\t\t\t\t\/>\n\t\t\t\t\t\t\t<\/a>\n\t\t<\/div>\n\t<\/div>\n\n\t\t\t\t\t\t\t\t\t\n\t\n\t<div id=\"ngg-image-2464\" class=\"ngg-gallery-thumbnail-box\" \n\t\t\t\t\t\t\t\t\t\t>\n\t\t<div class=\"ngg-gallery-thumbnail\" >\n\t\t\t<a href=\"\n\t\t\thttps:\/\/letourdumondeen.fr\/wp-content\/gallery\/Salar\/DSC_7118.JPG\t\t\t\"\n\t\t\t\ttitle=\"J2 - Desierto de Dali\"\n\t\t\t\tclass=\"ngg-fancybox\" rel=\"dfa456681aa909bc46be4a4d1c0c38fe\" data-image-id=\"2464\" data-src=\"https:\/\/letourdumondeen.fr\/wp-content\/gallery\/Salar\/DSC_7118.JPG\" data-thumbnail=\"https:\/\/letourdumondeen.fr\/wp-content\/gallery\/Salar\/thumbs\/thumbs_DSC_7118.JPG\" data-title=\"J2 - Desierto de Dali\" data-description=\"J2 - Desierto de Dali\"\t\t\t\t>\n\t\t\t\t\t\t\t\t<img title=\"J2 - Desierto de Dali\" alt=\"J2 - Desierto de Dali\" src=\"\n\t\t\t\t\t\t\t\t\t\thttps:\/\/letourdumondeen.fr\/wp-content\/gallery\/Salar\/thumbs\/thumbs_DSC_7118.JPG\t\t\t\t\" \n\t\t\t\t\twidth='120' height='90'\t\t\t\t\/>\n\t\t\t\t\t\t\t<\/a>\n\t\t<\/div>\n\t<\/div>\n\n\t\t\t\t\t\t\t\t\t\n\t\n\t<div id=\"ngg-image-2470\" class=\"ngg-gallery-thumbnail-box\" \n\t\t\t\t\t\t\t\t\t\t>\n\t\t<div class=\"ngg-gallery-thumbnail\" >\n\t\t\t<a href=\"\n\t\t\thttps:\/\/letourdumondeen.fr\/wp-content\/gallery\/Salar\/DSC_7184.JPG\t\t\t\"\n\t\t\t\ttitle=\"J2 - Une vigogne, cousine sauvage du lama\"\n\t\t\t\tclass=\"ngg-fancybox\" rel=\"dfa456681aa909bc46be4a4d1c0c38fe\" data-image-id=\"2470\" data-src=\"https:\/\/letourdumondeen.fr\/wp-content\/gallery\/Salar\/DSC_7184.JPG\" data-thumbnail=\"https:\/\/letourdumondeen.fr\/wp-content\/gallery\/Salar\/thumbs\/thumbs_DSC_7184.JPG\" data-title=\"J2 - Une vigogne, cousine sauvage du lama\" data-description=\"J2 - Une vigogne, cousine sauvage du lama\"\t\t\t\t>\n\t\t\t\t\t\t\t\t<img title=\"J2 - Une vigogne, cousine sauvage du lama\" alt=\"J2 - Une vigogne, cousine sauvage du lama\" src=\"\n\t\t\t\t\t\t\t\t\t\thttps:\/\/letourdumondeen.fr\/wp-content\/gallery\/Salar\/thumbs\/thumbs_DSC_7184.JPG\t\t\t\t\" \n\t\t\t\t\twidth='120' height='90'\t\t\t\t\/>\n\t\t\t\t\t\t\t<\/a>\n\t\t<\/div>\n\t<\/div>\n\n\t\t\t\t\t\t\t\t\t\n\t\n\t<div id=\"ngg-image-2465\" class=\"ngg-gallery-thumbnail-box\" \n\t\t\t\t\t\t\t\t\t\t>\n\t\t<div class=\"ngg-gallery-thumbnail\" >\n\t\t\t<a href=\"\n\t\t\thttps:\/\/letourdumondeen.fr\/wp-content\/gallery\/Salar\/DSC_7127.JPG\t\t\t\"\n\t\t\t\ttitle=\"J2 - Laguna Verde\"\n\t\t\t\tclass=\"ngg-fancybox\" rel=\"dfa456681aa909bc46be4a4d1c0c38fe\" data-image-id=\"2465\" data-src=\"https:\/\/letourdumondeen.fr\/wp-content\/gallery\/Salar\/DSC_7127.JPG\" data-thumbnail=\"https:\/\/letourdumondeen.fr\/wp-content\/gallery\/Salar\/thumbs\/thumbs_DSC_7127.JPG\" data-title=\"J2 - Laguna Verde\" data-description=\"J2 - Laguna Verde\"\t\t\t\t>\n\t\t\t\t\t\t\t\t<img title=\"J2 - Laguna Verde\" alt=\"J2 - Laguna Verde\" src=\"\n\t\t\t\t\t\t\t\t\t\thttps:\/\/letourdumondeen.fr\/wp-content\/gallery\/Salar\/thumbs\/thumbs_DSC_7127.JPG\t\t\t\t\" \n\t\t\t\t\twidth='120' height='90'\t\t\t\t\/>\n\t\t\t\t\t\t\t<\/a>\n\t\t<\/div>\n\t<\/div>\n\n\t\t\t\t\t\t\t\t\t\n\t\n\t<div id=\"ngg-image-2436\" class=\"ngg-gallery-thumbnail-box\" \n\t\t\t\t\t\t\t\t\t\t>\n\t\t<div class=\"ngg-gallery-thumbnail\" >\n\t\t\t<a href=\"\n\t\t\thttps:\/\/letourdumondeen.fr\/wp-content\/gallery\/Salar\/DSC00590.JPG\t\t\t\"\n\t\t\t\ttitle=\"J2 - Devant le Laguna Verde\"\n\t\t\t\tclass=\"ngg-fancybox\" rel=\"dfa456681aa909bc46be4a4d1c0c38fe\" data-image-id=\"2436\" data-src=\"https:\/\/letourdumondeen.fr\/wp-content\/gallery\/Salar\/DSC00590.JPG\" data-thumbnail=\"https:\/\/letourdumondeen.fr\/wp-content\/gallery\/Salar\/thumbs\/thumbs_DSC00590.JPG\" data-title=\"J2 - Devant le Laguna Verde\" data-description=\"J2 - Devant le Laguna Verde\"\t\t\t\t>\n\t\t\t\t\t\t\t\t<img title=\"J2 - Devant le Laguna Verde\" alt=\"J2 - Devant le Laguna Verde\" src=\"\n\t\t\t\t\t\t\t\t\t\thttps:\/\/letourdumondeen.fr\/wp-content\/gallery\/Salar\/thumbs\/thumbs_DSC00590.JPG\t\t\t\t\" \n\t\t\t\t\twidth='120' height='90'\t\t\t\t\/>\n\t\t\t\t\t\t\t<\/a>\n\t\t<\/div>\n\t<\/div>\n\n\t\t\t\t\t\t\t\t\t\n\t\n\t<div id=\"ngg-image-2445\" class=\"ngg-gallery-thumbnail-box\" \n\t\t\t\t\t\t\t\t\t\t>\n\t\t<div class=\"ngg-gallery-thumbnail\" >\n\t\t\t<a href=\"\n\t\t\thttps:\/\/letourdumondeen.fr\/wp-content\/gallery\/Salar\/DSCN9242.JPG\t\t\t\"\n\t\t\t\ttitle=\"J2 - Geysers, 5000 m d&#039;altitude\"\n\t\t\t\tclass=\"ngg-fancybox\" rel=\"dfa456681aa909bc46be4a4d1c0c38fe\" data-image-id=\"2445\" data-src=\"https:\/\/letourdumondeen.fr\/wp-content\/gallery\/Salar\/DSCN9242.JPG\" data-thumbnail=\"https:\/\/letourdumondeen.fr\/wp-content\/gallery\/Salar\/thumbs\/thumbs_DSCN9242.JPG\" data-title=\"J2 - Geysers, 5000 m d&#039;altitude\" data-description=\"J2 - Geysers, 5000 m d&#039;altitude\"\t\t\t\t>\n\t\t\t\t\t\t\t\t<img title=\"J2 - Geysers, 5000 m d&#039;altitude\" alt=\"J2 - Geysers, 5000 m d&#039;altitude\" src=\"\n\t\t\t\t\t\t\t\t\t\thttps:\/\/letourdumondeen.fr\/wp-content\/gallery\/Salar\/thumbs\/thumbs_DSCN9242.JPG\t\t\t\t\" \n\t\t\t\t\twidth='120' height='90'\t\t\t\t\/>\n\t\t\t\t\t\t\t<\/a>\n\t\t<\/div>\n\t<\/div>\n\n\t\t\t\t\t\t\t\t\t\n\t\n\t<div id=\"ngg-image-2469\" class=\"ngg-gallery-thumbnail-box\" \n\t\t\t\t\t\t\t\t\t\t>\n\t\t<div class=\"ngg-gallery-thumbnail\" >\n\t\t\t<a href=\"\n\t\t\thttps:\/\/letourdumondeen.fr\/wp-content\/gallery\/Salar\/DSC_7180.JPG\t\t\t\"\n\t\t\t\ttitle=\"J2 - Geysers, 5000 m d&#039;altitude\"\n\t\t\t\tclass=\"ngg-fancybox\" rel=\"dfa456681aa909bc46be4a4d1c0c38fe\" data-image-id=\"2469\" data-src=\"https:\/\/letourdumondeen.fr\/wp-content\/gallery\/Salar\/DSC_7180.JPG\" data-thumbnail=\"https:\/\/letourdumondeen.fr\/wp-content\/gallery\/Salar\/thumbs\/thumbs_DSC_7180.JPG\" data-title=\"J2 - Geysers, 5000 m d&#039;altitude\" data-description=\"J2 - Geysers, 5000 m d&#039;altitude\"\t\t\t\t>\n\t\t\t\t\t\t\t\t<img title=\"J2 - Geysers, 5000 m d&#039;altitude\" alt=\"J2 - Geysers, 5000 m d&#039;altitude\" src=\"\n\t\t\t\t\t\t\t\t\t\thttps:\/\/letourdumondeen.fr\/wp-content\/gallery\/Salar\/thumbs\/thumbs_DSC_7180.JPG\t\t\t\t\" \n\t\t\t\t\twidth='120' height='90'\t\t\t\t\/>\n\t\t\t\t\t\t\t<\/a>\n\t\t<\/div>\n\t<\/div>\n\n\t\t\t\t\t\t\t\t\t\n\t\n\t<div id=\"ngg-image-2466\" class=\"ngg-gallery-thumbnail-box\" \n\t\t\t\t\t\t\t\t\t\t>\n\t\t<div class=\"ngg-gallery-thumbnail\" >\n\t\t\t<a href=\"\n\t\t\thttps:\/\/letourdumondeen.fr\/wp-content\/gallery\/Salar\/DSC_7136.JPG\t\t\t\"\n\t\t\t\ttitle=\"J2 - Aguas termales\"\n\t\t\t\tclass=\"ngg-fancybox\" rel=\"dfa456681aa909bc46be4a4d1c0c38fe\" data-image-id=\"2466\" data-src=\"https:\/\/letourdumondeen.fr\/wp-content\/gallery\/Salar\/DSC_7136.JPG\" data-thumbnail=\"https:\/\/letourdumondeen.fr\/wp-content\/gallery\/Salar\/thumbs\/thumbs_DSC_7136.JPG\" data-title=\"J2 - Aguas termales\" data-description=\"J2 - Aguas termales\"\t\t\t\t>\n\t\t\t\t\t\t\t\t<img title=\"J2 - Aguas termales\" alt=\"J2 - Aguas termales\" src=\"\n\t\t\t\t\t\t\t\t\t\thttps:\/\/letourdumondeen.fr\/wp-content\/gallery\/Salar\/thumbs\/thumbs_DSC_7136.JPG\t\t\t\t\" \n\t\t\t\t\twidth='120' height='90'\t\t\t\t\/>\n\t\t\t\t\t\t\t<\/a>\n\t\t<\/div>\n\t<\/div>\n\n\t\t\t\t\t\t\t\t\t\n\t\n\t<div id=\"ngg-image-2467\" class=\"ngg-gallery-thumbnail-box\" \n\t\t\t\t\t\t\t\t\t\t>\n\t\t<div class=\"ngg-gallery-thumbnail\" >\n\t\t\t<a href=\"\n\t\t\thttps:\/\/letourdumondeen.fr\/wp-content\/gallery\/Salar\/DSC_7143.JPG\t\t\t\"\n\t\t\t\ttitle=\"J2 - Aguas termales, trop froid, trop de monde pour nous\"\n\t\t\t\tclass=\"ngg-fancybox\" rel=\"dfa456681aa909bc46be4a4d1c0c38fe\" data-image-id=\"2467\" data-src=\"https:\/\/letourdumondeen.fr\/wp-content\/gallery\/Salar\/DSC_7143.JPG\" data-thumbnail=\"https:\/\/letourdumondeen.fr\/wp-content\/gallery\/Salar\/thumbs\/thumbs_DSC_7143.JPG\" data-title=\"J2 - Aguas termales, trop froid, trop de monde pour nous\" data-description=\"J2 - Aguas termales, trop froid, trop de monde pour nous\"\t\t\t\t>\n\t\t\t\t\t\t\t\t<img title=\"J2 - Aguas termales, trop froid, trop de monde pour nous\" alt=\"J2 - Aguas termales, trop froid, trop de monde pour nous\" src=\"\n\t\t\t\t\t\t\t\t\t\thttps:\/\/letourdumondeen.fr\/wp-content\/gallery\/Salar\/thumbs\/thumbs_DSC_7143.JPG\t\t\t\t\" \n\t\t\t\t\twidth='120' height='90'\t\t\t\t\/>\n\t\t\t\t\t\t\t<\/a>\n\t\t<\/div>\n\t<\/div>\n\n\t\t\t\t\t\t\t\t\t\n\t\n\t<div id=\"ngg-image-2471\" class=\"ngg-gallery-thumbnail-box\" \n\t\t\t\t\t\t\t\t\t\t>\n\t\t<div class=\"ngg-gallery-thumbnail\" >\n\t\t\t<a href=\"\n\t\t\thttps:\/\/letourdumondeen.fr\/wp-content\/gallery\/Salar\/DSC_7187.JPG\t\t\t\"\n\t\t\t\ttitle=\"J2 - A l&#039;approche du Laguna Colorado\"\n\t\t\t\tclass=\"ngg-fancybox\" rel=\"dfa456681aa909bc46be4a4d1c0c38fe\" data-image-id=\"2471\" data-src=\"https:\/\/letourdumondeen.fr\/wp-content\/gallery\/Salar\/DSC_7187.JPG\" data-thumbnail=\"https:\/\/letourdumondeen.fr\/wp-content\/gallery\/Salar\/thumbs\/thumbs_DSC_7187.JPG\" data-title=\"J2 - A l&#039;approche du Laguna Colorado\" data-description=\"J2 - A l&#039;approche du Laguna Colorado\"\t\t\t\t>\n\t\t\t\t\t\t\t\t<img title=\"J2 - A l&#039;approche du Laguna Colorado\" alt=\"J2 - A l&#039;approche du Laguna Colorado\" src=\"\n\t\t\t\t\t\t\t\t\t\thttps:\/\/letourdumondeen.fr\/wp-content\/gallery\/Salar\/thumbs\/thumbs_DSC_7187.JPG\t\t\t\t\" \n\t\t\t\t\twidth='120' height='90'\t\t\t\t\/>\n\t\t\t\t\t\t\t<\/a>\n\t\t<\/div>\n\t<\/div>\n\n\t\t\t\t\t\t\t\t\t\n\t\n\t<div id=\"ngg-image-2473\" class=\"ngg-gallery-thumbnail-box\" \n\t\t\t\t\t\t\t\t\t\t>\n\t\t<div class=\"ngg-gallery-thumbnail\" >\n\t\t\t<a href=\"\n\t\t\thttps:\/\/letourdumondeen.fr\/wp-content\/gallery\/Salar\/DSC_7215.JPG\t\t\t\"\n\t\t\t\ttitle=\"J2 - Laguna Colorado\"\n\t\t\t\tclass=\"ngg-fancybox\" rel=\"dfa456681aa909bc46be4a4d1c0c38fe\" data-image-id=\"2473\" data-src=\"https:\/\/letourdumondeen.fr\/wp-content\/gallery\/Salar\/DSC_7215.JPG\" data-thumbnail=\"https:\/\/letourdumondeen.fr\/wp-content\/gallery\/Salar\/thumbs\/thumbs_DSC_7215.JPG\" data-title=\"J2 - Laguna Colorado\" data-description=\"J2 - Laguna Colorado\"\t\t\t\t>\n\t\t\t\t\t\t\t\t<img title=\"J2 - Laguna Colorado\" alt=\"J2 - Laguna Colorado\" src=\"\n\t\t\t\t\t\t\t\t\t\thttps:\/\/letourdumondeen.fr\/wp-content\/gallery\/Salar\/thumbs\/thumbs_DSC_7215.JPG\t\t\t\t\" \n\t\t\t\t\twidth='120' height='90'\t\t\t\t\/>\n\t\t\t\t\t\t\t<\/a>\n\t\t<\/div>\n\t<\/div>\n\n\t\t\t\t\t\t\t\t\t\n\t\n\t<div id=\"ngg-image-2474\" class=\"ngg-gallery-thumbnail-box\" \n\t\t\t\t\t\t\t\t\t\t>\n\t\t<div class=\"ngg-gallery-thumbnail\" >\n\t\t\t<a href=\"\n\t\t\thttps:\/\/letourdumondeen.fr\/wp-content\/gallery\/Salar\/DSC_7254.JPG\t\t\t\"\n\t\t\t\ttitle=\"J2 - Les flamants roses du Laguna Colorado\"\n\t\t\t\tclass=\"ngg-fancybox\" rel=\"dfa456681aa909bc46be4a4d1c0c38fe\" data-image-id=\"2474\" data-src=\"https:\/\/letourdumondeen.fr\/wp-content\/gallery\/Salar\/DSC_7254.JPG\" data-thumbnail=\"https:\/\/letourdumondeen.fr\/wp-content\/gallery\/Salar\/thumbs\/thumbs_DSC_7254.JPG\" data-title=\"J2 - Les flamants roses du Laguna Colorado\" data-description=\"J2 - Les flamants roses du Laguna Colorado\"\t\t\t\t>\n\t\t\t\t\t\t\t\t<img title=\"J2 - Les flamants roses du Laguna Colorado\" alt=\"J2 - Les flamants roses du Laguna Colorado\" src=\"\n\t\t\t\t\t\t\t\t\t\thttps:\/\/letourdumondeen.fr\/wp-content\/gallery\/Salar\/thumbs\/thumbs_DSC_7254.JPG\t\t\t\t\" \n\t\t\t\t\twidth='120' height='90'\t\t\t\t\/>\n\t\t\t\t\t\t\t<\/a>\n\t\t<\/div>\n\t<\/div>\n\n\t\t\t\t\t\t\t\t\t\n\t\n\t<div id=\"ngg-image-2472\" class=\"ngg-gallery-thumbnail-box\" \n\t\t\t\t\t\t\t\t\t\t>\n\t\t<div class=\"ngg-gallery-thumbnail\" >\n\t\t\t<a href=\"\n\t\t\thttps:\/\/letourdumondeen.fr\/wp-content\/gallery\/Salar\/DSC_7213.JPG\t\t\t\"\n\t\t\t\ttitle=\"J2 - Pinkfloyd style\"\n\t\t\t\tclass=\"ngg-fancybox\" rel=\"dfa456681aa909bc46be4a4d1c0c38fe\" data-image-id=\"2472\" data-src=\"https:\/\/letourdumondeen.fr\/wp-content\/gallery\/Salar\/DSC_7213.JPG\" data-thumbnail=\"https:\/\/letourdumondeen.fr\/wp-content\/gallery\/Salar\/thumbs\/thumbs_DSC_7213.JPG\" data-title=\"J2 - Pinkfloyd style\" data-description=\"J2 - Pinkfloyd style\"\t\t\t\t>\n\t\t\t\t\t\t\t\t<img title=\"J2 - Pinkfloyd style\" alt=\"J2 - Pinkfloyd style\" src=\"\n\t\t\t\t\t\t\t\t\t\thttps:\/\/letourdumondeen.fr\/wp-content\/gallery\/Salar\/thumbs\/thumbs_DSC_7213.JPG\t\t\t\t\" \n\t\t\t\t\twidth='120' height='90'\t\t\t\t\/>\n\t\t\t\t\t\t\t<\/a>\n\t\t<\/div>\n\t<\/div>\n\n\t\t\t\t\t\t\t\t\t\n\t\n\t<div id=\"ngg-image-2475\" class=\"ngg-gallery-thumbnail-box\" \n\t\t\t\t\t\t\t\t\t\t>\n\t\t<div class=\"ngg-gallery-thumbnail\" >\n\t\t\t<a href=\"\n\t\t\thttps:\/\/letourdumondeen.fr\/wp-content\/gallery\/Salar\/DSC_7268.JPG\t\t\t\"\n\t\t\t\ttitle=\"J2 - Laguna Colorado\"\n\t\t\t\tclass=\"ngg-fancybox\" rel=\"dfa456681aa909bc46be4a4d1c0c38fe\" data-image-id=\"2475\" data-src=\"https:\/\/letourdumondeen.fr\/wp-content\/gallery\/Salar\/DSC_7268.JPG\" data-thumbnail=\"https:\/\/letourdumondeen.fr\/wp-content\/gallery\/Salar\/thumbs\/thumbs_DSC_7268.JPG\" data-title=\"J2 - Laguna Colorado\" data-description=\"J2 - Laguna Colorado\"\t\t\t\t>\n\t\t\t\t\t\t\t\t<img title=\"J2 - Laguna Colorado\" alt=\"J2 - Laguna Colorado\" src=\"\n\t\t\t\t\t\t\t\t\t\thttps:\/\/letourdumondeen.fr\/wp-content\/gallery\/Salar\/thumbs\/thumbs_DSC_7268.JPG\t\t\t\t\" \n\t\t\t\t\twidth='120' height='90'\t\t\t\t\/>\n\t\t\t\t\t\t\t<\/a>\n\t\t<\/div>\n\t<\/div>\n\n\t\t\t\t\t\t\t\t\t\n\t\n\t<div id=\"ngg-image-2446\" class=\"ngg-gallery-thumbnail-box\" \n\t\t\t\t\t\t\t\t\t\t>\n\t\t<div class=\"ngg-gallery-thumbnail\" >\n\t\t\t<a href=\"\n\t\t\thttps:\/\/letourdumondeen.fr\/wp-content\/gallery\/Salar\/DSCN9267.JPG\t\t\t\"\n\t\t\t\ttitle=\"J2 - Laguna Colorado\"\n\t\t\t\tclass=\"ngg-fancybox\" rel=\"dfa456681aa909bc46be4a4d1c0c38fe\" data-image-id=\"2446\" data-src=\"https:\/\/letourdumondeen.fr\/wp-content\/gallery\/Salar\/DSCN9267.JPG\" data-thumbnail=\"https:\/\/letourdumondeen.fr\/wp-content\/gallery\/Salar\/thumbs\/thumbs_DSCN9267.JPG\" data-title=\"J2 - Laguna Colorado\" data-description=\"J2 - Laguna Colorado\"\t\t\t\t>\n\t\t\t\t\t\t\t\t<img title=\"J2 - Laguna Colorado\" alt=\"J2 - Laguna Colorado\" src=\"\n\t\t\t\t\t\t\t\t\t\thttps:\/\/letourdumondeen.fr\/wp-content\/gallery\/Salar\/thumbs\/thumbs_DSCN9267.JPG\t\t\t\t\" \n\t\t\t\t\twidth='120' height='90'\t\t\t\t\/>\n\t\t\t\t\t\t\t<\/a>\n\t\t<\/div>\n\t<\/div>\n\n\t\t\t\t\t\t\t\t\t\n\t\n\t<div id=\"ngg-image-2448\" class=\"ngg-gallery-thumbnail-box\" \n\t\t\t\t\t\t\t\t\t\t>\n\t\t<div class=\"ngg-gallery-thumbnail\" >\n\t\t\t<a href=\"\n\t\t\thttps:\/\/letourdumondeen.fr\/wp-content\/gallery\/Salar\/DSCN9287.JPG\t\t\t\"\n\t\t\t\ttitle=\"J2 - Laguna Colorado et ses flamants roses\"\n\t\t\t\tclass=\"ngg-fancybox\" rel=\"dfa456681aa909bc46be4a4d1c0c38fe\" data-image-id=\"2448\" data-src=\"https:\/\/letourdumondeen.fr\/wp-content\/gallery\/Salar\/DSCN9287.JPG\" data-thumbnail=\"https:\/\/letourdumondeen.fr\/wp-content\/gallery\/Salar\/thumbs\/thumbs_DSCN9287.JPG\" data-title=\"J2 - Laguna Colorado et ses flamants roses\" data-description=\"J2 - Laguna Colorado et ses flamants roses\"\t\t\t\t>\n\t\t\t\t\t\t\t\t<img title=\"J2 - Laguna Colorado et ses flamants roses\" alt=\"J2 - Laguna Colorado et ses flamants roses\" src=\"\n\t\t\t\t\t\t\t\t\t\thttps:\/\/letourdumondeen.fr\/wp-content\/gallery\/Salar\/thumbs\/thumbs_DSCN9287.JPG\t\t\t\t\" \n\t\t\t\t\twidth='120' height='90'\t\t\t\t\/>\n\t\t\t\t\t\t\t<\/a>\n\t\t<\/div>\n\t<\/div>\n\n\t\t\t\t\t\t\t\t\t\n\t\n\t<div id=\"ngg-image-2447\" class=\"ngg-gallery-thumbnail-box\" \n\t\t\t\t\t\t\t\t\t\t>\n\t\t<div class=\"ngg-gallery-thumbnail\" >\n\t\t\t<a href=\"\n\t\t\thttps:\/\/letourdumondeen.fr\/wp-content\/gallery\/Salar\/DSCN9279.JPG\t\t\t\"\n\t\t\t\ttitle=\"J2 - Laguna Colorado\"\n\t\t\t\tclass=\"ngg-fancybox\" rel=\"dfa456681aa909bc46be4a4d1c0c38fe\" data-image-id=\"2447\" data-src=\"https:\/\/letourdumondeen.fr\/wp-content\/gallery\/Salar\/DSCN9279.JPG\" data-thumbnail=\"https:\/\/letourdumondeen.fr\/wp-content\/gallery\/Salar\/thumbs\/thumbs_DSCN9279.JPG\" data-title=\"J2 - Laguna Colorado\" data-description=\"J2 - Laguna Colorado\"\t\t\t\t>\n\t\t\t\t\t\t\t\t<img title=\"J2 - Laguna Colorado\" alt=\"J2 - Laguna Colorado\" src=\"\n\t\t\t\t\t\t\t\t\t\thttps:\/\/letourdumondeen.fr\/wp-content\/gallery\/Salar\/thumbs\/thumbs_DSCN9279.JPG\t\t\t\t\" \n\t\t\t\t\twidth='120' height='90'\t\t\t\t\/>\n\t\t\t\t\t\t\t<\/a>\n\t\t<\/div>\n\t<\/div>\n\n\t\t\t\t\t\t\t\t\t\n\t\n\t<div id=\"ngg-image-2449\" class=\"ngg-gallery-thumbnail-box\" \n\t\t\t\t\t\t\t\t\t\t>\n\t\t<div class=\"ngg-gallery-thumbnail\" >\n\t\t\t<a href=\"\n\t\t\thttps:\/\/letourdumondeen.fr\/wp-content\/gallery\/Salar\/DSCN9294.JPG\t\t\t\"\n\t\t\t\ttitle=\"J2 - Laguna Colorado et ses flamants roses\"\n\t\t\t\tclass=\"ngg-fancybox\" rel=\"dfa456681aa909bc46be4a4d1c0c38fe\" data-image-id=\"2449\" data-src=\"https:\/\/letourdumondeen.fr\/wp-content\/gallery\/Salar\/DSCN9294.JPG\" data-thumbnail=\"https:\/\/letourdumondeen.fr\/wp-content\/gallery\/Salar\/thumbs\/thumbs_DSCN9294.JPG\" data-title=\"J2 - Laguna Colorado et ses flamants roses\" data-description=\"J2 - Laguna Colorado et ses flamants roses\"\t\t\t\t>\n\t\t\t\t\t\t\t\t<img title=\"J2 - Laguna Colorado et ses flamants roses\" alt=\"J2 - Laguna Colorado et ses flamants roses\" src=\"\n\t\t\t\t\t\t\t\t\t\thttps:\/\/letourdumondeen.fr\/wp-content\/gallery\/Salar\/thumbs\/thumbs_DSCN9294.JPG\t\t\t\t\" \n\t\t\t\t\twidth='120' height='90'\t\t\t\t\/>\n\t\t\t\t\t\t\t<\/a>\n\t\t<\/div>\n\t<\/div>\n\n\t\t\t\t\t\t\t\t\t\n\t\n\t<div id=\"ngg-image-2450\" class=\"ngg-gallery-thumbnail-box\" \n\t\t\t\t\t\t\t\t\t\t>\n\t\t<div class=\"ngg-gallery-thumbnail\" >\n\t\t\t<a href=\"\n\t\t\thttps:\/\/letourdumondeen.fr\/wp-content\/gallery\/Salar\/DSCN9330.JPG\t\t\t\"\n\t\t\t\ttitle=\"J2 - A Huaylla Jara, o\u00f9 il fait -20\u00b0c la nuit\"\n\t\t\t\tclass=\"ngg-fancybox\" rel=\"dfa456681aa909bc46be4a4d1c0c38fe\" data-image-id=\"2450\" data-src=\"https:\/\/letourdumondeen.fr\/wp-content\/gallery\/Salar\/DSCN9330.JPG\" data-thumbnail=\"https:\/\/letourdumondeen.fr\/wp-content\/gallery\/Salar\/thumbs\/thumbs_DSCN9330.JPG\" data-title=\"J2 - A Huaylla Jara, o\u00f9 il fait -20\u00b0c la nuit\" data-description=\"J2 - A Huaylla Jara, o\u00f9 il fait -20\u00b0c la nuit\"\t\t\t\t>\n\t\t\t\t\t\t\t\t<img title=\"J2 - A Huaylla Jara, o\u00f9 il fait -20\u00b0c la nuit\" alt=\"J2 - A Huaylla Jara, o\u00f9 il fait -20\u00b0c la nuit\" src=\"\n\t\t\t\t\t\t\t\t\t\thttps:\/\/letourdumondeen.fr\/wp-content\/gallery\/Salar\/thumbs\/thumbs_DSCN9330.JPG\t\t\t\t\" \n\t\t\t\t\twidth='120' height='90'\t\t\t\t\/>\n\t\t\t\t\t\t\t<\/a>\n\t\t<\/div>\n\t<\/div>\n\n\t\t\t\t\t\t\t\t\t\n\t\n\t<div id=\"ngg-image-2451\" class=\"ngg-gallery-thumbnail-box\" \n\t\t\t\t\t\t\t\t\t\t>\n\t\t<div class=\"ngg-gallery-thumbnail\" >\n\t\t\t<a href=\"\n\t\t\thttps:\/\/letourdumondeen.fr\/wp-content\/gallery\/Salar\/DSCN9332.JPG\t\t\t\"\n\t\t\t\ttitle=\"J2 - A Huaylla Jara, on est content d&#039;avoir un petit feu\"\n\t\t\t\tclass=\"ngg-fancybox\" rel=\"dfa456681aa909bc46be4a4d1c0c38fe\" data-image-id=\"2451\" data-src=\"https:\/\/letourdumondeen.fr\/wp-content\/gallery\/Salar\/DSCN9332.JPG\" data-thumbnail=\"https:\/\/letourdumondeen.fr\/wp-content\/gallery\/Salar\/thumbs\/thumbs_DSCN9332.JPG\" data-title=\"J2 - A Huaylla Jara, on est content d&#039;avoir un petit feu\" data-description=\"J2 - A Huaylla Jara, on est content d&#039;avoir un petit feu\"\t\t\t\t>\n\t\t\t\t\t\t\t\t<img title=\"J2 - A Huaylla Jara, on est content d&#039;avoir un petit feu\" alt=\"J2 - A Huaylla Jara, on est content d&#039;avoir un petit feu\" src=\"\n\t\t\t\t\t\t\t\t\t\thttps:\/\/letourdumondeen.fr\/wp-content\/gallery\/Salar\/thumbs\/thumbs_DSCN9332.JPG\t\t\t\t\" \n\t\t\t\t\twidth='120' height='90'\t\t\t\t\/>\n\t\t\t\t\t\t\t<\/a>\n\t\t<\/div>\n\t<\/div>\n\n\t\t\t\t\t\t\t\t\t\n\t\n\t<div id=\"ngg-image-2452\" class=\"ngg-gallery-thumbnail-box\" \n\t\t\t\t\t\t\t\t\t\t>\n\t\t<div class=\"ngg-gallery-thumbnail\" >\n\t\t\t<a href=\"\n\t\t\thttps:\/\/letourdumondeen.fr\/wp-content\/gallery\/Salar\/DSCN9333.JPG\t\t\t\"\n\t\t\t\ttitle=\"J2 - A Huaylla Jara, on est content d&#039;avoir un plat bon et calorique\"\n\t\t\t\tclass=\"ngg-fancybox\" rel=\"dfa456681aa909bc46be4a4d1c0c38fe\" data-image-id=\"2452\" data-src=\"https:\/\/letourdumondeen.fr\/wp-content\/gallery\/Salar\/DSCN9333.JPG\" data-thumbnail=\"https:\/\/letourdumondeen.fr\/wp-content\/gallery\/Salar\/thumbs\/thumbs_DSCN9333.JPG\" data-title=\"J2 - A Huaylla Jara, on est content d&#039;avoir un plat bon et calorique\" data-description=\"J2 - A Huaylla Jara, on est content d&#039;avoir un plat bon et calorique\"\t\t\t\t>\n\t\t\t\t\t\t\t\t<img title=\"J2 - A Huaylla Jara, on est content d&#039;avoir un plat bon et calorique\" alt=\"J2 - A Huaylla Jara, on est content d&#039;avoir un plat bon et calorique\" src=\"\n\t\t\t\t\t\t\t\t\t\thttps:\/\/letourdumondeen.fr\/wp-content\/gallery\/Salar\/thumbs\/thumbs_DSCN9333.JPG\t\t\t\t\" \n\t\t\t\t\twidth='120' height='90'\t\t\t\t\/>\n\t\t\t\t\t\t\t<\/a>\n\t\t<\/div>\n\t<\/div>\n\n\t\t\t\t\t\t\t\t\t\n\t\n\t<div id=\"ngg-image-2476\" class=\"ngg-gallery-thumbnail-box\" \n\t\t\t\t\t\t\t\t\t\t>\n\t\t<div class=\"ngg-gallery-thumbnail\" >\n\t\t\t<a href=\"\n\t\t\thttps:\/\/letourdumondeen.fr\/wp-content\/gallery\/Salar\/DSC_7280.JPG\t\t\t\"\n\t\t\t\ttitle=\"J3 - On commence la journ\u00e9e avec de la neige\"\n\t\t\t\tclass=\"ngg-fancybox\" rel=\"dfa456681aa909bc46be4a4d1c0c38fe\" data-image-id=\"2476\" data-src=\"https:\/\/letourdumondeen.fr\/wp-content\/gallery\/Salar\/DSC_7280.JPG\" data-thumbnail=\"https:\/\/letourdumondeen.fr\/wp-content\/gallery\/Salar\/thumbs\/thumbs_DSC_7280.JPG\" data-title=\"J3 - On commence la journ\u00e9e avec de la neige\" data-description=\"J3 - On commence la journ\u00e9e avec de la neige\"\t\t\t\t>\n\t\t\t\t\t\t\t\t<img title=\"J3 - On commence la journ\u00e9e avec de la neige\" alt=\"J3 - On commence la journ\u00e9e avec de la neige\" src=\"\n\t\t\t\t\t\t\t\t\t\thttps:\/\/letourdumondeen.fr\/wp-content\/gallery\/Salar\/thumbs\/thumbs_DSC_7280.JPG\t\t\t\t\" \n\t\t\t\t\twidth='120' height='90'\t\t\t\t\/>\n\t\t\t\t\t\t\t<\/a>\n\t\t<\/div>\n\t<\/div>\n\n\t\t\t\t\t\t\t\t\t\n\t\n\t<div id=\"ngg-image-2453\" class=\"ngg-gallery-thumbnail-box\" \n\t\t\t\t\t\t\t\t\t\t>\n\t\t<div class=\"ngg-gallery-thumbnail\" >\n\t\t\t<a href=\"\n\t\t\thttps:\/\/letourdumondeen.fr\/wp-content\/gallery\/Salar\/DSCN9358.JPG\t\t\t\"\n\t\t\t\ttitle=\"J3 - La neige est l\u00e0 !\"\n\t\t\t\tclass=\"ngg-fancybox\" rel=\"dfa456681aa909bc46be4a4d1c0c38fe\" data-image-id=\"2453\" data-src=\"https:\/\/letourdumondeen.fr\/wp-content\/gallery\/Salar\/DSCN9358.JPG\" data-thumbnail=\"https:\/\/letourdumondeen.fr\/wp-content\/gallery\/Salar\/thumbs\/thumbs_DSCN9358.JPG\" data-title=\"J3 - La neige est l\u00e0 !\" data-description=\"J3 - La neige est l\u00e0 !\"\t\t\t\t>\n\t\t\t\t\t\t\t\t<img title=\"J3 - La neige est l\u00e0 !\" alt=\"J3 - La neige est l\u00e0 !\" src=\"\n\t\t\t\t\t\t\t\t\t\thttps:\/\/letourdumondeen.fr\/wp-content\/gallery\/Salar\/thumbs\/thumbs_DSCN9358.JPG\t\t\t\t\" \n\t\t\t\t\twidth='120' height='90'\t\t\t\t\/>\n\t\t\t\t\t\t\t<\/a>\n\t\t<\/div>\n\t<\/div>\n\n\t\t\t\t\t\t\t\t\t\n\t\n\t<div id=\"ngg-image-2478\" class=\"ngg-gallery-thumbnail-box\" \n\t\t\t\t\t\t\t\t\t\t>\n\t\t<div class=\"ngg-gallery-thumbnail\" >\n\t\t\t<a href=\"\n\t\t\thttps:\/\/letourdumondeen.fr\/wp-content\/gallery\/Salar\/DSC_7302.JPG\t\t\t\"\n\t\t\t\ttitle=\"J3 - Plaine sous la neige\"\n\t\t\t\tclass=\"ngg-fancybox\" rel=\"dfa456681aa909bc46be4a4d1c0c38fe\" data-image-id=\"2478\" data-src=\"https:\/\/letourdumondeen.fr\/wp-content\/gallery\/Salar\/DSC_7302.JPG\" data-thumbnail=\"https:\/\/letourdumondeen.fr\/wp-content\/gallery\/Salar\/thumbs\/thumbs_DSC_7302.JPG\" data-title=\"J3 - Plaine sous la neige\" data-description=\"J3 - Plaine sous la neige\"\t\t\t\t>\n\t\t\t\t\t\t\t\t<img title=\"J3 - Plaine sous la neige\" alt=\"J3 - Plaine sous la neige\" src=\"\n\t\t\t\t\t\t\t\t\t\thttps:\/\/letourdumondeen.fr\/wp-content\/gallery\/Salar\/thumbs\/thumbs_DSC_7302.JPG\t\t\t\t\" \n\t\t\t\t\twidth='120' height='90'\t\t\t\t\/>\n\t\t\t\t\t\t\t<\/a>\n\t\t<\/div>\n\t<\/div>\n\n\t\t\t\t\t\t\t\t\t\n\t\n\t<div id=\"ngg-image-2454\" class=\"ngg-gallery-thumbnail-box\" \n\t\t\t\t\t\t\t\t\t\t>\n\t\t<div class=\"ngg-gallery-thumbnail\" >\n\t\t\t<a href=\"\n\t\t\thttps:\/\/letourdumondeen.fr\/wp-content\/gallery\/Salar\/DSCN9365.JPG\t\t\t\"\n\t\t\t\ttitle=\"J3 - Plaine sous la neige\"\n\t\t\t\tclass=\"ngg-fancybox\" rel=\"dfa456681aa909bc46be4a4d1c0c38fe\" data-image-id=\"2454\" data-src=\"https:\/\/letourdumondeen.fr\/wp-content\/gallery\/Salar\/DSCN9365.JPG\" data-thumbnail=\"https:\/\/letourdumondeen.fr\/wp-content\/gallery\/Salar\/thumbs\/thumbs_DSCN9365.JPG\" data-title=\"J3 - Plaine sous la neige\" data-description=\"J3 - Plaine sous la neige\"\t\t\t\t>\n\t\t\t\t\t\t\t\t<img title=\"J3 - Plaine sous la neige\" alt=\"J3 - Plaine sous la neige\" src=\"\n\t\t\t\t\t\t\t\t\t\thttps:\/\/letourdumondeen.fr\/wp-content\/gallery\/Salar\/thumbs\/thumbs_DSCN9365.JPG\t\t\t\t\" \n\t\t\t\t\twidth='120' height='90'\t\t\t\t\/>\n\t\t\t\t\t\t\t<\/a>\n\t\t<\/div>\n\t<\/div>\n\n\t\t\t\t\t\t\t\t\t\n\t\n\t<div id=\"ngg-image-2479\" class=\"ngg-gallery-thumbnail-box\" \n\t\t\t\t\t\t\t\t\t\t>\n\t\t<div class=\"ngg-gallery-thumbnail\" >\n\t\t\t<a href=\"\n\t\t\thttps:\/\/letourdumondeen.fr\/wp-content\/gallery\/Salar\/DSC_7311.JPG\t\t\t\"\n\t\t\t\ttitle=\"J3 - Les excit\u00e9es\"\n\t\t\t\tclass=\"ngg-fancybox\" rel=\"dfa456681aa909bc46be4a4d1c0c38fe\" data-image-id=\"2479\" data-src=\"https:\/\/letourdumondeen.fr\/wp-content\/gallery\/Salar\/DSC_7311.JPG\" data-thumbnail=\"https:\/\/letourdumondeen.fr\/wp-content\/gallery\/Salar\/thumbs\/thumbs_DSC_7311.JPG\" data-title=\"J3 - Les excit\u00e9es\" data-description=\"J3 - Les excit\u00e9es\"\t\t\t\t>\n\t\t\t\t\t\t\t\t<img title=\"J3 - Les excit\u00e9es\" alt=\"J3 - Les excit\u00e9es\" src=\"\n\t\t\t\t\t\t\t\t\t\thttps:\/\/letourdumondeen.fr\/wp-content\/gallery\/Salar\/thumbs\/thumbs_DSC_7311.JPG\t\t\t\t\" \n\t\t\t\t\twidth='120' height='90'\t\t\t\t\/>\n\t\t\t\t\t\t\t<\/a>\n\t\t<\/div>\n\t<\/div>\n\n\t\t\t\t\t\t\t\t\t\n\t\n\t<div id=\"ngg-image-2477\" class=\"ngg-gallery-thumbnail-box\" \n\t\t\t\t\t\t\t\t\t\t>\n\t\t<div class=\"ngg-gallery-thumbnail\" >\n\t\t\t<a href=\"\n\t\t\thttps:\/\/letourdumondeen.fr\/wp-content\/gallery\/Salar\/DSC_7289.JPG\t\t\t\"\n\t\t\t\ttitle=\"J3 - Arbol de Piedra\"\n\t\t\t\tclass=\"ngg-fancybox\" rel=\"dfa456681aa909bc46be4a4d1c0c38fe\" data-image-id=\"2477\" data-src=\"https:\/\/letourdumondeen.fr\/wp-content\/gallery\/Salar\/DSC_7289.JPG\" data-thumbnail=\"https:\/\/letourdumondeen.fr\/wp-content\/gallery\/Salar\/thumbs\/thumbs_DSC_7289.JPG\" data-title=\"J3 - Arbol de Piedra\" data-description=\"J3 - Arbol de Piedra\"\t\t\t\t>\n\t\t\t\t\t\t\t\t<img title=\"J3 - Arbol de Piedra\" alt=\"J3 - Arbol de Piedra\" src=\"\n\t\t\t\t\t\t\t\t\t\thttps:\/\/letourdumondeen.fr\/wp-content\/gallery\/Salar\/thumbs\/thumbs_DSC_7289.JPG\t\t\t\t\" \n\t\t\t\t\twidth='120' height='90'\t\t\t\t\/>\n\t\t\t\t\t\t\t<\/a>\n\t\t<\/div>\n\t<\/div>\n\n\t\t\t\t\t\t\t\t\t\n\t\n\t<div id=\"ngg-image-2481\" class=\"ngg-gallery-thumbnail-box\" \n\t\t\t\t\t\t\t\t\t\t>\n\t\t<div class=\"ngg-gallery-thumbnail\" >\n\t\t\t<a href=\"\n\t\t\thttps:\/\/letourdumondeen.fr\/wp-content\/gallery\/Salar\/DSC_7320.JPG\t\t\t\"\n\t\t\t\ttitle=\"J3 - Laguna Hondas\"\n\t\t\t\tclass=\"ngg-fancybox\" rel=\"dfa456681aa909bc46be4a4d1c0c38fe\" data-image-id=\"2481\" data-src=\"https:\/\/letourdumondeen.fr\/wp-content\/gallery\/Salar\/DSC_7320.JPG\" data-thumbnail=\"https:\/\/letourdumondeen.fr\/wp-content\/gallery\/Salar\/thumbs\/thumbs_DSC_7320.JPG\" data-title=\"J3 - Laguna Hondas\" data-description=\"J3 - Laguna Hondas\"\t\t\t\t>\n\t\t\t\t\t\t\t\t<img title=\"J3 - Laguna Hondas\" alt=\"J3 - Laguna Hondas\" src=\"\n\t\t\t\t\t\t\t\t\t\thttps:\/\/letourdumondeen.fr\/wp-content\/gallery\/Salar\/thumbs\/thumbs_DSC_7320.JPG\t\t\t\t\" \n\t\t\t\t\twidth='120' height='90'\t\t\t\t\/>\n\t\t\t\t\t\t\t<\/a>\n\t\t<\/div>\n\t<\/div>\n\n\t\t\t\t\t\t\t\t\t\n\t\n\t<div id=\"ngg-image-2455\" class=\"ngg-gallery-thumbnail-box\" \n\t\t\t\t\t\t\t\t\t\t>\n\t\t<div class=\"ngg-gallery-thumbnail\" >\n\t\t\t<a href=\"\n\t\t\thttps:\/\/letourdumondeen.fr\/wp-content\/gallery\/Salar\/DSCN9372.JPG\t\t\t\"\n\t\t\t\ttitle=\"J3 - Laguna Hondas, gel\u00e9\"\n\t\t\t\tclass=\"ngg-fancybox\" rel=\"dfa456681aa909bc46be4a4d1c0c38fe\" data-image-id=\"2455\" data-src=\"https:\/\/letourdumondeen.fr\/wp-content\/gallery\/Salar\/DSCN9372.JPG\" data-thumbnail=\"https:\/\/letourdumondeen.fr\/wp-content\/gallery\/Salar\/thumbs\/thumbs_DSCN9372.JPG\" data-title=\"J3 - Laguna Hondas, gel\u00e9\" data-description=\"J3 - Laguna Hondas, gel\u00e9\"\t\t\t\t>\n\t\t\t\t\t\t\t\t<img title=\"J3 - Laguna Hondas, gel\u00e9\" alt=\"J3 - Laguna Hondas, gel\u00e9\" src=\"\n\t\t\t\t\t\t\t\t\t\thttps:\/\/letourdumondeen.fr\/wp-content\/gallery\/Salar\/thumbs\/thumbs_DSCN9372.JPG\t\t\t\t\" \n\t\t\t\t\twidth='120' height='90'\t\t\t\t\/>\n\t\t\t\t\t\t\t<\/a>\n\t\t<\/div>\n\t<\/div>\n\n\t\t\t\t\t\t\t\t\t\n\t\n\t<div id=\"ngg-image-2482\" class=\"ngg-gallery-thumbnail-box\" \n\t\t\t\t\t\t\t\t\t\t>\n\t\t<div class=\"ngg-gallery-thumbnail\" >\n\t\t\t<a href=\"\n\t\t\thttps:\/\/letourdumondeen.fr\/wp-content\/gallery\/Salar\/DSC_7351.JPG\t\t\t\"\n\t\t\t\ttitle=\"J3 - Laguna Hedionda et ses flamants roses\"\n\t\t\t\tclass=\"ngg-fancybox\" rel=\"dfa456681aa909bc46be4a4d1c0c38fe\" data-image-id=\"2482\" data-src=\"https:\/\/letourdumondeen.fr\/wp-content\/gallery\/Salar\/DSC_7351.JPG\" data-thumbnail=\"https:\/\/letourdumondeen.fr\/wp-content\/gallery\/Salar\/thumbs\/thumbs_DSC_7351.JPG\" data-title=\"J3 - Laguna Hedionda et ses flamants roses\" data-description=\"J3 - Laguna Hedionda et ses flamants roses\"\t\t\t\t>\n\t\t\t\t\t\t\t\t<img title=\"J3 - Laguna Hedionda et ses flamants roses\" alt=\"J3 - Laguna Hedionda et ses flamants roses\" src=\"\n\t\t\t\t\t\t\t\t\t\thttps:\/\/letourdumondeen.fr\/wp-content\/gallery\/Salar\/thumbs\/thumbs_DSC_7351.JPG\t\t\t\t\" \n\t\t\t\t\twidth='120' height='90'\t\t\t\t\/>\n\t\t\t\t\t\t\t<\/a>\n\t\t<\/div>\n\t<\/div>\n\n\t\t\t\t\t\t\t\t\t\n\t\n\t<div id=\"ngg-image-2483\" class=\"ngg-gallery-thumbnail-box\" \n\t\t\t\t\t\t\t\t\t\t>\n\t\t<div class=\"ngg-gallery-thumbnail\" >\n\t\t\t<a href=\"\n\t\t\thttps:\/\/letourdumondeen.fr\/wp-content\/gallery\/Salar\/DSC_7374.JPG\t\t\t\"\n\t\t\t\ttitle=\"J3 - Laguna Hedionda et ses flamants roses\"\n\t\t\t\tclass=\"ngg-fancybox\" rel=\"dfa456681aa909bc46be4a4d1c0c38fe\" data-image-id=\"2483\" data-src=\"https:\/\/letourdumondeen.fr\/wp-content\/gallery\/Salar\/DSC_7374.JPG\" data-thumbnail=\"https:\/\/letourdumondeen.fr\/wp-content\/gallery\/Salar\/thumbs\/thumbs_DSC_7374.JPG\" data-title=\"J3 - Laguna Hedionda et ses flamants roses\" data-description=\"J3 - Laguna Hedionda et ses flamants roses\"\t\t\t\t>\n\t\t\t\t\t\t\t\t<img title=\"J3 - Laguna Hedionda et ses flamants roses\" alt=\"J3 - Laguna Hedionda et ses flamants roses\" src=\"\n\t\t\t\t\t\t\t\t\t\thttps:\/\/letourdumondeen.fr\/wp-content\/gallery\/Salar\/thumbs\/thumbs_DSC_7374.JPG\t\t\t\t\" \n\t\t\t\t\twidth='120' height='90'\t\t\t\t\/>\n\t\t\t\t\t\t\t<\/a>\n\t\t<\/div>\n\t<\/div>\n\n\t\t\t\t\t\t\t\t\t\n\t\n\t<div id=\"ngg-image-2484\" class=\"ngg-gallery-thumbnail-box\" \n\t\t\t\t\t\t\t\t\t\t>\n\t\t<div class=\"ngg-gallery-thumbnail\" >\n\t\t\t<a href=\"\n\t\t\thttps:\/\/letourdumondeen.fr\/wp-content\/gallery\/Salar\/DSC_7383.JPG\t\t\t\"\n\t\t\t\ttitle=\"J3 - Laguna Hedionda et ses flamants roses\"\n\t\t\t\tclass=\"ngg-fancybox\" rel=\"dfa456681aa909bc46be4a4d1c0c38fe\" data-image-id=\"2484\" data-src=\"https:\/\/letourdumondeen.fr\/wp-content\/gallery\/Salar\/DSC_7383.JPG\" data-thumbnail=\"https:\/\/letourdumondeen.fr\/wp-content\/gallery\/Salar\/thumbs\/thumbs_DSC_7383.JPG\" data-title=\"J3 - Laguna Hedionda et ses flamants roses\" data-description=\"J3 - Laguna Hedionda et ses flamants roses\"\t\t\t\t>\n\t\t\t\t\t\t\t\t<img title=\"J3 - Laguna Hedionda et ses flamants roses\" alt=\"J3 - Laguna Hedionda et ses flamants roses\" src=\"\n\t\t\t\t\t\t\t\t\t\thttps:\/\/letourdumondeen.fr\/wp-content\/gallery\/Salar\/thumbs\/thumbs_DSC_7383.JPG\t\t\t\t\" \n\t\t\t\t\twidth='120' height='90'\t\t\t\t\/>\n\t\t\t\t\t\t\t<\/a>\n\t\t<\/div>\n\t<\/div>\n\n\t\t\t\t\t\t\t\t\t\n\t\n\t<div id=\"ngg-image-2485\" class=\"ngg-gallery-thumbnail-box\" \n\t\t\t\t\t\t\t\t\t\t>\n\t\t<div class=\"ngg-gallery-thumbnail\" >\n\t\t\t<a href=\"\n\t\t\thttps:\/\/letourdumondeen.fr\/wp-content\/gallery\/Salar\/DSC_7438.JPG\t\t\t\"\n\t\t\t\ttitle=\"J3 - Volcan actif, du c\u00f4t\u00e9 chilien\"\n\t\t\t\tclass=\"ngg-fancybox\" rel=\"dfa456681aa909bc46be4a4d1c0c38fe\" data-image-id=\"2485\" data-src=\"https:\/\/letourdumondeen.fr\/wp-content\/gallery\/Salar\/DSC_7438.JPG\" data-thumbnail=\"https:\/\/letourdumondeen.fr\/wp-content\/gallery\/Salar\/thumbs\/thumbs_DSC_7438.JPG\" data-title=\"J3 - Volcan actif, du c\u00f4t\u00e9 chilien\" data-description=\"J3 - Volcan actif, du c\u00f4t\u00e9 chilien\"\t\t\t\t>\n\t\t\t\t\t\t\t\t<img title=\"J3 - Volcan actif, du c\u00f4t\u00e9 chilien\" alt=\"J3 - Volcan actif, du c\u00f4t\u00e9 chilien\" src=\"\n\t\t\t\t\t\t\t\t\t\thttps:\/\/letourdumondeen.fr\/wp-content\/gallery\/Salar\/thumbs\/thumbs_DSC_7438.JPG\t\t\t\t\" \n\t\t\t\t\twidth='120' height='90'\t\t\t\t\/>\n\t\t\t\t\t\t\t<\/a>\n\t\t<\/div>\n\t<\/div>\n\n\t\t\t\t\t\t\t\t\t\n\t\n\t<div id=\"ngg-image-2456\" class=\"ngg-gallery-thumbnail-box\" \n\t\t\t\t\t\t\t\t\t\t>\n\t\t<div class=\"ngg-gallery-thumbnail\" >\n\t\t\t<a href=\"\n\t\t\thttps:\/\/letourdumondeen.fr\/wp-content\/gallery\/Salar\/DSCN9403.JPG\t\t\t\"\n\t\t\t\ttitle=\"J3 - un volcan actif, o\u00f9 \u00e7a ?\"\n\t\t\t\tclass=\"ngg-fancybox\" rel=\"dfa456681aa909bc46be4a4d1c0c38fe\" data-image-id=\"2456\" data-src=\"https:\/\/letourdumondeen.fr\/wp-content\/gallery\/Salar\/DSCN9403.JPG\" data-thumbnail=\"https:\/\/letourdumondeen.fr\/wp-content\/gallery\/Salar\/thumbs\/thumbs_DSCN9403.JPG\" data-title=\"J3 - un volcan actif, o\u00f9 \u00e7a ?\" data-description=\"J3 - un volcan actif, o\u00f9 \u00e7a ?\"\t\t\t\t>\n\t\t\t\t\t\t\t\t<img title=\"J3 - un volcan actif, o\u00f9 \u00e7a ?\" alt=\"J3 - un volcan actif, o\u00f9 \u00e7a ?\" src=\"\n\t\t\t\t\t\t\t\t\t\thttps:\/\/letourdumondeen.fr\/wp-content\/gallery\/Salar\/thumbs\/thumbs_DSCN9403.JPG\t\t\t\t\" \n\t\t\t\t\twidth='120' height='90'\t\t\t\t\/>\n\t\t\t\t\t\t\t<\/a>\n\t\t<\/div>\n\t<\/div>\n\n\t\t\t\t\t\t\t\t\t\n\t\n\t<div id=\"ngg-image-2457\" class=\"ngg-gallery-thumbnail-box\" \n\t\t\t\t\t\t\t\t\t\t>\n\t\t<div class=\"ngg-gallery-thumbnail\" >\n\t\t\t<a href=\"\n\t\t\thttps:\/\/letourdumondeen.fr\/wp-content\/gallery\/Salar\/DSCN9421.JPG\t\t\t\"\n\t\t\t\ttitle=\"J3 - H\u00f4tel de sel\"\n\t\t\t\tclass=\"ngg-fancybox\" rel=\"dfa456681aa909bc46be4a4d1c0c38fe\" data-image-id=\"2457\" data-src=\"https:\/\/letourdumondeen.fr\/wp-content\/gallery\/Salar\/DSCN9421.JPG\" data-thumbnail=\"https:\/\/letourdumondeen.fr\/wp-content\/gallery\/Salar\/thumbs\/thumbs_DSCN9421.JPG\" data-title=\"J3 - H\u00f4tel de sel\" data-description=\"J3 - H\u00f4tel de sel\"\t\t\t\t>\n\t\t\t\t\t\t\t\t<img title=\"J3 - H\u00f4tel de sel\" alt=\"J3 - H\u00f4tel de sel\" src=\"\n\t\t\t\t\t\t\t\t\t\thttps:\/\/letourdumondeen.fr\/wp-content\/gallery\/Salar\/thumbs\/thumbs_DSCN9421.JPG\t\t\t\t\" \n\t\t\t\t\twidth='120' height='90'\t\t\t\t\/>\n\t\t\t\t\t\t\t<\/a>\n\t\t<\/div>\n\t<\/div>\n\n\t\t\t\t\t\t\t\t\t\n\t\n\t<div id=\"ngg-image-2437\" class=\"ngg-gallery-thumbnail-box\" \n\t\t\t\t\t\t\t\t\t\t>\n\t\t<div class=\"ngg-gallery-thumbnail\" >\n\t\t\t<a href=\"\n\t\t\thttps:\/\/letourdumondeen.fr\/wp-content\/gallery\/Salar\/DSC00838.JPG\t\t\t\"\n\t\t\t\ttitle=\"J3 - Gateau d&#039;anniversaire\"\n\t\t\t\tclass=\"ngg-fancybox\" rel=\"dfa456681aa909bc46be4a4d1c0c38fe\" data-image-id=\"2437\" data-src=\"https:\/\/letourdumondeen.fr\/wp-content\/gallery\/Salar\/DSC00838.JPG\" data-thumbnail=\"https:\/\/letourdumondeen.fr\/wp-content\/gallery\/Salar\/thumbs\/thumbs_DSC00838.JPG\" data-title=\"J3 - Gateau d&#039;anniversaire\" data-description=\"J3 - Gateau d&#039;anniversaire\"\t\t\t\t>\n\t\t\t\t\t\t\t\t<img title=\"J3 - Gateau d&#039;anniversaire\" alt=\"J3 - Gateau d&#039;anniversaire\" src=\"\n\t\t\t\t\t\t\t\t\t\thttps:\/\/letourdumondeen.fr\/wp-content\/gallery\/Salar\/thumbs\/thumbs_DSC00838.JPG\t\t\t\t\" \n\t\t\t\t\twidth='120' height='90'\t\t\t\t\/>\n\t\t\t\t\t\t\t<\/a>\n\t\t<\/div>\n\t<\/div>\n\n\t\t\t\t\t\t\t\t\t\n\t\n\t<div id=\"ngg-image-2438\" class=\"ngg-gallery-thumbnail-box\" \n\t\t\t\t\t\t\t\t\t\t>\n\t\t<div class=\"ngg-gallery-thumbnail\" >\n\t\t\t<a href=\"\n\t\t\thttps:\/\/letourdumondeen.fr\/wp-content\/gallery\/Salar\/DSC00841.JPG\t\t\t\"\n\t\t\t\ttitle=\"J3 - Photo de groupe avec Felix et Lydia\"\n\t\t\t\tclass=\"ngg-fancybox\" rel=\"dfa456681aa909bc46be4a4d1c0c38fe\" data-image-id=\"2438\" data-src=\"https:\/\/letourdumondeen.fr\/wp-content\/gallery\/Salar\/DSC00841.JPG\" data-thumbnail=\"https:\/\/letourdumondeen.fr\/wp-content\/gallery\/Salar\/thumbs\/thumbs_DSC00841.JPG\" data-title=\"J3 - Photo de groupe avec Felix et Lydia\" data-description=\"J3 - Photo de groupe avec Felix et Lydia\"\t\t\t\t>\n\t\t\t\t\t\t\t\t<img title=\"J3 - Photo de groupe avec Felix et Lydia\" alt=\"J3 - Photo de groupe avec Felix et Lydia\" src=\"\n\t\t\t\t\t\t\t\t\t\thttps:\/\/letourdumondeen.fr\/wp-content\/gallery\/Salar\/thumbs\/thumbs_DSC00841.JPG\t\t\t\t\" \n\t\t\t\t\twidth='120' height='90'\t\t\t\t\/>\n\t\t\t\t\t\t\t<\/a>\n\t\t<\/div>\n\t<\/div>\n\n\t\t\t\t\t\t\t\t\t\n\t\n\t<div id=\"ngg-image-2458\" class=\"ngg-gallery-thumbnail-box\" \n\t\t\t\t\t\t\t\t\t\t>\n\t\t<div class=\"ngg-gallery-thumbnail\" >\n\t\t\t<a href=\"\n\t\t\thttps:\/\/letourdumondeen.fr\/wp-content\/gallery\/Salar\/DSCN9432.JPG\t\t\t\"\n\t\t\t\ttitle=\"J4 - Isla Incahuasi et ses cactus\"\n\t\t\t\tclass=\"ngg-fancybox\" rel=\"dfa456681aa909bc46be4a4d1c0c38fe\" data-image-id=\"2458\" data-src=\"https:\/\/letourdumondeen.fr\/wp-content\/gallery\/Salar\/DSCN9432.JPG\" data-thumbnail=\"https:\/\/letourdumondeen.fr\/wp-content\/gallery\/Salar\/thumbs\/thumbs_DSCN9432.JPG\" data-title=\"J4 - Isla Incahuasi et ses cactus\" data-description=\"J4 - Isla Incahuasi et ses cactus\"\t\t\t\t>\n\t\t\t\t\t\t\t\t<img title=\"J4 - Isla Incahuasi et ses cactus\" alt=\"J4 - Isla Incahuasi et ses cactus\" src=\"\n\t\t\t\t\t\t\t\t\t\thttps:\/\/letourdumondeen.fr\/wp-content\/gallery\/Salar\/thumbs\/thumbs_DSCN9432.JPG\t\t\t\t\" \n\t\t\t\t\twidth='120' height='90'\t\t\t\t\/>\n\t\t\t\t\t\t\t<\/a>\n\t\t<\/div>\n\t<\/div>\n\n\t\t\t\t\t\t\t\t\t\n\t\n\t<div id=\"ngg-image-2486\" class=\"ngg-gallery-thumbnail-box\" \n\t\t\t\t\t\t\t\t\t\t>\n\t\t<div class=\"ngg-gallery-thumbnail\" >\n\t\t\t<a href=\"\n\t\t\thttps:\/\/letourdumondeen.fr\/wp-content\/gallery\/Salar\/DSC_7487.JPG\t\t\t\"\n\t\t\t\ttitle=\"J4 - Lever du soleil sur le Salar\"\n\t\t\t\tclass=\"ngg-fancybox\" rel=\"dfa456681aa909bc46be4a4d1c0c38fe\" data-image-id=\"2486\" data-src=\"https:\/\/letourdumondeen.fr\/wp-content\/gallery\/Salar\/DSC_7487.JPG\" data-thumbnail=\"https:\/\/letourdumondeen.fr\/wp-content\/gallery\/Salar\/thumbs\/thumbs_DSC_7487.JPG\" data-title=\"J4 - Lever du soleil sur le Salar\" data-description=\"J4 - Lever du soleil sur le Salar\"\t\t\t\t>\n\t\t\t\t\t\t\t\t<img title=\"J4 - Lever du soleil sur le Salar\" alt=\"J4 - Lever du soleil sur le Salar\" src=\"\n\t\t\t\t\t\t\t\t\t\thttps:\/\/letourdumondeen.fr\/wp-content\/gallery\/Salar\/thumbs\/thumbs_DSC_7487.JPG\t\t\t\t\" \n\t\t\t\t\twidth='120' height='90'\t\t\t\t\/>\n\t\t\t\t\t\t\t<\/a>\n\t\t<\/div>\n\t<\/div>\n\n\t\t\t\t\t\t\t\t\t\n\t\n\t<div id=\"ngg-image-2487\" class=\"ngg-gallery-thumbnail-box\" \n\t\t\t\t\t\t\t\t\t\t>\n\t\t<div class=\"ngg-gallery-thumbnail\" >\n\t\t\t<a href=\"\n\t\t\thttps:\/\/letourdumondeen.fr\/wp-content\/gallery\/Salar\/DSC_7493.JPG\t\t\t\"\n\t\t\t\ttitle=\"J4 - Isla Incahuasi\"\n\t\t\t\tclass=\"ngg-fancybox\" rel=\"dfa456681aa909bc46be4a4d1c0c38fe\" data-image-id=\"2487\" data-src=\"https:\/\/letourdumondeen.fr\/wp-content\/gallery\/Salar\/DSC_7493.JPG\" data-thumbnail=\"https:\/\/letourdumondeen.fr\/wp-content\/gallery\/Salar\/thumbs\/thumbs_DSC_7493.JPG\" data-title=\"J4 - Isla Incahuasi\" data-description=\"J4 - Isla Incahuasi\"\t\t\t\t>\n\t\t\t\t\t\t\t\t<img title=\"J4 - Isla Incahuasi\" alt=\"J4 - Isla Incahuasi\" src=\"\n\t\t\t\t\t\t\t\t\t\thttps:\/\/letourdumondeen.fr\/wp-content\/gallery\/Salar\/thumbs\/thumbs_DSC_7493.JPG\t\t\t\t\" \n\t\t\t\t\twidth='120' height='90'\t\t\t\t\/>\n\t\t\t\t\t\t\t<\/a>\n\t\t<\/div>\n\t<\/div>\n\n\t\t\t\t\t\t\t\t\t\n\t\n\t<div id=\"ngg-image-2439\" class=\"ngg-gallery-thumbnail-box\" \n\t\t\t\t\t\t\t\t\t\t>\n\t\t<div class=\"ngg-gallery-thumbnail\" >\n\t\t\t<a href=\"\n\t\t\thttps:\/\/letourdumondeen.fr\/wp-content\/gallery\/Salar\/DSC00915.JPG\t\t\t\"\n\t\t\t\ttitle=\"J4 - Cactus style\"\n\t\t\t\tclass=\"ngg-fancybox\" rel=\"dfa456681aa909bc46be4a4d1c0c38fe\" data-image-id=\"2439\" data-src=\"https:\/\/letourdumondeen.fr\/wp-content\/gallery\/Salar\/DSC00915.JPG\" data-thumbnail=\"https:\/\/letourdumondeen.fr\/wp-content\/gallery\/Salar\/thumbs\/thumbs_DSC00915.JPG\" data-title=\"J4 - Cactus style\" data-description=\"J4 - Cactus style\"\t\t\t\t>\n\t\t\t\t\t\t\t\t<img title=\"J4 - Cactus style\" alt=\"J4 - Cactus style\" src=\"\n\t\t\t\t\t\t\t\t\t\thttps:\/\/letourdumondeen.fr\/wp-content\/gallery\/Salar\/thumbs\/thumbs_DSC00915.JPG\t\t\t\t\" \n\t\t\t\t\twidth='120' height='90'\t\t\t\t\/>\n\t\t\t\t\t\t\t<\/a>\n\t\t<\/div>\n\t<\/div>\n\n\t\t\t\t\t\t\t\t\t\n\t\n\t<div id=\"ngg-image-2440\" class=\"ngg-gallery-thumbnail-box\" \n\t\t\t\t\t\t\t\t\t\t>\n\t\t<div class=\"ngg-gallery-thumbnail\" >\n\t\t\t<a href=\"\n\t\t\thttps:\/\/letourdumondeen.fr\/wp-content\/gallery\/Salar\/DSC00970.JPG\t\t\t\"\n\t\t\t\ttitle=\"J4 - Salar d&#039;Uyuni\"\n\t\t\t\tclass=\"ngg-fancybox\" rel=\"dfa456681aa909bc46be4a4d1c0c38fe\" data-image-id=\"2440\" data-src=\"https:\/\/letourdumondeen.fr\/wp-content\/gallery\/Salar\/DSC00970.JPG\" data-thumbnail=\"https:\/\/letourdumondeen.fr\/wp-content\/gallery\/Salar\/thumbs\/thumbs_DSC00970.JPG\" data-title=\"J4 - Salar d&#039;Uyuni\" data-description=\"J4 - Salar d&#039;Uyuni\"\t\t\t\t>\n\t\t\t\t\t\t\t\t<img title=\"J4 - Salar d&#039;Uyuni\" alt=\"J4 - Salar d&#039;Uyuni\" src=\"\n\t\t\t\t\t\t\t\t\t\thttps:\/\/letourdumondeen.fr\/wp-content\/gallery\/Salar\/thumbs\/thumbs_DSC00970.JPG\t\t\t\t\" \n\t\t\t\t\twidth='120' height='90'\t\t\t\t\/>\n\t\t\t\t\t\t\t<\/a>\n\t\t<\/div>\n\t<\/div>\n\n\t\t\t\t\t\t\t\t\t\n\t\n\t<div id=\"ngg-image-2488\" class=\"ngg-gallery-thumbnail-box\" \n\t\t\t\t\t\t\t\t\t\t>\n\t\t<div class=\"ngg-gallery-thumbnail\" >\n\t\t\t<a href=\"\n\t\t\thttps:\/\/letourdumondeen.fr\/wp-content\/gallery\/Salar\/DSC_7519.JPG\t\t\t\"\n\t\t\t\ttitle=\"J4 - Session photo dans le Salar\"\n\t\t\t\tclass=\"ngg-fancybox\" rel=\"dfa456681aa909bc46be4a4d1c0c38fe\" data-image-id=\"2488\" data-src=\"https:\/\/letourdumondeen.fr\/wp-content\/gallery\/Salar\/DSC_7519.JPG\" data-thumbnail=\"https:\/\/letourdumondeen.fr\/wp-content\/gallery\/Salar\/thumbs\/thumbs_DSC_7519.JPG\" data-title=\"J4 - Session photo dans le Salar\" data-description=\"J4 - Session photo dans le Salar\"\t\t\t\t>\n\t\t\t\t\t\t\t\t<img title=\"J4 - Session photo dans le Salar\" alt=\"J4 - Session photo dans le Salar\" src=\"\n\t\t\t\t\t\t\t\t\t\thttps:\/\/letourdumondeen.fr\/wp-content\/gallery\/Salar\/thumbs\/thumbs_DSC_7519.JPG\t\t\t\t\" \n\t\t\t\t\twidth='120' height='90'\t\t\t\t\/>\n\t\t\t\t\t\t\t<\/a>\n\t\t<\/div>\n\t<\/div>\n\n\t\t\t\t\t\t\t\t\t\n\t\n\t<div id=\"ngg-image-2489\" class=\"ngg-gallery-thumbnail-box\" \n\t\t\t\t\t\t\t\t\t\t>\n\t\t<div class=\"ngg-gallery-thumbnail\" >\n\t\t\t<a href=\"\n\t\t\thttps:\/\/letourdumondeen.fr\/wp-content\/gallery\/Salar\/DSC_7548.JPG\t\t\t\"\n\t\t\t\ttitle=\"J4 - Session photo dans le Salar\"\n\t\t\t\tclass=\"ngg-fancybox\" rel=\"dfa456681aa909bc46be4a4d1c0c38fe\" data-image-id=\"2489\" data-src=\"https:\/\/letourdumondeen.fr\/wp-content\/gallery\/Salar\/DSC_7548.JPG\" data-thumbnail=\"https:\/\/letourdumondeen.fr\/wp-content\/gallery\/Salar\/thumbs\/thumbs_DSC_7548.JPG\" data-title=\"J4 - Session photo dans le Salar\" data-description=\"J4 - Session photo dans le Salar\"\t\t\t\t>\n\t\t\t\t\t\t\t\t<img title=\"J4 - Session photo dans le Salar\" alt=\"J4 - Session photo dans le Salar\" src=\"\n\t\t\t\t\t\t\t\t\t\thttps:\/\/letourdumondeen.fr\/wp-content\/gallery\/Salar\/thumbs\/thumbs_DSC_7548.JPG\t\t\t\t\" \n\t\t\t\t\twidth='120' height='90'\t\t\t\t\/>\n\t\t\t\t\t\t\t<\/a>\n\t\t<\/div>\n\t<\/div>\n\n\t\t\t\t\t\t\t\t\t\n\t\n\t<div id=\"ngg-image-2490\" class=\"ngg-gallery-thumbnail-box\" \n\t\t\t\t\t\t\t\t\t\t>\n\t\t<div class=\"ngg-gallery-thumbnail\" >\n\t\t\t<a href=\"\n\t\t\thttps:\/\/letourdumondeen.fr\/wp-content\/gallery\/Salar\/DSC_7561.JPG\t\t\t\"\n\t\t\t\ttitle=\"J4 - Session photo dans le Salar\"\n\t\t\t\tclass=\"ngg-fancybox\" rel=\"dfa456681aa909bc46be4a4d1c0c38fe\" data-image-id=\"2490\" data-src=\"https:\/\/letourdumondeen.fr\/wp-content\/gallery\/Salar\/DSC_7561.JPG\" data-thumbnail=\"https:\/\/letourdumondeen.fr\/wp-content\/gallery\/Salar\/thumbs\/thumbs_DSC_7561.JPG\" data-title=\"J4 - Session photo dans le Salar\" data-description=\"J4 - Session photo dans le Salar\"\t\t\t\t>\n\t\t\t\t\t\t\t\t<img title=\"J4 - Session photo dans le Salar\" alt=\"J4 - Session photo dans le Salar\" src=\"\n\t\t\t\t\t\t\t\t\t\thttps:\/\/letourdumondeen.fr\/wp-content\/gallery\/Salar\/thumbs\/thumbs_DSC_7561.JPG\t\t\t\t\" \n\t\t\t\t\twidth='120' height='90'\t\t\t\t\/>\n\t\t\t\t\t\t\t<\/a>\n\t\t<\/div>\n\t<\/div>\n\n\t\t\t\t\t\t\t\t\t\n\t\n\t<div id=\"ngg-image-2491\" class=\"ngg-gallery-thumbnail-box\" \n\t\t\t\t\t\t\t\t\t\t>\n\t\t<div class=\"ngg-gallery-thumbnail\" >\n\t\t\t<a href=\"\n\t\t\thttps:\/\/letourdumondeen.fr\/wp-content\/gallery\/Salar\/DSC_7566-2.JPG\t\t\t\"\n\t\t\t\ttitle=\"J4 - Session photo dans le Salar\"\n\t\t\t\tclass=\"ngg-fancybox\" rel=\"dfa456681aa909bc46be4a4d1c0c38fe\" data-image-id=\"2491\" data-src=\"https:\/\/letourdumondeen.fr\/wp-content\/gallery\/Salar\/DSC_7566-2.JPG\" data-thumbnail=\"https:\/\/letourdumondeen.fr\/wp-content\/gallery\/Salar\/thumbs\/thumbs_DSC_7566-2.JPG\" data-title=\"J4 - Session photo dans le Salar\" data-description=\"J4 - Session photo dans le Salar\"\t\t\t\t>\n\t\t\t\t\t\t\t\t<img title=\"J4 - Session photo dans le Salar\" alt=\"J4 - Session photo dans le Salar\" src=\"\n\t\t\t\t\t\t\t\t\t\thttps:\/\/letourdumondeen.fr\/wp-content\/gallery\/Salar\/thumbs\/thumbs_DSC_7566-2.JPG\t\t\t\t\" \n\t\t\t\t\twidth='120' height='90'\t\t\t\t\/>\n\t\t\t\t\t\t\t<\/a>\n\t\t<\/div>\n\t<\/div>\n\n\t\t\t\t\t\t\t\t\t\n\t\n\t<div id=\"ngg-image-2492\" class=\"ngg-gallery-thumbnail-box\" \n\t\t\t\t\t\t\t\t\t\t>\n\t\t<div class=\"ngg-gallery-thumbnail\" >\n\t\t\t<a href=\"\n\t\t\thttps:\/\/letourdumondeen.fr\/wp-content\/gallery\/Salar\/DSC_7585.JPG\t\t\t\"\n\t\t\t\ttitle=\"J4 - Session photo dans le Salar\"\n\t\t\t\tclass=\"ngg-fancybox\" rel=\"dfa456681aa909bc46be4a4d1c0c38fe\" data-image-id=\"2492\" data-src=\"https:\/\/letourdumondeen.fr\/wp-content\/gallery\/Salar\/DSC_7585.JPG\" data-thumbnail=\"https:\/\/letourdumondeen.fr\/wp-content\/gallery\/Salar\/thumbs\/thumbs_DSC_7585.JPG\" data-title=\"J4 - Session photo dans le Salar\" data-description=\"J4 - Session photo dans le Salar\"\t\t\t\t>\n\t\t\t\t\t\t\t\t<img title=\"J4 - Session photo dans le Salar\" alt=\"J4 - Session photo dans le Salar\" src=\"\n\t\t\t\t\t\t\t\t\t\thttps:\/\/letourdumondeen.fr\/wp-content\/gallery\/Salar\/thumbs\/thumbs_DSC_7585.JPG\t\t\t\t\" \n\t\t\t\t\twidth='120' height='90'\t\t\t\t\/>\n\t\t\t\t\t\t\t<\/a>\n\t\t<\/div>\n\t<\/div>\n\n\t\t\t\t\t\t\t\t\t\n\t\n\t<div id=\"ngg-image-2493\" class=\"ngg-gallery-thumbnail-box\" \n\t\t\t\t\t\t\t\t\t\t>\n\t\t<div class=\"ngg-gallery-thumbnail\" >\n\t\t\t<a href=\"\n\t\t\thttps:\/\/letourdumondeen.fr\/wp-content\/gallery\/Salar\/DSC_7633.JPG\t\t\t\"\n\t\t\t\ttitle=\"J4 - Session photo dans le Salar\"\n\t\t\t\tclass=\"ngg-fancybox\" rel=\"dfa456681aa909bc46be4a4d1c0c38fe\" data-image-id=\"2493\" data-src=\"https:\/\/letourdumondeen.fr\/wp-content\/gallery\/Salar\/DSC_7633.JPG\" data-thumbnail=\"https:\/\/letourdumondeen.fr\/wp-content\/gallery\/Salar\/thumbs\/thumbs_DSC_7633.JPG\" data-title=\"J4 - Session photo dans le Salar\" data-description=\"J4 - Session photo dans le Salar\"\t\t\t\t>\n\t\t\t\t\t\t\t\t<img title=\"J4 - Session photo dans le Salar\" alt=\"J4 - Session photo dans le Salar\" src=\"\n\t\t\t\t\t\t\t\t\t\thttps:\/\/letourdumondeen.fr\/wp-content\/gallery\/Salar\/thumbs\/thumbs_DSC_7633.JPG\t\t\t\t\" \n\t\t\t\t\twidth='120' height='90'\t\t\t\t\/>\n\t\t\t\t\t\t\t<\/a>\n\t\t<\/div>\n\t<\/div>\n\n\t\t\t\t\t\t\t\t\t\n\t\n\t<div id=\"ngg-image-2494\" class=\"ngg-gallery-thumbnail-box\" \n\t\t\t\t\t\t\t\t\t\t>\n\t\t<div class=\"ngg-gallery-thumbnail\" >\n\t\t\t<a href=\"\n\t\t\thttps:\/\/letourdumondeen.fr\/wp-content\/gallery\/Salar\/DSC_7684.JPG\t\t\t\"\n\t\t\t\ttitle=\"J4 - Session photo dans le Salar\"\n\t\t\t\tclass=\"ngg-fancybox\" rel=\"dfa456681aa909bc46be4a4d1c0c38fe\" data-image-id=\"2494\" data-src=\"https:\/\/letourdumondeen.fr\/wp-content\/gallery\/Salar\/DSC_7684.JPG\" data-thumbnail=\"https:\/\/letourdumondeen.fr\/wp-content\/gallery\/Salar\/thumbs\/thumbs_DSC_7684.JPG\" data-title=\"J4 - Session photo dans le Salar\" data-description=\"J4 - Session photo dans le Salar\"\t\t\t\t>\n\t\t\t\t\t\t\t\t<img title=\"J4 - Session photo dans le Salar\" alt=\"J4 - Session photo dans le Salar\" src=\"\n\t\t\t\t\t\t\t\t\t\thttps:\/\/letourdumondeen.fr\/wp-content\/gallery\/Salar\/thumbs\/thumbs_DSC_7684.JPG\t\t\t\t\" \n\t\t\t\t\twidth='120' height='90'\t\t\t\t\/>\n\t\t\t\t\t\t\t<\/a>\n\t\t<\/div>\n\t<\/div>\n\n\t\t\t\t\t\t\t\t\t\n\t\n\t<div id=\"ngg-image-2459\" class=\"ngg-gallery-thumbnail-box\" \n\t\t\t\t\t\t\t\t\t\t>\n\t\t<div class=\"ngg-gallery-thumbnail\" >\n\t\t\t<a href=\"\n\t\t\thttps:\/\/letourdumondeen.fr\/wp-content\/gallery\/Salar\/DSCN9501.JPG\t\t\t\"\n\t\t\t\ttitle=\"J4 - Apr\u00e8s-midi ensemble \u00e0 Uyuni\"\n\t\t\t\tclass=\"ngg-fancybox\" rel=\"dfa456681aa909bc46be4a4d1c0c38fe\" data-image-id=\"2459\" data-src=\"https:\/\/letourdumondeen.fr\/wp-content\/gallery\/Salar\/DSCN9501.JPG\" data-thumbnail=\"https:\/\/letourdumondeen.fr\/wp-content\/gallery\/Salar\/thumbs\/thumbs_DSCN9501.JPG\" data-title=\"J4 - Apr\u00e8s-midi ensemble \u00e0 Uyuni\" data-description=\"J4 - Apr\u00e8s-midi ensemble \u00e0 Uyuni\"\t\t\t\t>\n\t\t\t\t\t\t\t\t<img title=\"J4 - Apr\u00e8s-midi ensemble \u00e0 Uyuni\" alt=\"J4 - Apr\u00e8s-midi ensemble \u00e0 Uyuni\" src=\"\n\t\t\t\t\t\t\t\t\t\thttps:\/\/letourdumondeen.fr\/wp-content\/gallery\/Salar\/thumbs\/thumbs_DSCN9501.JPG\t\t\t\t\" \n\t\t\t\t\twidth='120' height='90'\t\t\t\t\/>\n\t\t\t\t\t\t\t<\/a>\n\t\t<\/div>\n\t<\/div>\n\n\t\t\t\t\t\t\t\t\t\n\t\n\t<!-- Pagination -->\n\t\t<div class='ngg-clear'><\/div>\n<\/div>\n\n\t<\/p>\n","protected":false},"excerpt":{"rendered":"<p>Incroyable, exceptionnel, grandiose.Voil\u00e0 les quelques adjectifs qui nous viennent \u00e0 l&rsquo;esprit pour d\u00e9crire les 4 jours que nous venons de vivre au sud de la Bolivie : entre les lacs color\u00e9s du Sud Lipez et les d\u00e9serts de sel autour<\/p>\n","protected":false},"author":2,"featured_media":6651,"comment_status":"open","ping_status":"open","sticky":false,"template":"","format":"standard","meta":{"ngg_post_thumbnail":0,"footnotes":"","_links_to":"","_links_to_target":""},"categories":[4,17,24],"tags":[],"class_list":["post-6517","post","type-post","status-publish","format-standard","has-post-thumbnail","hentry","category-amerique-du-sud","category-bolivia","category-guests"],"_links":{"self":[{"href":"https:\/\/letourdumondeen.fr\/index.php?rest_route=\/wp\/v2\/posts\/6517","targetHints":{"allow":["GET"]}}],"collection":[{"href":"https:\/\/letourdumondeen.fr\/index.php?rest_route=\/wp\/v2\/posts"}],"about":[{"href":"https:\/\/letourdumondeen.fr\/index.php?rest_route=\/wp\/v2\/types\/post"}],"author":[{"embeddable":true,"href":"https:\/\/letourdumondeen.fr\/index.php?rest_route=\/wp\/v2\/users\/2"}],"replies":[{"embeddable":true,"href":"https:\/\/letourdumondeen.fr\/index.php?rest_route=%2Fwp%2Fv2%2Fcomments&post=6517"}],"version-history":[{"count":6,"href":"https:\/\/letourdumondeen.fr\/index.php?rest_route=\/wp\/v2\/posts\/6517\/revisions"}],"predecessor-version":[{"id":6650,"href":"https:\/\/letourdumondeen.fr\/index.php?rest_route=\/wp\/v2\/posts\/6517\/revisions\/6650"}],"wp:featuredmedia":[{"embeddable":true,"href":"https:\/\/letourdumondeen.fr\/index.php?rest_route=\/wp\/v2\/media\/6651"}],"wp:attachment":[{"href":"https:\/\/letourdumondeen.fr\/index.php?rest_route=%2Fwp%2Fv2%2Fmedia&parent=6517"}],"wp:term":[{"taxonomy":"category","embeddable":true,"href":"https:\/\/letourdumondeen.fr\/index.php?rest_route=%2Fwp%2Fv2%2Fcategories&post=6517"},{"taxonomy":"post_tag","embeddable":true,"href":"https:\/\/letourdumondeen.fr\/index.php?rest_route=%2Fwp%2Fv2%2Ftags&post=6517"}],"curies":[{"name":"wp","href":"https:\/\/api.w.org\/{rel}","templated":true}]}}