{"id":6284,"date":"2015-07-04T22:02:21","date_gmt":"2015-07-04T21:02:21","guid":{"rendered":"https:\/\/letourdumondeen.fr\/?p=6284"},"modified":"2015-07-04T22:04:16","modified_gmt":"2015-07-04T21:04:16","slug":"rendez-vous-a-la-paz","status":"publish","type":"post","link":"https:\/\/letourdumondeen.fr\/?p=6284","title":{"rendered":"Rendez-vous \u00e0 La Paz"},"content":{"rendered":"<p>A la Paz, nous r\u00e9ceptionnons Ana\u00efs.<\/p><p>Pour lui laisser le temps de s&rsquo;acclimater \u00e0 l&rsquo;altitude, \u00e0 la culture, aux m\u0153urs routi\u00e8res (certes plus appr\u00e9ciables que celles d&rsquo;Asie, mais quand<br \/>\nm\u00eame un peu plus oppressantes que chez nous) et de se remettre du d\u00e9calage<br \/>\nhoraire, nous passons trois jours \u00e0 un rythme relativement tranquille.<!--more--><\/p><p>Nous nous promenons dans le centre ville, visitons le site arch\u00e9ologique de<br \/>\nTiwanaku (construit par une civilisation pr\u00e9-incas autour du 8\u00e8 si\u00e8cle qui aurait ensuite influenc\u00e9 cette derni\u00e8re) et tout comme les locaux aiment le faire, nous nous baladons dans la vall\u00e9e de la Luna.<\/p><p>\n<div class=\"ngg-galleryoverview\" id=\"ngg-gallery-e5da476c898e8fff9716d0d189500b34-6284\">\n\n\t\t\n\t<!-- Thumbnails -->\n\t\t\t\t\n\t<div id=\"ngg-image-2343\" class=\"ngg-gallery-thumbnail-box\" \n\t\t\t\t\t\t\t\t\t\t>\n\t\t<div class=\"ngg-gallery-thumbnail\" >\n\t\t\t<a href=\"\n\t\t\thttps:\/\/letourdumondeen.fr\/wp-content\/gallery\/La\/DSCN8844.JPG\t\t\t\"\n\t\t\t\ttitle=\"Arriv\u00e9e \u00e0 l&#039;aube d&#039;Ana\u00efs\"\n\t\t\t\tclass=\"ngg-fancybox\" rel=\"e5da476c898e8fff9716d0d189500b34\" data-image-id=\"2343\" data-src=\"https:\/\/letourdumondeen.fr\/wp-content\/gallery\/La\/DSCN8844.JPG\" data-thumbnail=\"https:\/\/letourdumondeen.fr\/wp-content\/gallery\/La\/thumbs\/thumbs_DSCN8844.JPG\" data-title=\"Arriv\u00e9e \u00e0 l&#039;aube d&#039;Ana\u00efs\" data-description=\"Arriv\u00e9e \u00e0 l&#039;aube d&#039;Ana\u00efs\"\t\t\t\t>\n\t\t\t\t\t\t\t\t<img title=\"Arriv\u00e9e \u00e0 l&#039;aube d&#039;Ana\u00efs\" alt=\"Arriv\u00e9e \u00e0 l&#039;aube d&#039;Ana\u00efs\" src=\"\n\t\t\t\t\t\t\t\t\t\thttps:\/\/letourdumondeen.fr\/wp-content\/gallery\/La\/thumbs\/thumbs_DSCN8844.JPG\t\t\t\t\" \n\t\t\t\t\twidth='120' height='90'\t\t\t\t\/>\n\t\t\t\t\t\t\t<\/a>\n\t\t<\/div>\n\t<\/div>\n\n\t\t\t\t\t\t\t\t\t\n\t\n\t<div id=\"ngg-image-2346\" class=\"ngg-gallery-thumbnail-box\" \n\t\t\t\t\t\t\t\t\t\t>\n\t\t<div class=\"ngg-gallery-thumbnail\" >\n\t\t\t<a href=\"\n\t\t\thttps:\/\/letourdumondeen.fr\/wp-content\/gallery\/La\/DSC_6600.JPG\t\t\t\"\n\t\t\t\ttitle=\"La Paz - Plaza Murillo\"\n\t\t\t\tclass=\"ngg-fancybox\" rel=\"e5da476c898e8fff9716d0d189500b34\" data-image-id=\"2346\" data-src=\"https:\/\/letourdumondeen.fr\/wp-content\/gallery\/La\/DSC_6600.JPG\" data-thumbnail=\"https:\/\/letourdumondeen.fr\/wp-content\/gallery\/La\/thumbs\/thumbs_DSC_6600.JPG\" data-title=\"La Paz - Plaza Murillo\" data-description=\"La Paz - Plaza Murillo\"\t\t\t\t>\n\t\t\t\t\t\t\t\t<img title=\"La Paz - Plaza Murillo\" alt=\"La Paz - Plaza Murillo\" src=\"\n\t\t\t\t\t\t\t\t\t\thttps:\/\/letourdumondeen.fr\/wp-content\/gallery\/La\/thumbs\/thumbs_DSC_6600.JPG\t\t\t\t\" \n\t\t\t\t\twidth='120' height='90'\t\t\t\t\/>\n\t\t\t\t\t\t\t<\/a>\n\t\t<\/div>\n\t<\/div>\n\n\t\t\t\t\t\t\t\t\t\n\t\n\t<div id=\"ngg-image-2340\" class=\"ngg-gallery-thumbnail-box\" \n\t\t\t\t\t\t\t\t\t\t>\n\t\t<div class=\"ngg-gallery-thumbnail\" >\n\t\t\t<a href=\"\n\t\t\thttps:\/\/letourdumondeen.fr\/wp-content\/gallery\/La\/DSC00051.JPG\t\t\t\"\n\t\t\t\ttitle=\"La Paz - Plaza Murillo\"\n\t\t\t\tclass=\"ngg-fancybox\" rel=\"e5da476c898e8fff9716d0d189500b34\" data-image-id=\"2340\" data-src=\"https:\/\/letourdumondeen.fr\/wp-content\/gallery\/La\/DSC00051.JPG\" data-thumbnail=\"https:\/\/letourdumondeen.fr\/wp-content\/gallery\/La\/thumbs\/thumbs_DSC00051.JPG\" data-title=\"La Paz - Plaza Murillo\" data-description=\"La Paz - Plaza Murillo\"\t\t\t\t>\n\t\t\t\t\t\t\t\t<img title=\"La Paz - Plaza Murillo\" alt=\"La Paz - Plaza Murillo\" src=\"\n\t\t\t\t\t\t\t\t\t\thttps:\/\/letourdumondeen.fr\/wp-content\/gallery\/La\/thumbs\/thumbs_DSC00051.JPG\t\t\t\t\" \n\t\t\t\t\twidth='120' height='90'\t\t\t\t\/>\n\t\t\t\t\t\t\t<\/a>\n\t\t<\/div>\n\t<\/div>\n\n\t\t\t\t\t\t\t\t\t\n\t\n\t<div id=\"ngg-image-2347\" class=\"ngg-gallery-thumbnail-box\" \n\t\t\t\t\t\t\t\t\t\t>\n\t\t<div class=\"ngg-gallery-thumbnail\" >\n\t\t\t<a href=\"\n\t\t\thttps:\/\/letourdumondeen.fr\/wp-content\/gallery\/La\/DSC_6615.JPG\t\t\t\"\n\t\t\t\ttitle=\"La Paz - Eglise San Francisco\"\n\t\t\t\tclass=\"ngg-fancybox\" rel=\"e5da476c898e8fff9716d0d189500b34\" data-image-id=\"2347\" data-src=\"https:\/\/letourdumondeen.fr\/wp-content\/gallery\/La\/DSC_6615.JPG\" data-thumbnail=\"https:\/\/letourdumondeen.fr\/wp-content\/gallery\/La\/thumbs\/thumbs_DSC_6615.JPG\" data-title=\"La Paz - Eglise San Francisco\" data-description=\"La Paz - Eglise San Francisco\"\t\t\t\t>\n\t\t\t\t\t\t\t\t<img title=\"La Paz - Eglise San Francisco\" alt=\"La Paz - Eglise San Francisco\" src=\"\n\t\t\t\t\t\t\t\t\t\thttps:\/\/letourdumondeen.fr\/wp-content\/gallery\/La\/thumbs\/thumbs_DSC_6615.JPG\t\t\t\t\" \n\t\t\t\t\twidth='120' height='90'\t\t\t\t\/>\n\t\t\t\t\t\t\t<\/a>\n\t\t<\/div>\n\t<\/div>\n\n\t\t\t\t\t\t\t\t\t\n\t\n\t<div id=\"ngg-image-2341\" class=\"ngg-gallery-thumbnail-box\" \n\t\t\t\t\t\t\t\t\t\t>\n\t\t<div class=\"ngg-gallery-thumbnail\" >\n\t\t\t<a href=\"\n\t\t\thttps:\/\/letourdumondeen.fr\/wp-content\/gallery\/La\/DSC00070.JPG\t\t\t\"\n\t\t\t\ttitle=\"La Paz - La calle de las brujas (= sorci\u00e8res) et ses boutiques \u00e9tranges\"\n\t\t\t\tclass=\"ngg-fancybox\" rel=\"e5da476c898e8fff9716d0d189500b34\" data-image-id=\"2341\" data-src=\"https:\/\/letourdumondeen.fr\/wp-content\/gallery\/La\/DSC00070.JPG\" data-thumbnail=\"https:\/\/letourdumondeen.fr\/wp-content\/gallery\/La\/thumbs\/thumbs_DSC00070.JPG\" data-title=\"La Paz - La calle de las brujas (= sorci\u00e8res) et ses boutiques \u00e9tranges\" data-description=\"La Paz - La calle de las brujas (= sorci\u00e8res) et ses boutiques \u00e9tranges\"\t\t\t\t>\n\t\t\t\t\t\t\t\t<img title=\"La Paz - La calle de las brujas (= sorci\u00e8res) et ses boutiques \u00e9tranges\" alt=\"La Paz - La calle de las brujas (= sorci\u00e8res) et ses boutiques \u00e9tranges\" src=\"\n\t\t\t\t\t\t\t\t\t\thttps:\/\/letourdumondeen.fr\/wp-content\/gallery\/La\/thumbs\/thumbs_DSC00070.JPG\t\t\t\t\" \n\t\t\t\t\twidth='120' height='90'\t\t\t\t\/>\n\t\t\t\t\t\t\t<\/a>\n\t\t<\/div>\n\t<\/div>\n\n\t\t\t\t\t\t\t\t\t\n\t\n\t<div id=\"ngg-image-2339\" class=\"ngg-gallery-thumbnail-box\" \n\t\t\t\t\t\t\t\t\t\t>\n\t\t<div class=\"ngg-gallery-thumbnail\" >\n\t\t\t<a href=\"\n\t\t\thttps:\/\/letourdumondeen.fr\/wp-content\/gallery\/La\/CSC_6775.JPG\t\t\t\"\n\t\t\t\ttitle=\"Vue sur La Paz\"\n\t\t\t\tclass=\"ngg-fancybox\" rel=\"e5da476c898e8fff9716d0d189500b34\" data-image-id=\"2339\" data-src=\"https:\/\/letourdumondeen.fr\/wp-content\/gallery\/La\/CSC_6775.JPG\" data-thumbnail=\"https:\/\/letourdumondeen.fr\/wp-content\/gallery\/La\/thumbs\/thumbs_CSC_6775.JPG\" data-title=\"Vue sur La Paz\" data-description=\"Vue sur La Paz\"\t\t\t\t>\n\t\t\t\t\t\t\t\t<img title=\"Vue sur La Paz\" alt=\"Vue sur La Paz\" src=\"\n\t\t\t\t\t\t\t\t\t\thttps:\/\/letourdumondeen.fr\/wp-content\/gallery\/La\/thumbs\/thumbs_CSC_6775.JPG\t\t\t\t\" \n\t\t\t\t\twidth='120' height='90'\t\t\t\t\/>\n\t\t\t\t\t\t\t<\/a>\n\t\t<\/div>\n\t<\/div>\n\n\t\t\t\t\t\t\t\t\t\n\t\n\t<div id=\"ngg-image-2342\" class=\"ngg-gallery-thumbnail-box\" \n\t\t\t\t\t\t\t\t\t\t>\n\t\t<div class=\"ngg-gallery-thumbnail\" >\n\t\t\t<a href=\"\n\t\t\thttps:\/\/letourdumondeen.fr\/wp-content\/gallery\/La\/DSC00148.JPG\t\t\t\"\n\t\t\t\ttitle=\"Vue sur La Paz\"\n\t\t\t\tclass=\"ngg-fancybox\" rel=\"e5da476c898e8fff9716d0d189500b34\" data-image-id=\"2342\" data-src=\"https:\/\/letourdumondeen.fr\/wp-content\/gallery\/La\/DSC00148.JPG\" data-thumbnail=\"https:\/\/letourdumondeen.fr\/wp-content\/gallery\/La\/thumbs\/thumbs_DSC00148.JPG\" data-title=\"Vue sur La Paz\" data-description=\"Vue sur La Paz\"\t\t\t\t>\n\t\t\t\t\t\t\t\t<img title=\"Vue sur La Paz\" alt=\"Vue sur La Paz\" src=\"\n\t\t\t\t\t\t\t\t\t\thttps:\/\/letourdumondeen.fr\/wp-content\/gallery\/La\/thumbs\/thumbs_DSC00148.JPG\t\t\t\t\" \n\t\t\t\t\twidth='120' height='90'\t\t\t\t\/>\n\t\t\t\t\t\t\t<\/a>\n\t\t<\/div>\n\t<\/div>\n\n\t\t\t\t\t\t\t\t\t\n\t\n\t<div id=\"ngg-image-2349\" class=\"ngg-gallery-thumbnail-box\" \n\t\t\t\t\t\t\t\t\t\t>\n\t\t<div class=\"ngg-gallery-thumbnail\" >\n\t\t\t<a href=\"\n\t\t\thttps:\/\/letourdumondeen.fr\/wp-content\/gallery\/La\/DSC_6658.JPG\t\t\t\"\n\t\t\t\ttitle=\"Tiwanaku - monolithe\"\n\t\t\t\tclass=\"ngg-fancybox\" rel=\"e5da476c898e8fff9716d0d189500b34\" data-image-id=\"2349\" data-src=\"https:\/\/letourdumondeen.fr\/wp-content\/gallery\/La\/DSC_6658.JPG\" data-thumbnail=\"https:\/\/letourdumondeen.fr\/wp-content\/gallery\/La\/thumbs\/thumbs_DSC_6658.JPG\" data-title=\"Tiwanaku - monolithe\" data-description=\"Tiwanaku - monolithe\"\t\t\t\t>\n\t\t\t\t\t\t\t\t<img title=\"Tiwanaku - monolithe\" alt=\"Tiwanaku - monolithe\" src=\"\n\t\t\t\t\t\t\t\t\t\thttps:\/\/letourdumondeen.fr\/wp-content\/gallery\/La\/thumbs\/thumbs_DSC_6658.JPG\t\t\t\t\" \n\t\t\t\t\twidth='120' height='90'\t\t\t\t\/>\n\t\t\t\t\t\t\t<\/a>\n\t\t<\/div>\n\t<\/div>\n\n\t\t\t\t\t\t\t\t\t\n\t\n\t<div id=\"ngg-image-2348\" class=\"ngg-gallery-thumbnail-box\" \n\t\t\t\t\t\t\t\t\t\t>\n\t\t<div class=\"ngg-gallery-thumbnail\" >\n\t\t\t<a href=\"\n\t\t\thttps:\/\/letourdumondeen.fr\/wp-content\/gallery\/La\/DSC_6655.JPG\t\t\t\"\n\t\t\t\ttitle=\"Tiwanaku - vestige du temple Kalasasaya\"\n\t\t\t\tclass=\"ngg-fancybox\" rel=\"e5da476c898e8fff9716d0d189500b34\" data-image-id=\"2348\" data-src=\"https:\/\/letourdumondeen.fr\/wp-content\/gallery\/La\/DSC_6655.JPG\" data-thumbnail=\"https:\/\/letourdumondeen.fr\/wp-content\/gallery\/La\/thumbs\/thumbs_DSC_6655.JPG\" data-title=\"Tiwanaku - vestige du temple Kalasasaya\" data-description=\"Tiwanaku - vestige du temple Kalasasaya\"\t\t\t\t>\n\t\t\t\t\t\t\t\t<img title=\"Tiwanaku - vestige du temple Kalasasaya\" alt=\"Tiwanaku - vestige du temple Kalasasaya\" src=\"\n\t\t\t\t\t\t\t\t\t\thttps:\/\/letourdumondeen.fr\/wp-content\/gallery\/La\/thumbs\/thumbs_DSC_6655.JPG\t\t\t\t\" \n\t\t\t\t\twidth='120' height='90'\t\t\t\t\/>\n\t\t\t\t\t\t\t<\/a>\n\t\t<\/div>\n\t<\/div>\n\n\t\t\t\t\t\t\t\t\t\n\t\n\t<div id=\"ngg-image-2350\" class=\"ngg-gallery-thumbnail-box\" \n\t\t\t\t\t\t\t\t\t\t>\n\t\t<div class=\"ngg-gallery-thumbnail\" >\n\t\t\t<a href=\"\n\t\t\thttps:\/\/letourdumondeen.fr\/wp-content\/gallery\/La\/DSC_6671.JPG\t\t\t\"\n\t\t\t\ttitle=\"Tiwanaku - monolithe\"\n\t\t\t\tclass=\"ngg-fancybox\" rel=\"e5da476c898e8fff9716d0d189500b34\" data-image-id=\"2350\" data-src=\"https:\/\/letourdumondeen.fr\/wp-content\/gallery\/La\/DSC_6671.JPG\" data-thumbnail=\"https:\/\/letourdumondeen.fr\/wp-content\/gallery\/La\/thumbs\/thumbs_DSC_6671.JPG\" data-title=\"Tiwanaku - monolithe\" data-description=\"Tiwanaku - monolithe\"\t\t\t\t>\n\t\t\t\t\t\t\t\t<img title=\"Tiwanaku - monolithe\" alt=\"Tiwanaku - monolithe\" src=\"\n\t\t\t\t\t\t\t\t\t\thttps:\/\/letourdumondeen.fr\/wp-content\/gallery\/La\/thumbs\/thumbs_DSC_6671.JPG\t\t\t\t\" \n\t\t\t\t\twidth='120' height='90'\t\t\t\t\/>\n\t\t\t\t\t\t\t<\/a>\n\t\t<\/div>\n\t<\/div>\n\n\t\t\t\t\t\t\t\t\t\n\t\n\t<div id=\"ngg-image-2351\" class=\"ngg-gallery-thumbnail-box\" \n\t\t\t\t\t\t\t\t\t\t>\n\t\t<div class=\"ngg-gallery-thumbnail\" >\n\t\t\t<a href=\"\n\t\t\thttps:\/\/letourdumondeen.fr\/wp-content\/gallery\/La\/DSC_6680.JPG\t\t\t\"\n\t\t\t\ttitle=\"Tiwanaku - Puerta del sol\"\n\t\t\t\tclass=\"ngg-fancybox\" rel=\"e5da476c898e8fff9716d0d189500b34\" data-image-id=\"2351\" data-src=\"https:\/\/letourdumondeen.fr\/wp-content\/gallery\/La\/DSC_6680.JPG\" data-thumbnail=\"https:\/\/letourdumondeen.fr\/wp-content\/gallery\/La\/thumbs\/thumbs_DSC_6680.JPG\" data-title=\"Tiwanaku - Puerta del sol\" data-description=\"Tiwanaku - Puerta del sol\"\t\t\t\t>\n\t\t\t\t\t\t\t\t<img title=\"Tiwanaku - Puerta del sol\" alt=\"Tiwanaku - Puerta del sol\" src=\"\n\t\t\t\t\t\t\t\t\t\thttps:\/\/letourdumondeen.fr\/wp-content\/gallery\/La\/thumbs\/thumbs_DSC_6680.JPG\t\t\t\t\" \n\t\t\t\t\twidth='120' height='90'\t\t\t\t\/>\n\t\t\t\t\t\t\t<\/a>\n\t\t<\/div>\n\t<\/div>\n\n\t\t\t\t\t\t\t\t\t\n\t\n\t<div id=\"ngg-image-2352\" class=\"ngg-gallery-thumbnail-box\" \n\t\t\t\t\t\t\t\t\t\t>\n\t\t<div class=\"ngg-gallery-thumbnail\" >\n\t\t\t<a href=\"\n\t\t\thttps:\/\/letourdumondeen.fr\/wp-content\/gallery\/La\/DSC_6684.JPG\t\t\t\"\n\t\t\t\ttitle=\"Tiwanaku - Puerta del sol, d\u00e9tails\"\n\t\t\t\tclass=\"ngg-fancybox\" rel=\"e5da476c898e8fff9716d0d189500b34\" data-image-id=\"2352\" data-src=\"https:\/\/letourdumondeen.fr\/wp-content\/gallery\/La\/DSC_6684.JPG\" data-thumbnail=\"https:\/\/letourdumondeen.fr\/wp-content\/gallery\/La\/thumbs\/thumbs_DSC_6684.JPG\" data-title=\"Tiwanaku - Puerta del sol, d\u00e9tails\" data-description=\"Tiwanaku - Puerta del sol, d\u00e9tails\"\t\t\t\t>\n\t\t\t\t\t\t\t\t<img title=\"Tiwanaku - Puerta del sol, d\u00e9tails\" alt=\"Tiwanaku - Puerta del sol, d\u00e9tails\" src=\"\n\t\t\t\t\t\t\t\t\t\thttps:\/\/letourdumondeen.fr\/wp-content\/gallery\/La\/thumbs\/thumbs_DSC_6684.JPG\t\t\t\t\" \n\t\t\t\t\twidth='120' height='90'\t\t\t\t\/>\n\t\t\t\t\t\t\t<\/a>\n\t\t<\/div>\n\t<\/div>\n\n\t\t\t\t\t\t\t\t\t\n\t\n\t<div id=\"ngg-image-2353\" class=\"ngg-gallery-thumbnail-box\" \n\t\t\t\t\t\t\t\t\t\t>\n\t\t<div class=\"ngg-gallery-thumbnail\" >\n\t\t\t<a href=\"\n\t\t\thttps:\/\/letourdumondeen.fr\/wp-content\/gallery\/La\/DSC_6696.JPG\t\t\t\"\n\t\t\t\ttitle=\"Tiwanaku - vestige du temple semi-souterrain\"\n\t\t\t\tclass=\"ngg-fancybox\" rel=\"e5da476c898e8fff9716d0d189500b34\" data-image-id=\"2353\" data-src=\"https:\/\/letourdumondeen.fr\/wp-content\/gallery\/La\/DSC_6696.JPG\" data-thumbnail=\"https:\/\/letourdumondeen.fr\/wp-content\/gallery\/La\/thumbs\/thumbs_DSC_6696.JPG\" data-title=\"Tiwanaku - vestige du temple semi-souterrain\" data-description=\"Tiwanaku - vestige du temple semi-souterrain\"\t\t\t\t>\n\t\t\t\t\t\t\t\t<img title=\"Tiwanaku - vestige du temple semi-souterrain\" alt=\"Tiwanaku - vestige du temple semi-souterrain\" src=\"\n\t\t\t\t\t\t\t\t\t\thttps:\/\/letourdumondeen.fr\/wp-content\/gallery\/La\/thumbs\/thumbs_DSC_6696.JPG\t\t\t\t\" \n\t\t\t\t\twidth='120' height='90'\t\t\t\t\/>\n\t\t\t\t\t\t\t<\/a>\n\t\t<\/div>\n\t<\/div>\n\n\t\t\t\t\t\t\t\t\t\n\t\n\t<div id=\"ngg-image-2344\" class=\"ngg-gallery-thumbnail-box\" \n\t\t\t\t\t\t\t\t\t\t>\n\t\t<div class=\"ngg-gallery-thumbnail\" >\n\t\t\t<a href=\"\n\t\t\thttps:\/\/letourdumondeen.fr\/wp-content\/gallery\/La\/DSCN8863.JPG\t\t\t\"\n\t\t\t\ttitle=\"Valle de la Luna\"\n\t\t\t\tclass=\"ngg-fancybox\" rel=\"e5da476c898e8fff9716d0d189500b34\" data-image-id=\"2344\" data-src=\"https:\/\/letourdumondeen.fr\/wp-content\/gallery\/La\/DSCN8863.JPG\" data-thumbnail=\"https:\/\/letourdumondeen.fr\/wp-content\/gallery\/La\/thumbs\/thumbs_DSCN8863.JPG\" data-title=\"Valle de la Luna\" data-description=\"Valle de la Luna\"\t\t\t\t>\n\t\t\t\t\t\t\t\t<img title=\"Valle de la Luna\" alt=\"Valle de la Luna\" src=\"\n\t\t\t\t\t\t\t\t\t\thttps:\/\/letourdumondeen.fr\/wp-content\/gallery\/La\/thumbs\/thumbs_DSCN8863.JPG\t\t\t\t\" \n\t\t\t\t\twidth='120' height='90'\t\t\t\t\/>\n\t\t\t\t\t\t\t<\/a>\n\t\t<\/div>\n\t<\/div>\n\n\t\t\t\t\t\t\t\t\t\n\t\n\t<div id=\"ngg-image-2345\" class=\"ngg-gallery-thumbnail-box\" \n\t\t\t\t\t\t\t\t\t\t>\n\t\t<div class=\"ngg-gallery-thumbnail\" >\n\t\t\t<a href=\"\n\t\t\thttps:\/\/letourdumondeen.fr\/wp-content\/gallery\/La\/DSCN8870.JPG\t\t\t\"\n\t\t\t\ttitle=\"Valle de la Luna\"\n\t\t\t\tclass=\"ngg-fancybox\" rel=\"e5da476c898e8fff9716d0d189500b34\" data-image-id=\"2345\" data-src=\"https:\/\/letourdumondeen.fr\/wp-content\/gallery\/La\/DSCN8870.JPG\" data-thumbnail=\"https:\/\/letourdumondeen.fr\/wp-content\/gallery\/La\/thumbs\/thumbs_DSCN8870.JPG\" data-title=\"Valle de la Luna\" data-description=\"Valle de la Luna\"\t\t\t\t>\n\t\t\t\t\t\t\t\t<img title=\"Valle de la Luna\" alt=\"Valle de la Luna\" src=\"\n\t\t\t\t\t\t\t\t\t\thttps:\/\/letourdumondeen.fr\/wp-content\/gallery\/La\/thumbs\/thumbs_DSCN8870.JPG\t\t\t\t\" \n\t\t\t\t\twidth='120' height='90'\t\t\t\t\/>\n\t\t\t\t\t\t\t<\/a>\n\t\t<\/div>\n\t<\/div>\n\n\t\t\t\t\t\t\t\t\t\n\t\n\t<div id=\"ngg-image-2354\" class=\"ngg-gallery-thumbnail-box\" \n\t\t\t\t\t\t\t\t\t\t>\n\t\t<div class=\"ngg-gallery-thumbnail\" >\n\t\t\t<a href=\"\n\t\t\thttps:\/\/letourdumondeen.fr\/wp-content\/gallery\/La\/DSC_6793.JPG\t\t\t\"\n\t\t\t\ttitle=\"Valle de la Luna\"\n\t\t\t\tclass=\"ngg-fancybox\" rel=\"e5da476c898e8fff9716d0d189500b34\" data-image-id=\"2354\" data-src=\"https:\/\/letourdumondeen.fr\/wp-content\/gallery\/La\/DSC_6793.JPG\" data-thumbnail=\"https:\/\/letourdumondeen.fr\/wp-content\/gallery\/La\/thumbs\/thumbs_DSC_6793.JPG\" data-title=\"Valle de la Luna\" data-description=\"Valle de la Luna\"\t\t\t\t>\n\t\t\t\t\t\t\t\t<img title=\"Valle de la Luna\" alt=\"Valle de la Luna\" src=\"\n\t\t\t\t\t\t\t\t\t\thttps:\/\/letourdumondeen.fr\/wp-content\/gallery\/La\/thumbs\/thumbs_DSC_6793.JPG\t\t\t\t\" \n\t\t\t\t\twidth='120' height='90'\t\t\t\t\/>\n\t\t\t\t\t\t\t<\/a>\n\t\t<\/div>\n\t<\/div>\n\n\t\t\t\t\t\t\t\t\t\n\t\n\t<!-- Pagination -->\n\t\t<div class='ngg-clear'><\/div>\n<\/div>\n\n\t<\/p>\n","protected":false},"excerpt":{"rendered":"<p>A la Paz, nous r\u00e9ceptionnons Ana\u00efs.Pour lui laisser le temps de s&rsquo;acclimater \u00e0 l&rsquo;altitude, \u00e0 la culture, aux m\u0153urs routi\u00e8res (certes plus appr\u00e9ciables que celles d&rsquo;Asie, mais quand m\u00eame un peu plus oppressantes que chez nous) et de se remettre<\/p>\n","protected":false},"author":2,"featured_media":0,"comment_status":"open","ping_status":"open","sticky":false,"template":"","format":"standard","meta":{"ngg_post_thumbnail":0,"footnotes":"","_links_to":"","_links_to_target":""},"categories":[4,17,24],"tags":[],"class_list":["post-6284","post","type-post","status-publish","format-standard","hentry","category-amerique-du-sud","category-bolivia","category-guests"],"_links":{"self":[{"href":"https:\/\/letourdumondeen.fr\/index.php?rest_route=\/wp\/v2\/posts\/6284","targetHints":{"allow":["GET"]}}],"collection":[{"href":"https:\/\/letourdumondeen.fr\/index.php?rest_route=\/wp\/v2\/posts"}],"about":[{"href":"https:\/\/letourdumondeen.fr\/index.php?rest_route=\/wp\/v2\/types\/post"}],"author":[{"embeddable":true,"href":"https:\/\/letourdumondeen.fr\/index.php?rest_route=\/wp\/v2\/users\/2"}],"replies":[{"embeddable":true,"href":"https:\/\/letourdumondeen.fr\/index.php?rest_route=%2Fwp%2Fv2%2Fcomments&post=6284"}],"version-history":[{"count":10,"href":"https:\/\/letourdumondeen.fr\/index.php?rest_route=\/wp\/v2\/posts\/6284\/revisions"}],"predecessor-version":[{"id":6331,"href":"https:\/\/letourdumondeen.fr\/index.php?rest_route=\/wp\/v2\/posts\/6284\/revisions\/6331"}],"wp:attachment":[{"href":"https:\/\/letourdumondeen.fr\/index.php?rest_route=%2Fwp%2Fv2%2Fmedia&parent=6284"}],"wp:term":[{"taxonomy":"category","embeddable":true,"href":"https:\/\/letourdumondeen.fr\/index.php?rest_route=%2Fwp%2Fv2%2Fcategories&post=6284"},{"taxonomy":"post_tag","embeddable":true,"href":"https:\/\/letourdumondeen.fr\/index.php?rest_route=%2Fwp%2Fv2%2Ftags&post=6284"}],"curies":[{"name":"wp","href":"https:\/\/api.w.org\/{rel}","templated":true}]}}