{"id":5856,"date":"2015-06-21T00:54:15","date_gmt":"2015-06-20T23:54:15","guid":{"rendered":"https:\/\/letourdumondeen.fr\/?p=5856"},"modified":"2015-06-21T00:57:57","modified_gmt":"2015-06-20T23:57:57","slug":"la-vallee-sacree-des-incas-de-cusco-au-machu-picchu","status":"publish","type":"post","link":"https:\/\/letourdumondeen.fr\/?p=5856","title":{"rendered":"La vall\u00e9e sacr\u00e9e des Incas, de Cusco au Machu Picchu"},"content":{"rendered":"<p>Depuis Cusco (article \u00e0 venir), et jusqu&rsquo;au Machu Picchu, suivant la rivi\u00e8re Urubamba qu&rsquo;ils consid\u00e9raient comme sacr\u00e9e, les Incas ont laiss\u00e9 derri\u00e8re eux de nombreux \u00e9difices, qui t\u00e9moignent de la puissance de leur empire pass\u00e9, malgr\u00e9 les lourds d\u00e9g\u00e2ts inflig\u00e9s par les colons Espagnols lors de leur arriv\u00e9e en Am\u00e9rique du Sud.<\/p><p>Tant\u00f4t en groupe avec un guide, tant\u00f4t par nos propres moyens, nous avons visit\u00e9 quelques-uns de ces sites remarquables.<!--more--><\/p>\n<h6>\u00a0Pisac<\/h6><p>Le village de Pisac au temps des Incas \u00e9tait compos\u00e9 de quatre quartiers et comportait des b\u00e2timents religieux, militaires et agricoles.<\/p><p>Perch\u00e9 en haut des montages surplombant l&rsquo;Urubamba, on peut \u00e9galement voir de nombreuses cultures en terrasse. L&rsquo;\u00e9conomie inca \u00e9tant principalement soutenue par l\u2019agriculture, on les rencontre partout dans la la vall\u00e9e.<\/p><p>\n<div class=\"ngg-galleryoverview\" id=\"ngg-gallery-f0a31a5ebbc8c92e3b92c35273c6b2b5-5856\">\n\n\t\t\n\t<!-- Thumbnails -->\n\t\t\t\t\n\t<div id=\"ngg-image-2271\" class=\"ngg-gallery-thumbnail-box\" \n\t\t\t\t\t\t\t\t\t\t>\n\t\t<div class=\"ngg-gallery-thumbnail\" >\n\t\t\t<a href=\"\n\t\t\thttps:\/\/letourdumondeen.fr\/wp-content\/gallery\/Pisac\/DSC_6186.JPG\t\t\t\"\n\t\t\t\ttitle=\"Pisac - Vue sur la vall\u00e9e sacr\u00e9e\"\n\t\t\t\tclass=\"ngg-fancybox\" rel=\"f0a31a5ebbc8c92e3b92c35273c6b2b5\" data-image-id=\"2271\" data-src=\"https:\/\/letourdumondeen.fr\/wp-content\/gallery\/Pisac\/DSC_6186.JPG\" data-thumbnail=\"https:\/\/letourdumondeen.fr\/wp-content\/gallery\/Pisac\/thumbs\/thumbs_DSC_6186.JPG\" data-title=\"Pisac - Vue sur la vall\u00e9e sacr\u00e9e\" data-description=\"Pisac - Vue sur la vall\u00e9e sacr\u00e9e\"\t\t\t\t>\n\t\t\t\t\t\t\t\t<img title=\"Pisac - Vue sur la vall\u00e9e sacr\u00e9e\" alt=\"Pisac - Vue sur la vall\u00e9e sacr\u00e9e\" src=\"\n\t\t\t\t\t\t\t\t\t\thttps:\/\/letourdumondeen.fr\/wp-content\/gallery\/Pisac\/thumbs\/thumbs_DSC_6186.JPG\t\t\t\t\" \n\t\t\t\t\twidth='120' height='90'\t\t\t\t\/>\n\t\t\t\t\t\t\t<\/a>\n\t\t<\/div>\n\t<\/div>\n\n\t\t\t\t\t\t\t\t\t\n\t\n\t<div id=\"ngg-image-2272\" class=\"ngg-gallery-thumbnail-box\" \n\t\t\t\t\t\t\t\t\t\t>\n\t\t<div class=\"ngg-gallery-thumbnail\" >\n\t\t\t<a href=\"\n\t\t\thttps:\/\/letourdumondeen.fr\/wp-content\/gallery\/Pisac\/DSC_6188.JPG\t\t\t\"\n\t\t\t\ttitle=\"Pisac - Entr\u00e9e\"\n\t\t\t\tclass=\"ngg-fancybox\" rel=\"f0a31a5ebbc8c92e3b92c35273c6b2b5\" data-image-id=\"2272\" data-src=\"https:\/\/letourdumondeen.fr\/wp-content\/gallery\/Pisac\/DSC_6188.JPG\" data-thumbnail=\"https:\/\/letourdumondeen.fr\/wp-content\/gallery\/Pisac\/thumbs\/thumbs_DSC_6188.JPG\" data-title=\"Pisac - Entr\u00e9e\" data-description=\"Pisac - Entr\u00e9e\"\t\t\t\t>\n\t\t\t\t\t\t\t\t<img title=\"Pisac - Entr\u00e9e\" alt=\"Pisac - Entr\u00e9e\" src=\"\n\t\t\t\t\t\t\t\t\t\thttps:\/\/letourdumondeen.fr\/wp-content\/gallery\/Pisac\/thumbs\/thumbs_DSC_6188.JPG\t\t\t\t\" \n\t\t\t\t\twidth='120' height='90'\t\t\t\t\/>\n\t\t\t\t\t\t\t<\/a>\n\t\t<\/div>\n\t<\/div>\n\n\t\t\t\t\t\t\t\t\t\n\t\n\t<div id=\"ngg-image-2273\" class=\"ngg-gallery-thumbnail-box\" \n\t\t\t\t\t\t\t\t\t\t>\n\t\t<div class=\"ngg-gallery-thumbnail\" >\n\t\t\t<a href=\"\n\t\t\thttps:\/\/letourdumondeen.fr\/wp-content\/gallery\/Pisac\/DSC_6195.JPG\t\t\t\"\n\t\t\t\ttitle=\"Pisac - Village et cultures en terrasse\"\n\t\t\t\tclass=\"ngg-fancybox\" rel=\"f0a31a5ebbc8c92e3b92c35273c6b2b5\" data-image-id=\"2273\" data-src=\"https:\/\/letourdumondeen.fr\/wp-content\/gallery\/Pisac\/DSC_6195.JPG\" data-thumbnail=\"https:\/\/letourdumondeen.fr\/wp-content\/gallery\/Pisac\/thumbs\/thumbs_DSC_6195.JPG\" data-title=\"Pisac - Village et cultures en terrasse\" data-description=\"Pisac - Village et cultures en terrasse\"\t\t\t\t>\n\t\t\t\t\t\t\t\t<img title=\"Pisac - Village et cultures en terrasse\" alt=\"Pisac - Village et cultures en terrasse\" src=\"\n\t\t\t\t\t\t\t\t\t\thttps:\/\/letourdumondeen.fr\/wp-content\/gallery\/Pisac\/thumbs\/thumbs_DSC_6195.JPG\t\t\t\t\" \n\t\t\t\t\twidth='120' height='90'\t\t\t\t\/>\n\t\t\t\t\t\t\t<\/a>\n\t\t<\/div>\n\t<\/div>\n\n\t\t\t\t\t\t\t\t\t\n\t\n\t<div id=\"ngg-image-2274\" class=\"ngg-gallery-thumbnail-box\" \n\t\t\t\t\t\t\t\t\t\t>\n\t\t<div class=\"ngg-gallery-thumbnail\" >\n\t\t\t<a href=\"\n\t\t\thttps:\/\/letourdumondeen.fr\/wp-content\/gallery\/Pisac\/DSC_6197.JPG\t\t\t\"\n\t\t\t\ttitle=\"Pisac - Village\"\n\t\t\t\tclass=\"ngg-fancybox\" rel=\"f0a31a5ebbc8c92e3b92c35273c6b2b5\" data-image-id=\"2274\" data-src=\"https:\/\/letourdumondeen.fr\/wp-content\/gallery\/Pisac\/DSC_6197.JPG\" data-thumbnail=\"https:\/\/letourdumondeen.fr\/wp-content\/gallery\/Pisac\/thumbs\/thumbs_DSC_6197.JPG\" data-title=\"Pisac - Village\" data-description=\"Pisac - Village\"\t\t\t\t>\n\t\t\t\t\t\t\t\t<img title=\"Pisac - Village\" alt=\"Pisac - Village\" src=\"\n\t\t\t\t\t\t\t\t\t\thttps:\/\/letourdumondeen.fr\/wp-content\/gallery\/Pisac\/thumbs\/thumbs_DSC_6197.JPG\t\t\t\t\" \n\t\t\t\t\twidth='120' height='90'\t\t\t\t\/>\n\t\t\t\t\t\t\t<\/a>\n\t\t<\/div>\n\t<\/div>\n\n\t\t\t\t\t\t\t\t\t\n\t\n\t<div id=\"ngg-image-2275\" class=\"ngg-gallery-thumbnail-box\" \n\t\t\t\t\t\t\t\t\t\t>\n\t\t<div class=\"ngg-gallery-thumbnail\" >\n\t\t\t<a href=\"\n\t\t\thttps:\/\/letourdumondeen.fr\/wp-content\/gallery\/Pisac\/DSC_6202.JPG\t\t\t\"\n\t\t\t\ttitle=\"Pisac - Cimeti\u00e8re inca pour le peuple (les trous)\"\n\t\t\t\tclass=\"ngg-fancybox\" rel=\"f0a31a5ebbc8c92e3b92c35273c6b2b5\" data-image-id=\"2275\" data-src=\"https:\/\/letourdumondeen.fr\/wp-content\/gallery\/Pisac\/DSC_6202.JPG\" data-thumbnail=\"https:\/\/letourdumondeen.fr\/wp-content\/gallery\/Pisac\/thumbs\/thumbs_DSC_6202.JPG\" data-title=\"Pisac - Cimeti\u00e8re inca pour le peuple (les trous)\" data-description=\"Pisac - Cimeti\u00e8re inca pour le peuple (les trous)\"\t\t\t\t>\n\t\t\t\t\t\t\t\t<img title=\"Pisac - Cimeti\u00e8re inca pour le peuple (les trous)\" alt=\"Pisac - Cimeti\u00e8re inca pour le peuple (les trous)\" src=\"\n\t\t\t\t\t\t\t\t\t\thttps:\/\/letourdumondeen.fr\/wp-content\/gallery\/Pisac\/thumbs\/thumbs_DSC_6202.JPG\t\t\t\t\" \n\t\t\t\t\twidth='120' height='90'\t\t\t\t\/>\n\t\t\t\t\t\t\t<\/a>\n\t\t<\/div>\n\t<\/div>\n\n\t\t\t\t\t\t\t\t\t\n\t\n\t<div id=\"ngg-image-2276\" class=\"ngg-gallery-thumbnail-box\" \n\t\t\t\t\t\t\t\t\t\t>\n\t\t<div class=\"ngg-gallery-thumbnail\" >\n\t\t\t<a href=\"\n\t\t\thttps:\/\/letourdumondeen.fr\/wp-content\/gallery\/Pisac\/DSC_6205.JPG\t\t\t\"\n\t\t\t\ttitle=\"Pisac - Cimeti\u00e8re inca pour les personnes d&#039;importance\"\n\t\t\t\tclass=\"ngg-fancybox\" rel=\"f0a31a5ebbc8c92e3b92c35273c6b2b5\" data-image-id=\"2276\" data-src=\"https:\/\/letourdumondeen.fr\/wp-content\/gallery\/Pisac\/DSC_6205.JPG\" data-thumbnail=\"https:\/\/letourdumondeen.fr\/wp-content\/gallery\/Pisac\/thumbs\/thumbs_DSC_6205.JPG\" data-title=\"Pisac - Cimeti\u00e8re inca pour les personnes d&#039;importance\" data-description=\"Pisac - Cimeti\u00e8re inca pour les personnes d&#039;importance\"\t\t\t\t>\n\t\t\t\t\t\t\t\t<img title=\"Pisac - Cimeti\u00e8re inca pour les personnes d&#039;importance\" alt=\"Pisac - Cimeti\u00e8re inca pour les personnes d&#039;importance\" src=\"\n\t\t\t\t\t\t\t\t\t\thttps:\/\/letourdumondeen.fr\/wp-content\/gallery\/Pisac\/thumbs\/thumbs_DSC_6205.JPG\t\t\t\t\" \n\t\t\t\t\twidth='120' height='90'\t\t\t\t\/>\n\t\t\t\t\t\t\t<\/a>\n\t\t<\/div>\n\t<\/div>\n\n\t\t\t\t\t\t\t\t\t\n\t\n\t<div id=\"ngg-image-2277\" class=\"ngg-gallery-thumbnail-box\" \n\t\t\t\t\t\t\t\t\t\t>\n\t\t<div class=\"ngg-gallery-thumbnail\" >\n\t\t\t<a href=\"\n\t\t\thttps:\/\/letourdumondeen.fr\/wp-content\/gallery\/Pisac\/DSC_6209.JPG\t\t\t\"\n\t\t\t\ttitle=\"Pisac - Cultures en terrasse\"\n\t\t\t\tclass=\"ngg-fancybox\" rel=\"f0a31a5ebbc8c92e3b92c35273c6b2b5\" data-image-id=\"2277\" data-src=\"https:\/\/letourdumondeen.fr\/wp-content\/gallery\/Pisac\/DSC_6209.JPG\" data-thumbnail=\"https:\/\/letourdumondeen.fr\/wp-content\/gallery\/Pisac\/thumbs\/thumbs_DSC_6209.JPG\" data-title=\"Pisac - Cultures en terrasse\" data-description=\"Pisac - Cultures en terrasse\"\t\t\t\t>\n\t\t\t\t\t\t\t\t<img title=\"Pisac - Cultures en terrasse\" alt=\"Pisac - Cultures en terrasse\" src=\"\n\t\t\t\t\t\t\t\t\t\thttps:\/\/letourdumondeen.fr\/wp-content\/gallery\/Pisac\/thumbs\/thumbs_DSC_6209.JPG\t\t\t\t\" \n\t\t\t\t\twidth='120' height='90'\t\t\t\t\/>\n\t\t\t\t\t\t\t<\/a>\n\t\t<\/div>\n\t<\/div>\n\n\t\t\t\t\t\t\t\t\t\n\t\n\t<!-- Pagination -->\n\t\t<div class='ngg-clear'><\/div>\n<\/div>\n\n\t<\/p>\n<h6>Ollantaytambo<\/h6><p>Le site d&rsquo;Ollantaytambo \u00e9tait un village et une forteresse.<\/p><p>Encore en construction lors de l&rsquo;arriv\u00e9e des Espagnols au 15e si\u00e8cle, il a la particularit\u00e9 de n&rsquo;avoir jamais \u00e9t\u00e9 achev\u00e9&#8230; Nous permettant aujourd&rsquo;hui de voir comment les Incas s&rsquo;y prenaient pour d\u00e9placer les \u00e9normes blocs de pierre jusqu&rsquo;aux sites.<\/p>\n<p style=\"padding-left: 30px;\">Prenons le Temple du Soleil, qui est particuli\u00e8rement impressionnant, avec son mur compos\u00e9 de pierres de 4 m\u00e8tres de haut. D&rsquo;o\u00f9 venaient-elles ? Notre guide nous pointe du doigt la carri\u00e8re \u00e0 flanc de falaise, sur la montage, de l&rsquo;autre cot\u00e9 de la rivi\u00e8re. Mais comment les acheminaient-ils jusqu&rsquo;ici ? Ils construisaient d&rsquo;immenses rampes d&rsquo;acc\u00e8s (routes en pente douce construites sp\u00e9cifiquement \u00e0 cet effet) et mobilisaient des milliers de personnes pendant plusieurs mois lors de travaux obligatoires, pour hisser \u00e0 la force des bras les \u00e9l\u00e9ments de construction jusqu&rsquo;en haut.<\/p><p>En face de la forteresse, subsiste \u00e9galement un grenier, qui conservait des vivres pour la communaut\u00e9, en cas de p\u00e9riode difficile.<\/p><p>\n<div class=\"ngg-galleryoverview\" id=\"ngg-gallery-7d891f3381df26730f2c47d3d17f7ba0-5856\">\n\n\t\t\n\t<!-- Thumbnails -->\n\t\t\t\t\n\t<div id=\"ngg-image-2220\" class=\"ngg-gallery-thumbnail-box\" \n\t\t\t\t\t\t\t\t\t\t>\n\t\t<div class=\"ngg-gallery-thumbnail\" >\n\t\t\t<a href=\"\n\t\t\thttps:\/\/letourdumondeen.fr\/wp-content\/gallery\/Ollantaytambo\/DSC_6233.JPG\t\t\t\"\n\t\t\t\ttitle=\"Ollantaytambo - En bas de la forteresse\"\n\t\t\t\tclass=\"ngg-fancybox\" rel=\"7d891f3381df26730f2c47d3d17f7ba0\" data-image-id=\"2220\" data-src=\"https:\/\/letourdumondeen.fr\/wp-content\/gallery\/Ollantaytambo\/DSC_6233.JPG\" data-thumbnail=\"https:\/\/letourdumondeen.fr\/wp-content\/gallery\/Ollantaytambo\/thumbs\/thumbs_DSC_6233.JPG\" data-title=\"Ollantaytambo - En bas de la forteresse\" data-description=\"Ollantaytambo - En bas de la forteresse\"\t\t\t\t>\n\t\t\t\t\t\t\t\t<img title=\"Ollantaytambo - En bas de la forteresse\" alt=\"Ollantaytambo - En bas de la forteresse\" src=\"\n\t\t\t\t\t\t\t\t\t\thttps:\/\/letourdumondeen.fr\/wp-content\/gallery\/Ollantaytambo\/thumbs\/thumbs_DSC_6233.JPG\t\t\t\t\" \n\t\t\t\t\twidth='120' height='90'\t\t\t\t\/>\n\t\t\t\t\t\t\t<\/a>\n\t\t<\/div>\n\t<\/div>\n\n\t\t\t\t\t\t\t\t\t\n\t\n\t<div id=\"ngg-image-2221\" class=\"ngg-gallery-thumbnail-box\" \n\t\t\t\t\t\t\t\t\t\t>\n\t\t<div class=\"ngg-gallery-thumbnail\" >\n\t\t\t<a href=\"\n\t\t\thttps:\/\/letourdumondeen.fr\/wp-content\/gallery\/Ollantaytambo\/DSC_6236.JPG\t\t\t\"\n\t\t\t\ttitle=\"Ollantaytambo - Grenier\"\n\t\t\t\tclass=\"ngg-fancybox\" rel=\"7d891f3381df26730f2c47d3d17f7ba0\" data-image-id=\"2221\" data-src=\"https:\/\/letourdumondeen.fr\/wp-content\/gallery\/Ollantaytambo\/DSC_6236.JPG\" data-thumbnail=\"https:\/\/letourdumondeen.fr\/wp-content\/gallery\/Ollantaytambo\/thumbs\/thumbs_DSC_6236.JPG\" data-title=\"Ollantaytambo - Grenier\" data-description=\"Ollantaytambo - Grenier\"\t\t\t\t>\n\t\t\t\t\t\t\t\t<img title=\"Ollantaytambo - Grenier\" alt=\"Ollantaytambo - Grenier\" src=\"\n\t\t\t\t\t\t\t\t\t\thttps:\/\/letourdumondeen.fr\/wp-content\/gallery\/Ollantaytambo\/thumbs\/thumbs_DSC_6236.JPG\t\t\t\t\" \n\t\t\t\t\twidth='120' height='90'\t\t\t\t\/>\n\t\t\t\t\t\t\t<\/a>\n\t\t<\/div>\n\t<\/div>\n\n\t\t\t\t\t\t\t\t\t\n\t\n\t<div id=\"ngg-image-2222\" class=\"ngg-gallery-thumbnail-box\" \n\t\t\t\t\t\t\t\t\t\t>\n\t\t<div class=\"ngg-gallery-thumbnail\" >\n\t\t\t<a href=\"\n\t\t\thttps:\/\/letourdumondeen.fr\/wp-content\/gallery\/Ollantaytambo\/DSC_6243.JPG\t\t\t\"\n\t\t\t\ttitle=\"Ollantaytambo - En face de la forteresse\"\n\t\t\t\tclass=\"ngg-fancybox\" rel=\"7d891f3381df26730f2c47d3d17f7ba0\" data-image-id=\"2222\" data-src=\"https:\/\/letourdumondeen.fr\/wp-content\/gallery\/Ollantaytambo\/DSC_6243.JPG\" data-thumbnail=\"https:\/\/letourdumondeen.fr\/wp-content\/gallery\/Ollantaytambo\/thumbs\/thumbs_DSC_6243.JPG\" data-title=\"Ollantaytambo - En face de la forteresse\" data-description=\"Ollantaytambo - En face de la forteresse\"\t\t\t\t>\n\t\t\t\t\t\t\t\t<img title=\"Ollantaytambo - En face de la forteresse\" alt=\"Ollantaytambo - En face de la forteresse\" src=\"\n\t\t\t\t\t\t\t\t\t\thttps:\/\/letourdumondeen.fr\/wp-content\/gallery\/Ollantaytambo\/thumbs\/thumbs_DSC_6243.JPG\t\t\t\t\" \n\t\t\t\t\twidth='120' height='90'\t\t\t\t\/>\n\t\t\t\t\t\t\t<\/a>\n\t\t<\/div>\n\t<\/div>\n\n\t\t\t\t\t\t\t\t\t\n\t\n\t<div id=\"ngg-image-2223\" class=\"ngg-gallery-thumbnail-box\" \n\t\t\t\t\t\t\t\t\t\t>\n\t\t<div class=\"ngg-gallery-thumbnail\" >\n\t\t\t<a href=\"\n\t\t\thttps:\/\/letourdumondeen.fr\/wp-content\/gallery\/Ollantaytambo\/DSC_6262.JPG\t\t\t\"\n\t\t\t\ttitle=\"Ollantaytambo - Contre-forts pour soutenir l&#039;\u00e9difice\"\n\t\t\t\tclass=\"ngg-fancybox\" rel=\"7d891f3381df26730f2c47d3d17f7ba0\" data-image-id=\"2223\" data-src=\"https:\/\/letourdumondeen.fr\/wp-content\/gallery\/Ollantaytambo\/DSC_6262.JPG\" data-thumbnail=\"https:\/\/letourdumondeen.fr\/wp-content\/gallery\/Ollantaytambo\/thumbs\/thumbs_DSC_6262.JPG\" data-title=\"Ollantaytambo - Contre-forts pour soutenir l&#039;\u00e9difice\" data-description=\"Ollantaytambo - Contre-forts pour soutenir l&#039;\u00e9difice\"\t\t\t\t>\n\t\t\t\t\t\t\t\t<img title=\"Ollantaytambo - Contre-forts pour soutenir l&#039;\u00e9difice\" alt=\"Ollantaytambo - Contre-forts pour soutenir l&#039;\u00e9difice\" src=\"\n\t\t\t\t\t\t\t\t\t\thttps:\/\/letourdumondeen.fr\/wp-content\/gallery\/Ollantaytambo\/thumbs\/thumbs_DSC_6262.JPG\t\t\t\t\" \n\t\t\t\t\twidth='120' height='90'\t\t\t\t\/>\n\t\t\t\t\t\t\t<\/a>\n\t\t<\/div>\n\t<\/div>\n\n\t\t\t\t\t\t\t\t\t\n\t\n\t<div id=\"ngg-image-2224\" class=\"ngg-gallery-thumbnail-box\" \n\t\t\t\t\t\t\t\t\t\t>\n\t\t<div class=\"ngg-gallery-thumbnail\" >\n\t\t\t<a href=\"\n\t\t\thttps:\/\/letourdumondeen.fr\/wp-content\/gallery\/Ollantaytambo\/DSC_6265.JPG\t\t\t\"\n\t\t\t\ttitle=\"Ollantaytambo - Construction inca\"\n\t\t\t\tclass=\"ngg-fancybox\" rel=\"7d891f3381df26730f2c47d3d17f7ba0\" data-image-id=\"2224\" data-src=\"https:\/\/letourdumondeen.fr\/wp-content\/gallery\/Ollantaytambo\/DSC_6265.JPG\" data-thumbnail=\"https:\/\/letourdumondeen.fr\/wp-content\/gallery\/Ollantaytambo\/thumbs\/thumbs_DSC_6265.JPG\" data-title=\"Ollantaytambo - Construction inca\" data-description=\"Ollantaytambo - Construction inca\"\t\t\t\t>\n\t\t\t\t\t\t\t\t<img title=\"Ollantaytambo - Construction inca\" alt=\"Ollantaytambo - Construction inca\" src=\"\n\t\t\t\t\t\t\t\t\t\thttps:\/\/letourdumondeen.fr\/wp-content\/gallery\/Ollantaytambo\/thumbs\/thumbs_DSC_6265.JPG\t\t\t\t\" \n\t\t\t\t\twidth='120' height='90'\t\t\t\t\/>\n\t\t\t\t\t\t\t<\/a>\n\t\t<\/div>\n\t<\/div>\n\n\t\t\t\t\t\t\t\t\t\n\t\n\t<div id=\"ngg-image-2219\" class=\"ngg-gallery-thumbnail-box\" \n\t\t\t\t\t\t\t\t\t\t>\n\t\t<div class=\"ngg-gallery-thumbnail\" >\n\t\t\t<a href=\"\n\t\t\thttps:\/\/letourdumondeen.fr\/wp-content\/gallery\/Ollantaytambo\/DSCN8660.JPG\t\t\t\"\n\t\t\t\ttitle=\"Ollantaytambo - L&#039;accoustique est formidable\"\n\t\t\t\tclass=\"ngg-fancybox\" rel=\"7d891f3381df26730f2c47d3d17f7ba0\" data-image-id=\"2219\" data-src=\"https:\/\/letourdumondeen.fr\/wp-content\/gallery\/Ollantaytambo\/DSCN8660.JPG\" data-thumbnail=\"https:\/\/letourdumondeen.fr\/wp-content\/gallery\/Ollantaytambo\/thumbs\/thumbs_DSCN8660.JPG\" data-title=\"Ollantaytambo - L&#039;accoustique est formidable\" data-description=\"Ollantaytambo - L&#039;accoustique est formidable\"\t\t\t\t>\n\t\t\t\t\t\t\t\t<img title=\"Ollantaytambo - L&#039;accoustique est formidable\" alt=\"Ollantaytambo - L&#039;accoustique est formidable\" src=\"\n\t\t\t\t\t\t\t\t\t\thttps:\/\/letourdumondeen.fr\/wp-content\/gallery\/Ollantaytambo\/thumbs\/thumbs_DSCN8660.JPG\t\t\t\t\" \n\t\t\t\t\twidth='120' height='90'\t\t\t\t\/>\n\t\t\t\t\t\t\t<\/a>\n\t\t<\/div>\n\t<\/div>\n\n\t\t\t\t\t\t\t\t\t\n\t\n\t<div id=\"ngg-image-2225\" class=\"ngg-gallery-thumbnail-box\" \n\t\t\t\t\t\t\t\t\t\t>\n\t\t<div class=\"ngg-gallery-thumbnail\" >\n\t\t\t<a href=\"\n\t\t\thttps:\/\/letourdumondeen.fr\/wp-content\/gallery\/Ollantaytambo\/DSC_6266.JPG\t\t\t\"\n\t\t\t\ttitle=\"Ollantaytambo - Sculpture d&#039;un profil incas \u00e0 m\u00eame la falaise. Au solstice d&#039;\u00e9t\u00e9, le soleil pointe \u00e0 cet endroit exactement\"\n\t\t\t\tclass=\"ngg-fancybox\" rel=\"7d891f3381df26730f2c47d3d17f7ba0\" data-image-id=\"2225\" data-src=\"https:\/\/letourdumondeen.fr\/wp-content\/gallery\/Ollantaytambo\/DSC_6266.JPG\" data-thumbnail=\"https:\/\/letourdumondeen.fr\/wp-content\/gallery\/Ollantaytambo\/thumbs\/thumbs_DSC_6266.JPG\" data-title=\"Ollantaytambo - Sculpture d&#039;un profil incas \u00e0 m\u00eame la falaise. Au solstice d&#039;\u00e9t\u00e9, le soleil pointe \u00e0 cet endroit exactement\" data-description=\"Ollantaytambo - Sculpture d&#039;un profil incas \u00e0 m\u00eame la falaise. Au solstice d&#039;\u00e9t\u00e9, le soleil pointe \u00e0 cet endroit exactement\"\t\t\t\t>\n\t\t\t\t\t\t\t\t<img title=\"Ollantaytambo - Sculpture d&#039;un profil incas \u00e0 m\u00eame la falaise. Au solstice d&#039;\u00e9t\u00e9, le soleil pointe \u00e0 cet endroit exactement\" alt=\"Ollantaytambo - Sculpture d&#039;un profil incas \u00e0 m\u00eame la falaise. Au solstice d&#039;\u00e9t\u00e9, le soleil pointe \u00e0 cet endroit exactement\" src=\"\n\t\t\t\t\t\t\t\t\t\thttps:\/\/letourdumondeen.fr\/wp-content\/gallery\/Ollantaytambo\/thumbs\/thumbs_DSC_6266.JPG\t\t\t\t\" \n\t\t\t\t\twidth='120' height='90'\t\t\t\t\/>\n\t\t\t\t\t\t\t<\/a>\n\t\t<\/div>\n\t<\/div>\n\n\t\t\t\t\t\t\t\t\t\n\t\n\t<div id=\"ngg-image-2226\" class=\"ngg-gallery-thumbnail-box\" \n\t\t\t\t\t\t\t\t\t\t>\n\t\t<div class=\"ngg-gallery-thumbnail\" >\n\t\t\t<a href=\"\n\t\t\thttps:\/\/letourdumondeen.fr\/wp-content\/gallery\/Ollantaytambo\/DSC_6279.JPG\t\t\t\"\n\t\t\t\ttitle=\"Ollantaytambo - Temple du soleil\"\n\t\t\t\tclass=\"ngg-fancybox\" rel=\"7d891f3381df26730f2c47d3d17f7ba0\" data-image-id=\"2226\" data-src=\"https:\/\/letourdumondeen.fr\/wp-content\/gallery\/Ollantaytambo\/DSC_6279.JPG\" data-thumbnail=\"https:\/\/letourdumondeen.fr\/wp-content\/gallery\/Ollantaytambo\/thumbs\/thumbs_DSC_6279.JPG\" data-title=\"Ollantaytambo - Temple du soleil\" data-description=\"Ollantaytambo - Temple du soleil\"\t\t\t\t>\n\t\t\t\t\t\t\t\t<img title=\"Ollantaytambo - Temple du soleil\" alt=\"Ollantaytambo - Temple du soleil\" src=\"\n\t\t\t\t\t\t\t\t\t\thttps:\/\/letourdumondeen.fr\/wp-content\/gallery\/Ollantaytambo\/thumbs\/thumbs_DSC_6279.JPG\t\t\t\t\" \n\t\t\t\t\twidth='120' height='90'\t\t\t\t\/>\n\t\t\t\t\t\t\t<\/a>\n\t\t<\/div>\n\t<\/div>\n\n\t\t\t\t\t\t\t\t\t\n\t\n\t<div id=\"ngg-image-2227\" class=\"ngg-gallery-thumbnail-box\" \n\t\t\t\t\t\t\t\t\t\t>\n\t\t<div class=\"ngg-gallery-thumbnail\" >\n\t\t\t<a href=\"\n\t\t\thttps:\/\/letourdumondeen.fr\/wp-content\/gallery\/Ollantaytambo\/DSC_6289.JPG\t\t\t\"\n\t\t\t\ttitle=\"Ollantaytambo - Soleil\"\n\t\t\t\tclass=\"ngg-fancybox\" rel=\"7d891f3381df26730f2c47d3d17f7ba0\" data-image-id=\"2227\" data-src=\"https:\/\/letourdumondeen.fr\/wp-content\/gallery\/Ollantaytambo\/DSC_6289.JPG\" data-thumbnail=\"https:\/\/letourdumondeen.fr\/wp-content\/gallery\/Ollantaytambo\/thumbs\/thumbs_DSC_6289.JPG\" data-title=\"Ollantaytambo - Soleil\" data-description=\"Ollantaytambo - Soleil\"\t\t\t\t>\n\t\t\t\t\t\t\t\t<img title=\"Ollantaytambo - Soleil\" alt=\"Ollantaytambo - Soleil\" src=\"\n\t\t\t\t\t\t\t\t\t\thttps:\/\/letourdumondeen.fr\/wp-content\/gallery\/Ollantaytambo\/thumbs\/thumbs_DSC_6289.JPG\t\t\t\t\" \n\t\t\t\t\twidth='120' height='90'\t\t\t\t\/>\n\t\t\t\t\t\t\t<\/a>\n\t\t<\/div>\n\t<\/div>\n\n\t\t\t\t\t\t\t\t\t\n\t\n\t<!-- Pagination -->\n\t\t<div class='ngg-clear'><\/div>\n<\/div>\n\n\t<\/p>\n<h6>Chinchero<\/h6><p>A 3760 m\u00e8tres d&rsquo;altitude, le village de Chinchero est connu pour son \u00e9glise coloniale, construite sur les fondations d&rsquo;un ancien \u00e9difice incas. Il \u00e9tait plus facile de convertir les natifs en r\u00e9utilisant leurs sites sacr\u00e9s, et en int\u00e9grant des \u00e9l\u00e9ments de leurs anciennes croyances dans la nouvelle. Aujourd&rsquo;hui encore, les gens pratiquent un m\u00e9lange de catholicisme et de croyances incas.<\/p><p>\n<div class=\"ngg-galleryoverview\" id=\"ngg-gallery-1782a9e26a7fdabdfa2c3bae019a32fa-5856\">\n\n\t\t\n\t<!-- Thumbnails -->\n\t\t\t\t\n\t<div id=\"ngg-image-2228\" class=\"ngg-gallery-thumbnail-box\" \n\t\t\t\t\t\t\t\t\t\t>\n\t\t<div class=\"ngg-gallery-thumbnail\" >\n\t\t\t<a href=\"\n\t\t\thttps:\/\/letourdumondeen.fr\/wp-content\/gallery\/Chinchero\/DSC_6295.JPG\t\t\t\"\n\t\t\t\ttitle=\"Chinchero - Vendeurs devant l&#039;\u00e9glise\"\n\t\t\t\tclass=\"ngg-fancybox\" rel=\"1782a9e26a7fdabdfa2c3bae019a32fa\" data-image-id=\"2228\" data-src=\"https:\/\/letourdumondeen.fr\/wp-content\/gallery\/Chinchero\/DSC_6295.JPG\" data-thumbnail=\"https:\/\/letourdumondeen.fr\/wp-content\/gallery\/Chinchero\/thumbs\/thumbs_DSC_6295.JPG\" data-title=\"Chinchero - Vendeurs devant l&#039;\u00e9glise\" data-description=\"Chinchero - Vendeurs devant l&#039;\u00e9glise\"\t\t\t\t>\n\t\t\t\t\t\t\t\t<img title=\"Chinchero - Vendeurs devant l&#039;\u00e9glise\" alt=\"Chinchero - Vendeurs devant l&#039;\u00e9glise\" src=\"\n\t\t\t\t\t\t\t\t\t\thttps:\/\/letourdumondeen.fr\/wp-content\/gallery\/Chinchero\/thumbs\/thumbs_DSC_6295.JPG\t\t\t\t\" \n\t\t\t\t\twidth='120' height='90'\t\t\t\t\/>\n\t\t\t\t\t\t\t<\/a>\n\t\t<\/div>\n\t<\/div>\n\n\t\t\t\t\t\t\t\t\t\n\t\n\t<div id=\"ngg-image-2229\" class=\"ngg-gallery-thumbnail-box\" \n\t\t\t\t\t\t\t\t\t\t>\n\t\t<div class=\"ngg-gallery-thumbnail\" >\n\t\t\t<a href=\"\n\t\t\thttps:\/\/letourdumondeen.fr\/wp-content\/gallery\/Chinchero\/DSC_6303.JPG\t\t\t\"\n\t\t\t\ttitle=\"Chinchero - Vue de nuit\"\n\t\t\t\tclass=\"ngg-fancybox\" rel=\"1782a9e26a7fdabdfa2c3bae019a32fa\" data-image-id=\"2229\" data-src=\"https:\/\/letourdumondeen.fr\/wp-content\/gallery\/Chinchero\/DSC_6303.JPG\" data-thumbnail=\"https:\/\/letourdumondeen.fr\/wp-content\/gallery\/Chinchero\/thumbs\/thumbs_DSC_6303.JPG\" data-title=\"Chinchero - Vue de nuit\" data-description=\"Chinchero - Vue de nuit\"\t\t\t\t>\n\t\t\t\t\t\t\t\t<img title=\"Chinchero - Vue de nuit\" alt=\"Chinchero - Vue de nuit\" src=\"\n\t\t\t\t\t\t\t\t\t\thttps:\/\/letourdumondeen.fr\/wp-content\/gallery\/Chinchero\/thumbs\/thumbs_DSC_6303.JPG\t\t\t\t\" \n\t\t\t\t\twidth='120' height='90'\t\t\t\t\/>\n\t\t\t\t\t\t\t<\/a>\n\t\t<\/div>\n\t<\/div>\n\n\t\t\t\t\t\t\t\t\t\n\t\n\t<div id=\"ngg-image-2230\" class=\"ngg-gallery-thumbnail-box\" \n\t\t\t\t\t\t\t\t\t\t>\n\t\t<div class=\"ngg-gallery-thumbnail\" >\n\t\t\t<a href=\"\n\t\t\thttps:\/\/letourdumondeen.fr\/wp-content\/gallery\/Chinchero\/DSC_6312.JPG\t\t\t\"\n\t\t\t\ttitle=\"Chinchero - Vue de nuit\"\n\t\t\t\tclass=\"ngg-fancybox\" rel=\"1782a9e26a7fdabdfa2c3bae019a32fa\" data-image-id=\"2230\" data-src=\"https:\/\/letourdumondeen.fr\/wp-content\/gallery\/Chinchero\/DSC_6312.JPG\" data-thumbnail=\"https:\/\/letourdumondeen.fr\/wp-content\/gallery\/Chinchero\/thumbs\/thumbs_DSC_6312.JPG\" data-title=\"Chinchero - Vue de nuit\" data-description=\"Chinchero - Vue de nuit\"\t\t\t\t>\n\t\t\t\t\t\t\t\t<img title=\"Chinchero - Vue de nuit\" alt=\"Chinchero - Vue de nuit\" src=\"\n\t\t\t\t\t\t\t\t\t\thttps:\/\/letourdumondeen.fr\/wp-content\/gallery\/Chinchero\/thumbs\/thumbs_DSC_6312.JPG\t\t\t\t\" \n\t\t\t\t\twidth='120' height='90'\t\t\t\t\/>\n\t\t\t\t\t\t\t<\/a>\n\t\t<\/div>\n\t<\/div>\n\n\t\t\t\t\t\t\t\t\t\n\t\n\t<!-- Pagination -->\n\t\t<div class='ngg-clear'><\/div>\n<\/div>\n\n\t<\/p>\n<h6>Moray<\/h6><p>Parmi tous les sites que nous avons vus, Moray est l&rsquo;un des plus surprenants. Voyez-vous, si les Incas excellaient dans l&rsquo;agriculture ce n&rsquo;\u00e9tait pas un hasard. Ils ont construit \u00e0 Moray un v\u00e9ritable laboratoire agricole, o\u00f9 ils pouvaient reproduire environ une vingtaine de microclimats, qui correspondaient aux diff\u00e9rentes provinces de leur empire. Gr\u00e2ce \u00e0 ces terrasses circulaires creus\u00e9es dans la montagne, ils faisaient des exp\u00e9riences dans le but d&rsquo;am\u00e9liorer les esp\u00e8ces qu&rsquo;ils cultivaient, et d&rsquo;acclimater des esp\u00e8ces \u00e9trang\u00e8res.<\/p><p>Le lieu est particuli\u00e8rement atmosph\u00e9rique, c&rsquo;est le cas de le dire.<\/p><p>\n<div class=\"ngg-galleryoverview\" id=\"ngg-gallery-d27c17706f535d3ece316ca458d900f7-5856\">\n\n\t\t\n\t<!-- Thumbnails -->\n\t\t\t\t\n\t<div id=\"ngg-image-2216\" class=\"ngg-gallery-thumbnail-box\" \n\t\t\t\t\t\t\t\t\t\t>\n\t\t<div class=\"ngg-gallery-thumbnail\" >\n\t\t\t<a href=\"\n\t\t\thttps:\/\/letourdumondeen.fr\/wp-content\/gallery\/Moray\/DSC_6328.JPG\t\t\t\"\n\t\t\t\ttitle=\"Moray - Panorama\"\n\t\t\t\tclass=\"ngg-fancybox\" rel=\"d27c17706f535d3ece316ca458d900f7\" data-image-id=\"2216\" data-src=\"https:\/\/letourdumondeen.fr\/wp-content\/gallery\/Moray\/DSC_6328.JPG\" data-thumbnail=\"https:\/\/letourdumondeen.fr\/wp-content\/gallery\/Moray\/thumbs\/thumbs_DSC_6328.JPG\" data-title=\"Moray - Panorama\" data-description=\"Moray - Panorama\"\t\t\t\t>\n\t\t\t\t\t\t\t\t<img title=\"Moray - Panorama\" alt=\"Moray - Panorama\" src=\"\n\t\t\t\t\t\t\t\t\t\thttps:\/\/letourdumondeen.fr\/wp-content\/gallery\/Moray\/thumbs\/thumbs_DSC_6328.JPG\t\t\t\t\" \n\t\t\t\t\twidth='120' height='90'\t\t\t\t\/>\n\t\t\t\t\t\t\t<\/a>\n\t\t<\/div>\n\t<\/div>\n\n\t\t\t\t\t\t\t\t\t\n\t\n\t<div id=\"ngg-image-2217\" class=\"ngg-gallery-thumbnail-box\" \n\t\t\t\t\t\t\t\t\t\t>\n\t\t<div class=\"ngg-gallery-thumbnail\" >\n\t\t\t<a href=\"\n\t\t\thttps:\/\/letourdumondeen.fr\/wp-content\/gallery\/Moray\/DSC_6342.JPG\t\t\t\"\n\t\t\t\ttitle=\"Moray - Laboratoire agricole inca\"\n\t\t\t\tclass=\"ngg-fancybox\" rel=\"d27c17706f535d3ece316ca458d900f7\" data-image-id=\"2217\" data-src=\"https:\/\/letourdumondeen.fr\/wp-content\/gallery\/Moray\/DSC_6342.JPG\" data-thumbnail=\"https:\/\/letourdumondeen.fr\/wp-content\/gallery\/Moray\/thumbs\/thumbs_DSC_6342.JPG\" data-title=\"Moray - Laboratoire agricole inca\" data-description=\"Moray - Laboratoire agricole inca\"\t\t\t\t>\n\t\t\t\t\t\t\t\t<img title=\"Moray - Laboratoire agricole inca\" alt=\"Moray - Laboratoire agricole inca\" src=\"\n\t\t\t\t\t\t\t\t\t\thttps:\/\/letourdumondeen.fr\/wp-content\/gallery\/Moray\/thumbs\/thumbs_DSC_6342.JPG\t\t\t\t\" \n\t\t\t\t\twidth='120' height='90'\t\t\t\t\/>\n\t\t\t\t\t\t\t<\/a>\n\t\t<\/div>\n\t<\/div>\n\n\t\t\t\t\t\t\t\t\t\n\t\n\t<div id=\"ngg-image-2218\" class=\"ngg-gallery-thumbnail-box\" \n\t\t\t\t\t\t\t\t\t\t>\n\t\t<div class=\"ngg-gallery-thumbnail\" >\n\t\t\t<a href=\"\n\t\t\thttps:\/\/letourdumondeen.fr\/wp-content\/gallery\/Moray\/DSC_6356.JPG\t\t\t\"\n\t\t\t\ttitle=\"Moray - Laboratoire agricole inca\"\n\t\t\t\tclass=\"ngg-fancybox\" rel=\"d27c17706f535d3ece316ca458d900f7\" data-image-id=\"2218\" data-src=\"https:\/\/letourdumondeen.fr\/wp-content\/gallery\/Moray\/DSC_6356.JPG\" data-thumbnail=\"https:\/\/letourdumondeen.fr\/wp-content\/gallery\/Moray\/thumbs\/thumbs_DSC_6356.JPG\" data-title=\"Moray - Laboratoire agricole inca\" data-description=\"Moray - Laboratoire agricole inca\"\t\t\t\t>\n\t\t\t\t\t\t\t\t<img title=\"Moray - Laboratoire agricole inca\" alt=\"Moray - Laboratoire agricole inca\" src=\"\n\t\t\t\t\t\t\t\t\t\thttps:\/\/letourdumondeen.fr\/wp-content\/gallery\/Moray\/thumbs\/thumbs_DSC_6356.JPG\t\t\t\t\" \n\t\t\t\t\twidth='120' height='90'\t\t\t\t\/>\n\t\t\t\t\t\t\t<\/a>\n\t\t<\/div>\n\t<\/div>\n\n\t\t\t\t\t\t\t\t\t\n\t\n\t<!-- Pagination -->\n\t\t<div class='ngg-clear'><\/div>\n<\/div>\n\n\t<\/p>\n<h6>Machu Picchu<\/h6><p>Pour y acc\u00e9der, nous avons pris un mini-bus \u00e0 Cusco, qui nous a d\u00e9pos\u00e9 \u00e0 Hydro-Electrica, d&rsquo;o\u00f9 part un sentier suivant la voie ferr\u00e9e pour Aguas Calientes, la ville au pied du Machu Picchu. De l\u00e0, un chemin permet de monter jusqu&rsquo;au site arch\u00e9ologique. \u00c7a grimpe dur !<\/p><p>Mais pourquoi diable se sont-ils install\u00e9s l\u00e0, tout en haut d&rsquo;une montagne, au milieu d&rsquo;une jungle tropicale ?<\/p><p>Assister au lever de soleil donne un \u00e9l\u00e9ment de r\u00e9ponse : le spectacle de la lumi\u00e8re illuminant tour \u00e0 tour les monts aux alentours puis la cit\u00e9 est tout simplement magnifique. Il semblerait \u00e9galement que les Incas aimaient construire en hauteur pour \u00eatre plus proches de leurs dieux.<\/p><p>Les arch\u00e9ologues supposent que l&rsquo;endroit \u00e9tait une habitation royale, ou un sanctuaire religieux (ou les deux \u00e0 la fois), qui h\u00e9bergeait entre 500 et 1000 personnes \u00e0 2400 m\u00e8tres d&rsquo;altitude.<\/p><p>Le moins que l&rsquo;on puisse dire, c&rsquo;est que les Incas ma\u00eetrisaient leur sujet : la place centrale a une acoustique incroyable, permettant \u00e0 un orateur d&rsquo;\u00eatre parfaitement entendu, leurs b\u00e2timents \u00e9taient capables de r\u00e9sister aux tremblements de terre, et leurs cultures pr\u00e9sentaient un r\u00e9seau d&rsquo;irrigation tr\u00e8s performant, et toujours fonctionnel. Ils \u00e9taient dr\u00f4lement forts ces Incas !<\/p><p>Nous sommes \u00e9galement mont\u00e9s au sommet de la Monta\u00f1a (encore une belle ascension), pour avoir une vue encore plus \u00e9poustouflante, sur le Machu Picchu et le Huayna Picchu.<\/p><p>\n<div class=\"ngg-galleryoverview\" id=\"ngg-gallery-6241a989c8a0a42add05de9a999a636e-5856\">\n\n\t\t\n\t<!-- Thumbnails -->\n\t\t\t\t\n\t<div id=\"ngg-image-2238\" class=\"ngg-gallery-thumbnail-box\" \n\t\t\t\t\t\t\t\t\t\t>\n\t\t<div class=\"ngg-gallery-thumbnail\" >\n\t\t\t<a href=\"\n\t\t\thttps:\/\/letourdumondeen.fr\/wp-content\/gallery\/MachuPicchu\/DSCN8529.JPG\t\t\t\"\n\t\t\t\ttitle=\"Hydro Electrica - D\u00e9part du chemin vers Aguas Calientes\"\n\t\t\t\tclass=\"ngg-fancybox\" rel=\"6241a989c8a0a42add05de9a999a636e\" data-image-id=\"2238\" data-src=\"https:\/\/letourdumondeen.fr\/wp-content\/gallery\/MachuPicchu\/DSCN8529.JPG\" data-thumbnail=\"https:\/\/letourdumondeen.fr\/wp-content\/gallery\/MachuPicchu\/thumbs\/thumbs_DSCN8529.JPG\" data-title=\"Hydro Electrica - D\u00e9part du chemin vers Aguas Calientes\" data-description=\"Hydro Electrica - D\u00e9part du chemin vers Aguas Calientes\"\t\t\t\t>\n\t\t\t\t\t\t\t\t<img title=\"Hydro Electrica - D\u00e9part du chemin vers Aguas Calientes\" alt=\"Hydro Electrica - D\u00e9part du chemin vers Aguas Calientes\" src=\"\n\t\t\t\t\t\t\t\t\t\thttps:\/\/letourdumondeen.fr\/wp-content\/gallery\/MachuPicchu\/thumbs\/thumbs_DSCN8529.JPG\t\t\t\t\" \n\t\t\t\t\twidth='120' height='90'\t\t\t\t\/>\n\t\t\t\t\t\t\t<\/a>\n\t\t<\/div>\n\t<\/div>\n\n\t\t\t\t\t\t\t\t\t\n\t\n\t<div id=\"ngg-image-2239\" class=\"ngg-gallery-thumbnail-box\" \n\t\t\t\t\t\t\t\t\t\t>\n\t\t<div class=\"ngg-gallery-thumbnail\" >\n\t\t\t<a href=\"\n\t\t\thttps:\/\/letourdumondeen.fr\/wp-content\/gallery\/MachuPicchu\/DSCN8537.JPG\t\t\t\"\n\t\t\t\ttitle=\"Hydra Electrica - Vers Aguas Calientes\"\n\t\t\t\tclass=\"ngg-fancybox\" rel=\"6241a989c8a0a42add05de9a999a636e\" data-image-id=\"2239\" data-src=\"https:\/\/letourdumondeen.fr\/wp-content\/gallery\/MachuPicchu\/DSCN8537.JPG\" data-thumbnail=\"https:\/\/letourdumondeen.fr\/wp-content\/gallery\/MachuPicchu\/thumbs\/thumbs_DSCN8537.JPG\" data-title=\"Hydra Electrica - Vers Aguas Calientes\" data-description=\"Hydra Electrica - Vers Aguas Calientes\"\t\t\t\t>\n\t\t\t\t\t\t\t\t<img title=\"Hydra Electrica - Vers Aguas Calientes\" alt=\"Hydra Electrica - Vers Aguas Calientes\" src=\"\n\t\t\t\t\t\t\t\t\t\thttps:\/\/letourdumondeen.fr\/wp-content\/gallery\/MachuPicchu\/thumbs\/thumbs_DSCN8537.JPG\t\t\t\t\" \n\t\t\t\t\twidth='120' height='90'\t\t\t\t\/>\n\t\t\t\t\t\t\t<\/a>\n\t\t<\/div>\n\t<\/div>\n\n\t\t\t\t\t\t\t\t\t\n\t\n\t<div id=\"ngg-image-2240\" class=\"ngg-gallery-thumbnail-box\" \n\t\t\t\t\t\t\t\t\t\t>\n\t\t<div class=\"ngg-gallery-thumbnail\" >\n\t\t\t<a href=\"\n\t\t\thttps:\/\/letourdumondeen.fr\/wp-content\/gallery\/MachuPicchu\/DSCN8552.JPG\t\t\t\"\n\t\t\t\ttitle=\"Aguas Calientes - En bas du Machu Picchu\"\n\t\t\t\tclass=\"ngg-fancybox\" rel=\"6241a989c8a0a42add05de9a999a636e\" data-image-id=\"2240\" data-src=\"https:\/\/letourdumondeen.fr\/wp-content\/gallery\/MachuPicchu\/DSCN8552.JPG\" data-thumbnail=\"https:\/\/letourdumondeen.fr\/wp-content\/gallery\/MachuPicchu\/thumbs\/thumbs_DSCN8552.JPG\" data-title=\"Aguas Calientes - En bas du Machu Picchu\" data-description=\"Aguas Calientes - En bas du Machu Picchu\"\t\t\t\t>\n\t\t\t\t\t\t\t\t<img title=\"Aguas Calientes - En bas du Machu Picchu\" alt=\"Aguas Calientes - En bas du Machu Picchu\" src=\"\n\t\t\t\t\t\t\t\t\t\thttps:\/\/letourdumondeen.fr\/wp-content\/gallery\/MachuPicchu\/thumbs\/thumbs_DSCN8552.JPG\t\t\t\t\" \n\t\t\t\t\twidth='120' height='90'\t\t\t\t\/>\n\t\t\t\t\t\t\t<\/a>\n\t\t<\/div>\n\t<\/div>\n\n\t\t\t\t\t\t\t\t\t\n\t\n\t<div id=\"ngg-image-2246\" class=\"ngg-gallery-thumbnail-box\" \n\t\t\t\t\t\t\t\t\t\t>\n\t\t<div class=\"ngg-gallery-thumbnail\" >\n\t\t\t<a href=\"\n\t\t\thttps:\/\/letourdumondeen.fr\/wp-content\/gallery\/MachuPicchu\/DSCN8630.JPG\t\t\t\"\n\t\t\t\ttitle=\"Aguas Calientes - Place centrale\"\n\t\t\t\tclass=\"ngg-fancybox\" rel=\"6241a989c8a0a42add05de9a999a636e\" data-image-id=\"2246\" data-src=\"https:\/\/letourdumondeen.fr\/wp-content\/gallery\/MachuPicchu\/DSCN8630.JPG\" data-thumbnail=\"https:\/\/letourdumondeen.fr\/wp-content\/gallery\/MachuPicchu\/thumbs\/thumbs_DSCN8630.JPG\" data-title=\"Aguas Calientes - Place centrale\" data-description=\"Aguas Calientes - Place centrale\"\t\t\t\t>\n\t\t\t\t\t\t\t\t<img title=\"Aguas Calientes - Place centrale\" alt=\"Aguas Calientes - Place centrale\" src=\"\n\t\t\t\t\t\t\t\t\t\thttps:\/\/letourdumondeen.fr\/wp-content\/gallery\/MachuPicchu\/thumbs\/thumbs_DSCN8630.JPG\t\t\t\t\" \n\t\t\t\t\twidth='120' height='90'\t\t\t\t\/>\n\t\t\t\t\t\t\t<\/a>\n\t\t<\/div>\n\t<\/div>\n\n\t\t\t\t\t\t\t\t\t\n\t\n\t<div id=\"ngg-image-2241\" class=\"ngg-gallery-thumbnail-box\" \n\t\t\t\t\t\t\t\t\t\t>\n\t\t<div class=\"ngg-gallery-thumbnail\" >\n\t\t\t<a href=\"\n\t\t\thttps:\/\/letourdumondeen.fr\/wp-content\/gallery\/MachuPicchu\/DSCN8553.JPG\t\t\t\"\n\t\t\t\ttitle=\"Aguas Calientes - D\u00e9part du chemin vers le Machu Picchu\"\n\t\t\t\tclass=\"ngg-fancybox\" rel=\"6241a989c8a0a42add05de9a999a636e\" data-image-id=\"2241\" data-src=\"https:\/\/letourdumondeen.fr\/wp-content\/gallery\/MachuPicchu\/DSCN8553.JPG\" data-thumbnail=\"https:\/\/letourdumondeen.fr\/wp-content\/gallery\/MachuPicchu\/thumbs\/thumbs_DSCN8553.JPG\" data-title=\"Aguas Calientes - D\u00e9part du chemin vers le Machu Picchu\" data-description=\"Aguas Calientes - D\u00e9part du chemin vers le Machu Picchu\"\t\t\t\t>\n\t\t\t\t\t\t\t\t<img title=\"Aguas Calientes - D\u00e9part du chemin vers le Machu Picchu\" alt=\"Aguas Calientes - D\u00e9part du chemin vers le Machu Picchu\" src=\"\n\t\t\t\t\t\t\t\t\t\thttps:\/\/letourdumondeen.fr\/wp-content\/gallery\/MachuPicchu\/thumbs\/thumbs_DSCN8553.JPG\t\t\t\t\" \n\t\t\t\t\twidth='120' height='90'\t\t\t\t\/>\n\t\t\t\t\t\t\t<\/a>\n\t\t<\/div>\n\t<\/div>\n\n\t\t\t\t\t\t\t\t\t\n\t\n\t<div id=\"ngg-image-2242\" class=\"ngg-gallery-thumbnail-box\" \n\t\t\t\t\t\t\t\t\t\t>\n\t\t<div class=\"ngg-gallery-thumbnail\" >\n\t\t\t<a href=\"\n\t\t\thttps:\/\/letourdumondeen.fr\/wp-content\/gallery\/MachuPicchu\/DSCN8568.JPG\t\t\t\"\n\t\t\t\ttitle=\"Machu Picchu - Lever de soleil\"\n\t\t\t\tclass=\"ngg-fancybox\" rel=\"6241a989c8a0a42add05de9a999a636e\" data-image-id=\"2242\" data-src=\"https:\/\/letourdumondeen.fr\/wp-content\/gallery\/MachuPicchu\/DSCN8568.JPG\" data-thumbnail=\"https:\/\/letourdumondeen.fr\/wp-content\/gallery\/MachuPicchu\/thumbs\/thumbs_DSCN8568.JPG\" data-title=\"Machu Picchu - Lever de soleil\" data-description=\"Machu Picchu - Lever de soleil\"\t\t\t\t>\n\t\t\t\t\t\t\t\t<img title=\"Machu Picchu - Lever de soleil\" alt=\"Machu Picchu - Lever de soleil\" src=\"\n\t\t\t\t\t\t\t\t\t\thttps:\/\/letourdumondeen.fr\/wp-content\/gallery\/MachuPicchu\/thumbs\/thumbs_DSCN8568.JPG\t\t\t\t\" \n\t\t\t\t\twidth='120' height='90'\t\t\t\t\/>\n\t\t\t\t\t\t\t<\/a>\n\t\t<\/div>\n\t<\/div>\n\n\t\t\t\t\t\t\t\t\t\n\t\n\t<div id=\"ngg-image-2248\" class=\"ngg-gallery-thumbnail-box\" \n\t\t\t\t\t\t\t\t\t\t>\n\t\t<div class=\"ngg-gallery-thumbnail\" >\n\t\t\t<a href=\"\n\t\t\thttps:\/\/letourdumondeen.fr\/wp-content\/gallery\/MachuPicchu\/DSC_5839.JPG\t\t\t\"\n\t\t\t\ttitle=\"Machu Picchu - Vue d&#039;ensemble juste apr\u00e8s le lever de soleil\"\n\t\t\t\tclass=\"ngg-fancybox\" rel=\"6241a989c8a0a42add05de9a999a636e\" data-image-id=\"2248\" data-src=\"https:\/\/letourdumondeen.fr\/wp-content\/gallery\/MachuPicchu\/DSC_5839.JPG\" data-thumbnail=\"https:\/\/letourdumondeen.fr\/wp-content\/gallery\/MachuPicchu\/thumbs\/thumbs_DSC_5839.JPG\" data-title=\"Machu Picchu - Vue d&#039;ensemble juste apr\u00e8s le lever de soleil\" data-description=\"Machu Picchu - Vue d&#039;ensemble juste apr\u00e8s le lever de soleil\"\t\t\t\t>\n\t\t\t\t\t\t\t\t<img title=\"Machu Picchu - Vue d&#039;ensemble juste apr\u00e8s le lever de soleil\" alt=\"Machu Picchu - Vue d&#039;ensemble juste apr\u00e8s le lever de soleil\" src=\"\n\t\t\t\t\t\t\t\t\t\thttps:\/\/letourdumondeen.fr\/wp-content\/gallery\/MachuPicchu\/thumbs\/thumbs_DSC_5839.JPG\t\t\t\t\" \n\t\t\t\t\twidth='120' height='90'\t\t\t\t\/>\n\t\t\t\t\t\t\t<\/a>\n\t\t<\/div>\n\t<\/div>\n\n\t\t\t\t\t\t\t\t\t\n\t\n\t<div id=\"ngg-image-2249\" class=\"ngg-gallery-thumbnail-box\" \n\t\t\t\t\t\t\t\t\t\t>\n\t\t<div class=\"ngg-gallery-thumbnail\" >\n\t\t\t<a href=\"\n\t\t\thttps:\/\/letourdumondeen.fr\/wp-content\/gallery\/MachuPicchu\/DSC_5844.JPG\t\t\t\"\n\t\t\t\ttitle=\"Machu Picchu - Coucou\"\n\t\t\t\tclass=\"ngg-fancybox\" rel=\"6241a989c8a0a42add05de9a999a636e\" data-image-id=\"2249\" data-src=\"https:\/\/letourdumondeen.fr\/wp-content\/gallery\/MachuPicchu\/DSC_5844.JPG\" data-thumbnail=\"https:\/\/letourdumondeen.fr\/wp-content\/gallery\/MachuPicchu\/thumbs\/thumbs_DSC_5844.JPG\" data-title=\"Machu Picchu - Coucou\" data-description=\"Machu Picchu - Coucou\"\t\t\t\t>\n\t\t\t\t\t\t\t\t<img title=\"Machu Picchu - Coucou\" alt=\"Machu Picchu - Coucou\" src=\"\n\t\t\t\t\t\t\t\t\t\thttps:\/\/letourdumondeen.fr\/wp-content\/gallery\/MachuPicchu\/thumbs\/thumbs_DSC_5844.JPG\t\t\t\t\" \n\t\t\t\t\twidth='120' height='90'\t\t\t\t\/>\n\t\t\t\t\t\t\t<\/a>\n\t\t<\/div>\n\t<\/div>\n\n\t\t\t\t\t\t\t\t\t\n\t\n\t<div id=\"ngg-image-2250\" class=\"ngg-gallery-thumbnail-box\" \n\t\t\t\t\t\t\t\t\t\t>\n\t\t<div class=\"ngg-gallery-thumbnail\" >\n\t\t\t<a href=\"\n\t\t\thttps:\/\/letourdumondeen.fr\/wp-content\/gallery\/MachuPicchu\/DSC_5846.JPG\t\t\t\"\n\t\t\t\ttitle=\"Machu Picchu - Maisons\"\n\t\t\t\tclass=\"ngg-fancybox\" rel=\"6241a989c8a0a42add05de9a999a636e\" data-image-id=\"2250\" data-src=\"https:\/\/letourdumondeen.fr\/wp-content\/gallery\/MachuPicchu\/DSC_5846.JPG\" data-thumbnail=\"https:\/\/letourdumondeen.fr\/wp-content\/gallery\/MachuPicchu\/thumbs\/thumbs_DSC_5846.JPG\" data-title=\"Machu Picchu - Maisons\" data-description=\"Machu Picchu - Maisons\"\t\t\t\t>\n\t\t\t\t\t\t\t\t<img title=\"Machu Picchu - Maisons\" alt=\"Machu Picchu - Maisons\" src=\"\n\t\t\t\t\t\t\t\t\t\thttps:\/\/letourdumondeen.fr\/wp-content\/gallery\/MachuPicchu\/thumbs\/thumbs_DSC_5846.JPG\t\t\t\t\" \n\t\t\t\t\twidth='120' height='90'\t\t\t\t\/>\n\t\t\t\t\t\t\t<\/a>\n\t\t<\/div>\n\t<\/div>\n\n\t\t\t\t\t\t\t\t\t\n\t\n\t<div id=\"ngg-image-2247\" class=\"ngg-gallery-thumbnail-box\" \n\t\t\t\t\t\t\t\t\t\t>\n\t\t<div class=\"ngg-gallery-thumbnail\" >\n\t\t\t<a href=\"\n\t\t\thttps:\/\/letourdumondeen.fr\/wp-content\/gallery\/MachuPicchu\/DSC_5831.JPG\t\t\t\"\n\t\t\t\ttitle=\"Machu Picchu - Maisons\"\n\t\t\t\tclass=\"ngg-fancybox\" rel=\"6241a989c8a0a42add05de9a999a636e\" data-image-id=\"2247\" data-src=\"https:\/\/letourdumondeen.fr\/wp-content\/gallery\/MachuPicchu\/DSC_5831.JPG\" data-thumbnail=\"https:\/\/letourdumondeen.fr\/wp-content\/gallery\/MachuPicchu\/thumbs\/thumbs_DSC_5831.JPG\" data-title=\"Machu Picchu - Maisons\" data-description=\"Machu Picchu - Maisons\"\t\t\t\t>\n\t\t\t\t\t\t\t\t<img title=\"Machu Picchu - Maisons\" alt=\"Machu Picchu - Maisons\" src=\"\n\t\t\t\t\t\t\t\t\t\thttps:\/\/letourdumondeen.fr\/wp-content\/gallery\/MachuPicchu\/thumbs\/thumbs_DSC_5831.JPG\t\t\t\t\" \n\t\t\t\t\twidth='120' height='90'\t\t\t\t\/>\n\t\t\t\t\t\t\t<\/a>\n\t\t<\/div>\n\t<\/div>\n\n\t\t\t\t\t\t\t\t\t\n\t\n\t<div id=\"ngg-image-2251\" class=\"ngg-gallery-thumbnail-box\" \n\t\t\t\t\t\t\t\t\t\t>\n\t\t<div class=\"ngg-gallery-thumbnail\" >\n\t\t\t<a href=\"\n\t\t\thttps:\/\/letourdumondeen.fr\/wp-content\/gallery\/MachuPicchu\/DSC_5870.JPG\t\t\t\"\n\t\t\t\ttitle=\"Le pont des Incas\"\n\t\t\t\tclass=\"ngg-fancybox\" rel=\"6241a989c8a0a42add05de9a999a636e\" data-image-id=\"2251\" data-src=\"https:\/\/letourdumondeen.fr\/wp-content\/gallery\/MachuPicchu\/DSC_5870.JPG\" data-thumbnail=\"https:\/\/letourdumondeen.fr\/wp-content\/gallery\/MachuPicchu\/thumbs\/thumbs_DSC_5870.JPG\" data-title=\"Le pont des Incas\" data-description=\"Le pont des Incas\"\t\t\t\t>\n\t\t\t\t\t\t\t\t<img title=\"Le pont des Incas\" alt=\"Le pont des Incas\" src=\"\n\t\t\t\t\t\t\t\t\t\thttps:\/\/letourdumondeen.fr\/wp-content\/gallery\/MachuPicchu\/thumbs\/thumbs_DSC_5870.JPG\t\t\t\t\" \n\t\t\t\t\twidth='120' height='90'\t\t\t\t\/>\n\t\t\t\t\t\t\t<\/a>\n\t\t<\/div>\n\t<\/div>\n\n\t\t\t\t\t\t\t\t\t\n\t\n\t<div id=\"ngg-image-2243\" class=\"ngg-gallery-thumbnail-box\" \n\t\t\t\t\t\t\t\t\t\t>\n\t\t<div class=\"ngg-gallery-thumbnail\" >\n\t\t\t<a href=\"\n\t\t\thttps:\/\/letourdumondeen.fr\/wp-content\/gallery\/MachuPicchu\/DSCN8572.JPG\t\t\t\"\n\t\t\t\ttitle=\"Le pont des Incas - Vue sur le Machu Picchu\"\n\t\t\t\tclass=\"ngg-fancybox\" rel=\"6241a989c8a0a42add05de9a999a636e\" data-image-id=\"2243\" data-src=\"https:\/\/letourdumondeen.fr\/wp-content\/gallery\/MachuPicchu\/DSCN8572.JPG\" data-thumbnail=\"https:\/\/letourdumondeen.fr\/wp-content\/gallery\/MachuPicchu\/thumbs\/thumbs_DSCN8572.JPG\" data-title=\"Le pont des Incas - Vue sur le Machu Picchu\" data-description=\"Le pont des Incas - Vue sur le Machu Picchu\"\t\t\t\t>\n\t\t\t\t\t\t\t\t<img title=\"Le pont des Incas - Vue sur le Machu Picchu\" alt=\"Le pont des Incas - Vue sur le Machu Picchu\" src=\"\n\t\t\t\t\t\t\t\t\t\thttps:\/\/letourdumondeen.fr\/wp-content\/gallery\/MachuPicchu\/thumbs\/thumbs_DSCN8572.JPG\t\t\t\t\" \n\t\t\t\t\twidth='120' height='90'\t\t\t\t\/>\n\t\t\t\t\t\t\t<\/a>\n\t\t<\/div>\n\t<\/div>\n\n\t\t\t\t\t\t\t\t\t\n\t\n\t<div id=\"ngg-image-2252\" class=\"ngg-gallery-thumbnail-box\" \n\t\t\t\t\t\t\t\t\t\t>\n\t\t<div class=\"ngg-gallery-thumbnail\" >\n\t\t\t<a href=\"\n\t\t\thttps:\/\/letourdumondeen.fr\/wp-content\/gallery\/MachuPicchu\/DSC_5887.JPG\t\t\t\"\n\t\t\t\ttitle=\"Le pont des Incas - Vue sur les montagnes enneig\u00e9es (rare)\"\n\t\t\t\tclass=\"ngg-fancybox\" rel=\"6241a989c8a0a42add05de9a999a636e\" data-image-id=\"2252\" data-src=\"https:\/\/letourdumondeen.fr\/wp-content\/gallery\/MachuPicchu\/DSC_5887.JPG\" data-thumbnail=\"https:\/\/letourdumondeen.fr\/wp-content\/gallery\/MachuPicchu\/thumbs\/thumbs_DSC_5887.JPG\" data-title=\"Le pont des Incas - Vue sur les montagnes enneig\u00e9es (rare)\" data-description=\"Le pont des Incas - Vue sur les montagnes enneig\u00e9es (rare)\"\t\t\t\t>\n\t\t\t\t\t\t\t\t<img title=\"Le pont des Incas - Vue sur les montagnes enneig\u00e9es (rare)\" alt=\"Le pont des Incas - Vue sur les montagnes enneig\u00e9es (rare)\" src=\"\n\t\t\t\t\t\t\t\t\t\thttps:\/\/letourdumondeen.fr\/wp-content\/gallery\/MachuPicchu\/thumbs\/thumbs_DSC_5887.JPG\t\t\t\t\" \n\t\t\t\t\twidth='120' height='90'\t\t\t\t\/>\n\t\t\t\t\t\t\t<\/a>\n\t\t<\/div>\n\t<\/div>\n\n\t\t\t\t\t\t\t\t\t\n\t\n\t<div id=\"ngg-image-2253\" class=\"ngg-gallery-thumbnail-box\" \n\t\t\t\t\t\t\t\t\t\t>\n\t\t<div class=\"ngg-gallery-thumbnail\" >\n\t\t\t<a href=\"\n\t\t\thttps:\/\/letourdumondeen.fr\/wp-content\/gallery\/MachuPicchu\/DSC_5911.JPG\t\t\t\"\n\t\t\t\ttitle=\"Macchu Picchu - Faune locale ou tondeuse naturelle\"\n\t\t\t\tclass=\"ngg-fancybox\" rel=\"6241a989c8a0a42add05de9a999a636e\" data-image-id=\"2253\" data-src=\"https:\/\/letourdumondeen.fr\/wp-content\/gallery\/MachuPicchu\/DSC_5911.JPG\" data-thumbnail=\"https:\/\/letourdumondeen.fr\/wp-content\/gallery\/MachuPicchu\/thumbs\/thumbs_DSC_5911.JPG\" data-title=\"Macchu Picchu - Faune locale ou tondeuse naturelle\" data-description=\"Macchu Picchu - Faune locale ou tondeuse naturelle\"\t\t\t\t>\n\t\t\t\t\t\t\t\t<img title=\"Macchu Picchu - Faune locale ou tondeuse naturelle\" alt=\"Macchu Picchu - Faune locale ou tondeuse naturelle\" src=\"\n\t\t\t\t\t\t\t\t\t\thttps:\/\/letourdumondeen.fr\/wp-content\/gallery\/MachuPicchu\/thumbs\/thumbs_DSC_5911.JPG\t\t\t\t\" \n\t\t\t\t\twidth='120' height='90'\t\t\t\t\/>\n\t\t\t\t\t\t\t<\/a>\n\t\t<\/div>\n\t<\/div>\n\n\t\t\t\t\t\t\t\t\t\n\t\n\t<div id=\"ngg-image-2254\" class=\"ngg-gallery-thumbnail-box\" \n\t\t\t\t\t\t\t\t\t\t>\n\t\t<div class=\"ngg-gallery-thumbnail\" >\n\t\t\t<a href=\"\n\t\t\thttps:\/\/letourdumondeen.fr\/wp-content\/gallery\/MachuPicchu\/DSC_5931.JPG\t\t\t\"\n\t\t\t\ttitle=\"La porte du soleil - Vue sur le Machu Picchu\"\n\t\t\t\tclass=\"ngg-fancybox\" rel=\"6241a989c8a0a42add05de9a999a636e\" data-image-id=\"2254\" data-src=\"https:\/\/letourdumondeen.fr\/wp-content\/gallery\/MachuPicchu\/DSC_5931.JPG\" data-thumbnail=\"https:\/\/letourdumondeen.fr\/wp-content\/gallery\/MachuPicchu\/thumbs\/thumbs_DSC_5931.JPG\" data-title=\"La porte du soleil - Vue sur le Machu Picchu\" data-description=\"La porte du soleil - Vue sur le Machu Picchu\"\t\t\t\t>\n\t\t\t\t\t\t\t\t<img title=\"La porte du soleil - Vue sur le Machu Picchu\" alt=\"La porte du soleil - Vue sur le Machu Picchu\" src=\"\n\t\t\t\t\t\t\t\t\t\thttps:\/\/letourdumondeen.fr\/wp-content\/gallery\/MachuPicchu\/thumbs\/thumbs_DSC_5931.JPG\t\t\t\t\" \n\t\t\t\t\twidth='120' height='90'\t\t\t\t\/>\n\t\t\t\t\t\t\t<\/a>\n\t\t<\/div>\n\t<\/div>\n\n\t\t\t\t\t\t\t\t\t\n\t\n\t<div id=\"ngg-image-2244\" class=\"ngg-gallery-thumbnail-box\" \n\t\t\t\t\t\t\t\t\t\t>\n\t\t<div class=\"ngg-gallery-thumbnail\" >\n\t\t\t<a href=\"\n\t\t\thttps:\/\/letourdumondeen.fr\/wp-content\/gallery\/MachuPicchu\/DSCN8588.JPG\t\t\t\"\n\t\t\t\ttitle=\"La Montagne - On y est!\"\n\t\t\t\tclass=\"ngg-fancybox\" rel=\"6241a989c8a0a42add05de9a999a636e\" data-image-id=\"2244\" data-src=\"https:\/\/letourdumondeen.fr\/wp-content\/gallery\/MachuPicchu\/DSCN8588.JPG\" data-thumbnail=\"https:\/\/letourdumondeen.fr\/wp-content\/gallery\/MachuPicchu\/thumbs\/thumbs_DSCN8588.JPG\" data-title=\"La Montagne - On y est!\" data-description=\"La Montagne - On y est!\"\t\t\t\t>\n\t\t\t\t\t\t\t\t<img title=\"La Montagne - On y est!\" alt=\"La Montagne - On y est!\" src=\"\n\t\t\t\t\t\t\t\t\t\thttps:\/\/letourdumondeen.fr\/wp-content\/gallery\/MachuPicchu\/thumbs\/thumbs_DSCN8588.JPG\t\t\t\t\" \n\t\t\t\t\twidth='120' height='90'\t\t\t\t\/>\n\t\t\t\t\t\t\t<\/a>\n\t\t<\/div>\n\t<\/div>\n\n\t\t\t\t\t\t\t\t\t\n\t\n\t<div id=\"ngg-image-2257\" class=\"ngg-gallery-thumbnail-box\" \n\t\t\t\t\t\t\t\t\t\t>\n\t\t<div class=\"ngg-gallery-thumbnail\" >\n\t\t\t<a href=\"\n\t\t\thttps:\/\/letourdumondeen.fr\/wp-content\/gallery\/MachuPicchu\/DSC_6000.JPG\t\t\t\"\n\t\t\t\ttitle=\"La Montagne - 3061m\"\n\t\t\t\tclass=\"ngg-fancybox\" rel=\"6241a989c8a0a42add05de9a999a636e\" data-image-id=\"2257\" data-src=\"https:\/\/letourdumondeen.fr\/wp-content\/gallery\/MachuPicchu\/DSC_6000.JPG\" data-thumbnail=\"https:\/\/letourdumondeen.fr\/wp-content\/gallery\/MachuPicchu\/thumbs\/thumbs_DSC_6000.JPG\" data-title=\"La Montagne - 3061m\" data-description=\"La Montagne - 3061m\"\t\t\t\t>\n\t\t\t\t\t\t\t\t<img title=\"La Montagne - 3061m\" alt=\"La Montagne - 3061m\" src=\"\n\t\t\t\t\t\t\t\t\t\thttps:\/\/letourdumondeen.fr\/wp-content\/gallery\/MachuPicchu\/thumbs\/thumbs_DSC_6000.JPG\t\t\t\t\" \n\t\t\t\t\twidth='120' height='90'\t\t\t\t\/>\n\t\t\t\t\t\t\t<\/a>\n\t\t<\/div>\n\t<\/div>\n\n\t\t\t\t\t\t\t\t\t\n\t\n\t<div id=\"ngg-image-2255\" class=\"ngg-gallery-thumbnail-box\" \n\t\t\t\t\t\t\t\t\t\t>\n\t\t<div class=\"ngg-gallery-thumbnail\" >\n\t\t\t<a href=\"\n\t\t\thttps:\/\/letourdumondeen.fr\/wp-content\/gallery\/MachuPicchu\/DSC_5963.JPG\t\t\t\"\n\t\t\t\ttitle=\"La Montagne - Vue sur l&#039;Urubamba\"\n\t\t\t\tclass=\"ngg-fancybox\" rel=\"6241a989c8a0a42add05de9a999a636e\" data-image-id=\"2255\" data-src=\"https:\/\/letourdumondeen.fr\/wp-content\/gallery\/MachuPicchu\/DSC_5963.JPG\" data-thumbnail=\"https:\/\/letourdumondeen.fr\/wp-content\/gallery\/MachuPicchu\/thumbs\/thumbs_DSC_5963.JPG\" data-title=\"La Montagne - Vue sur l&#039;Urubamba\" data-description=\"La Montagne - Vue sur l&#039;Urubamba\"\t\t\t\t>\n\t\t\t\t\t\t\t\t<img title=\"La Montagne - Vue sur l&#039;Urubamba\" alt=\"La Montagne - Vue sur l&#039;Urubamba\" src=\"\n\t\t\t\t\t\t\t\t\t\thttps:\/\/letourdumondeen.fr\/wp-content\/gallery\/MachuPicchu\/thumbs\/thumbs_DSC_5963.JPG\t\t\t\t\" \n\t\t\t\t\twidth='120' height='90'\t\t\t\t\/>\n\t\t\t\t\t\t\t<\/a>\n\t\t<\/div>\n\t<\/div>\n\n\t\t\t\t\t\t\t\t\t\n\t\n\t<div id=\"ngg-image-2256\" class=\"ngg-gallery-thumbnail-box\" \n\t\t\t\t\t\t\t\t\t\t>\n\t\t<div class=\"ngg-gallery-thumbnail\" >\n\t\t\t<a href=\"\n\t\t\thttps:\/\/letourdumondeen.fr\/wp-content\/gallery\/MachuPicchu\/DSC_5992.JPG\t\t\t\"\n\t\t\t\ttitle=\"La Montagne - Vue sur le Machu Picchu\"\n\t\t\t\tclass=\"ngg-fancybox\" rel=\"6241a989c8a0a42add05de9a999a636e\" data-image-id=\"2256\" data-src=\"https:\/\/letourdumondeen.fr\/wp-content\/gallery\/MachuPicchu\/DSC_5992.JPG\" data-thumbnail=\"https:\/\/letourdumondeen.fr\/wp-content\/gallery\/MachuPicchu\/thumbs\/thumbs_DSC_5992.JPG\" data-title=\"La Montagne - Vue sur le Machu Picchu\" data-description=\"La Montagne - Vue sur le Machu Picchu\"\t\t\t\t>\n\t\t\t\t\t\t\t\t<img title=\"La Montagne - Vue sur le Machu Picchu\" alt=\"La Montagne - Vue sur le Machu Picchu\" src=\"\n\t\t\t\t\t\t\t\t\t\thttps:\/\/letourdumondeen.fr\/wp-content\/gallery\/MachuPicchu\/thumbs\/thumbs_DSC_5992.JPG\t\t\t\t\" \n\t\t\t\t\twidth='120' height='90'\t\t\t\t\/>\n\t\t\t\t\t\t\t<\/a>\n\t\t<\/div>\n\t<\/div>\n\n\t\t\t\t\t\t\t\t\t\n\t\n\t<div id=\"ngg-image-2258\" class=\"ngg-gallery-thumbnail-box\" \n\t\t\t\t\t\t\t\t\t\t>\n\t\t<div class=\"ngg-gallery-thumbnail\" >\n\t\t\t<a href=\"\n\t\t\thttps:\/\/letourdumondeen.fr\/wp-content\/gallery\/MachuPicchu\/DSC_6025.JPG\t\t\t\"\n\t\t\t\ttitle=\"Machu Picchu - Porte d&#039;entr\u00e9e\"\n\t\t\t\tclass=\"ngg-fancybox\" rel=\"6241a989c8a0a42add05de9a999a636e\" data-image-id=\"2258\" data-src=\"https:\/\/letourdumondeen.fr\/wp-content\/gallery\/MachuPicchu\/DSC_6025.JPG\" data-thumbnail=\"https:\/\/letourdumondeen.fr\/wp-content\/gallery\/MachuPicchu\/thumbs\/thumbs_DSC_6025.JPG\" data-title=\"Machu Picchu - Porte d&#039;entr\u00e9e\" data-description=\"Machu Picchu - Porte d&#039;entr\u00e9e\"\t\t\t\t>\n\t\t\t\t\t\t\t\t<img title=\"Machu Picchu - Porte d&#039;entr\u00e9e\" alt=\"Machu Picchu - Porte d&#039;entr\u00e9e\" src=\"\n\t\t\t\t\t\t\t\t\t\thttps:\/\/letourdumondeen.fr\/wp-content\/gallery\/MachuPicchu\/thumbs\/thumbs_DSC_6025.JPG\t\t\t\t\" \n\t\t\t\t\twidth='120' height='90'\t\t\t\t\/>\n\t\t\t\t\t\t\t<\/a>\n\t\t<\/div>\n\t<\/div>\n\n\t\t\t\t\t\t\t\t\t\n\t\n\t<div id=\"ngg-image-2259\" class=\"ngg-gallery-thumbnail-box\" \n\t\t\t\t\t\t\t\t\t\t>\n\t\t<div class=\"ngg-gallery-thumbnail\" >\n\t\t\t<a href=\"\n\t\t\thttps:\/\/letourdumondeen.fr\/wp-content\/gallery\/MachuPicchu\/DSC_6039.JPG\t\t\t\"\n\t\t\t\ttitle=\"Machu Picchu - Maison\"\n\t\t\t\tclass=\"ngg-fancybox\" rel=\"6241a989c8a0a42add05de9a999a636e\" data-image-id=\"2259\" data-src=\"https:\/\/letourdumondeen.fr\/wp-content\/gallery\/MachuPicchu\/DSC_6039.JPG\" data-thumbnail=\"https:\/\/letourdumondeen.fr\/wp-content\/gallery\/MachuPicchu\/thumbs\/thumbs_DSC_6039.JPG\" data-title=\"Machu Picchu - Maison\" data-description=\"Machu Picchu - Maison\"\t\t\t\t>\n\t\t\t\t\t\t\t\t<img title=\"Machu Picchu - Maison\" alt=\"Machu Picchu - Maison\" src=\"\n\t\t\t\t\t\t\t\t\t\thttps:\/\/letourdumondeen.fr\/wp-content\/gallery\/MachuPicchu\/thumbs\/thumbs_DSC_6039.JPG\t\t\t\t\" \n\t\t\t\t\twidth='120' height='90'\t\t\t\t\/>\n\t\t\t\t\t\t\t<\/a>\n\t\t<\/div>\n\t<\/div>\n\n\t\t\t\t\t\t\t\t\t\n\t\n\t<div id=\"ngg-image-2260\" class=\"ngg-gallery-thumbnail-box\" \n\t\t\t\t\t\t\t\t\t\t>\n\t\t<div class=\"ngg-gallery-thumbnail\" >\n\t\t\t<a href=\"\n\t\t\thttps:\/\/letourdumondeen.fr\/wp-content\/gallery\/MachuPicchu\/DSC_6049.JPG\t\t\t\"\n\t\t\t\ttitle=\"Machu Picchu - Place centrale \u00e0 l&#039;accousitque formidable\"\n\t\t\t\tclass=\"ngg-fancybox\" rel=\"6241a989c8a0a42add05de9a999a636e\" data-image-id=\"2260\" data-src=\"https:\/\/letourdumondeen.fr\/wp-content\/gallery\/MachuPicchu\/DSC_6049.JPG\" data-thumbnail=\"https:\/\/letourdumondeen.fr\/wp-content\/gallery\/MachuPicchu\/thumbs\/thumbs_DSC_6049.JPG\" data-title=\"Machu Picchu - Place centrale \u00e0 l&#039;accousitque formidable\" data-description=\"Machu Picchu - Place centrale \u00e0 l&#039;accousitque formidable\"\t\t\t\t>\n\t\t\t\t\t\t\t\t<img title=\"Machu Picchu - Place centrale \u00e0 l&#039;accousitque formidable\" alt=\"Machu Picchu - Place centrale \u00e0 l&#039;accousitque formidable\" src=\"\n\t\t\t\t\t\t\t\t\t\thttps:\/\/letourdumondeen.fr\/wp-content\/gallery\/MachuPicchu\/thumbs\/thumbs_DSC_6049.JPG\t\t\t\t\" \n\t\t\t\t\twidth='120' height='90'\t\t\t\t\/>\n\t\t\t\t\t\t\t<\/a>\n\t\t<\/div>\n\t<\/div>\n\n\t\t\t\t\t\t\t\t\t\n\t\n\t<div id=\"ngg-image-2261\" class=\"ngg-gallery-thumbnail-box\" \n\t\t\t\t\t\t\t\t\t\t>\n\t\t<div class=\"ngg-gallery-thumbnail\" >\n\t\t\t<a href=\"\n\t\t\thttps:\/\/letourdumondeen.fr\/wp-content\/gallery\/MachuPicchu\/DSC_6066.JPG\t\t\t\"\n\t\t\t\ttitle=\"Machu Picchu - Maquette incas des reliefs alentour\"\n\t\t\t\tclass=\"ngg-fancybox\" rel=\"6241a989c8a0a42add05de9a999a636e\" data-image-id=\"2261\" data-src=\"https:\/\/letourdumondeen.fr\/wp-content\/gallery\/MachuPicchu\/DSC_6066.JPG\" data-thumbnail=\"https:\/\/letourdumondeen.fr\/wp-content\/gallery\/MachuPicchu\/thumbs\/thumbs_DSC_6066.JPG\" data-title=\"Machu Picchu - Maquette incas des reliefs alentour\" data-description=\"Machu Picchu - Maquette incas des reliefs alentour\"\t\t\t\t>\n\t\t\t\t\t\t\t\t<img title=\"Machu Picchu - Maquette incas des reliefs alentour\" alt=\"Machu Picchu - Maquette incas des reliefs alentour\" src=\"\n\t\t\t\t\t\t\t\t\t\thttps:\/\/letourdumondeen.fr\/wp-content\/gallery\/MachuPicchu\/thumbs\/thumbs_DSC_6066.JPG\t\t\t\t\" \n\t\t\t\t\twidth='120' height='90'\t\t\t\t\/>\n\t\t\t\t\t\t\t<\/a>\n\t\t<\/div>\n\t<\/div>\n\n\t\t\t\t\t\t\t\t\t\n\t\n\t<div id=\"ngg-image-2262\" class=\"ngg-gallery-thumbnail-box\" \n\t\t\t\t\t\t\t\t\t\t>\n\t\t<div class=\"ngg-gallery-thumbnail\" >\n\t\t\t<a href=\"\n\t\t\thttps:\/\/letourdumondeen.fr\/wp-content\/gallery\/MachuPicchu\/DSC_6074.JPG\t\t\t\"\n\t\t\t\ttitle=\"Machu Picchu - Maisons\"\n\t\t\t\tclass=\"ngg-fancybox\" rel=\"6241a989c8a0a42add05de9a999a636e\" data-image-id=\"2262\" data-src=\"https:\/\/letourdumondeen.fr\/wp-content\/gallery\/MachuPicchu\/DSC_6074.JPG\" data-thumbnail=\"https:\/\/letourdumondeen.fr\/wp-content\/gallery\/MachuPicchu\/thumbs\/thumbs_DSC_6074.JPG\" data-title=\"Machu Picchu - Maisons\" data-description=\"Machu Picchu - Maisons\"\t\t\t\t>\n\t\t\t\t\t\t\t\t<img title=\"Machu Picchu - Maisons\" alt=\"Machu Picchu - Maisons\" src=\"\n\t\t\t\t\t\t\t\t\t\thttps:\/\/letourdumondeen.fr\/wp-content\/gallery\/MachuPicchu\/thumbs\/thumbs_DSC_6074.JPG\t\t\t\t\" \n\t\t\t\t\twidth='120' height='90'\t\t\t\t\/>\n\t\t\t\t\t\t\t<\/a>\n\t\t<\/div>\n\t<\/div>\n\n\t\t\t\t\t\t\t\t\t\n\t\n\t<div id=\"ngg-image-2245\" class=\"ngg-gallery-thumbnail-box\" \n\t\t\t\t\t\t\t\t\t\t>\n\t\t<div class=\"ngg-gallery-thumbnail\" >\n\t\t\t<a href=\"\n\t\t\thttps:\/\/letourdumondeen.fr\/wp-content\/gallery\/MachuPicchu\/DSCN8622.JPG\t\t\t\"\n\t\t\t\ttitle=\"Machu Picchu - Fen\u00eatre\"\n\t\t\t\tclass=\"ngg-fancybox\" rel=\"6241a989c8a0a42add05de9a999a636e\" data-image-id=\"2245\" data-src=\"https:\/\/letourdumondeen.fr\/wp-content\/gallery\/MachuPicchu\/DSCN8622.JPG\" data-thumbnail=\"https:\/\/letourdumondeen.fr\/wp-content\/gallery\/MachuPicchu\/thumbs\/thumbs_DSCN8622.JPG\" data-title=\"Machu Picchu - Fen\u00eatre\" data-description=\"Machu Picchu - Fen\u00eatre\"\t\t\t\t>\n\t\t\t\t\t\t\t\t<img title=\"Machu Picchu - Fen\u00eatre\" alt=\"Machu Picchu - Fen\u00eatre\" src=\"\n\t\t\t\t\t\t\t\t\t\thttps:\/\/letourdumondeen.fr\/wp-content\/gallery\/MachuPicchu\/thumbs\/thumbs_DSCN8622.JPG\t\t\t\t\" \n\t\t\t\t\twidth='120' height='90'\t\t\t\t\/>\n\t\t\t\t\t\t\t<\/a>\n\t\t<\/div>\n\t<\/div>\n\n\t\t\t\t\t\t\t\t\t\n\t\n\t<div id=\"ngg-image-2263\" class=\"ngg-gallery-thumbnail-box\" \n\t\t\t\t\t\t\t\t\t\t>\n\t\t<div class=\"ngg-gallery-thumbnail\" >\n\t\t\t<a href=\"\n\t\t\thttps:\/\/letourdumondeen.fr\/wp-content\/gallery\/MachuPicchu\/DSC_6078.JPG\t\t\t\"\n\t\t\t\ttitle=\"Machu Picchu - Pierre sacr\u00e9e\"\n\t\t\t\tclass=\"ngg-fancybox\" rel=\"6241a989c8a0a42add05de9a999a636e\" data-image-id=\"2263\" data-src=\"https:\/\/letourdumondeen.fr\/wp-content\/gallery\/MachuPicchu\/DSC_6078.JPG\" data-thumbnail=\"https:\/\/letourdumondeen.fr\/wp-content\/gallery\/MachuPicchu\/thumbs\/thumbs_DSC_6078.JPG\" data-title=\"Machu Picchu - Pierre sacr\u00e9e\" data-description=\"Machu Picchu - Pierre sacr\u00e9e\"\t\t\t\t>\n\t\t\t\t\t\t\t\t<img title=\"Machu Picchu - Pierre sacr\u00e9e\" alt=\"Machu Picchu - Pierre sacr\u00e9e\" src=\"\n\t\t\t\t\t\t\t\t\t\thttps:\/\/letourdumondeen.fr\/wp-content\/gallery\/MachuPicchu\/thumbs\/thumbs_DSC_6078.JPG\t\t\t\t\" \n\t\t\t\t\twidth='120' height='90'\t\t\t\t\/>\n\t\t\t\t\t\t\t<\/a>\n\t\t<\/div>\n\t<\/div>\n\n\t\t\t\t\t\t\t\t\t\n\t\n\t<div id=\"ngg-image-2264\" class=\"ngg-gallery-thumbnail-box\" \n\t\t\t\t\t\t\t\t\t\t>\n\t\t<div class=\"ngg-gallery-thumbnail\" >\n\t\t\t<a href=\"\n\t\t\thttps:\/\/letourdumondeen.fr\/wp-content\/gallery\/MachuPicchu\/DSC_6081.JPG\t\t\t\"\n\t\t\t\ttitle=\"Machu Picchu - Observatoire astronomique\"\n\t\t\t\tclass=\"ngg-fancybox\" rel=\"6241a989c8a0a42add05de9a999a636e\" data-image-id=\"2264\" data-src=\"https:\/\/letourdumondeen.fr\/wp-content\/gallery\/MachuPicchu\/DSC_6081.JPG\" data-thumbnail=\"https:\/\/letourdumondeen.fr\/wp-content\/gallery\/MachuPicchu\/thumbs\/thumbs_DSC_6081.JPG\" data-title=\"Machu Picchu - Observatoire astronomique\" data-description=\"Machu Picchu - Observatoire astronomique\"\t\t\t\t>\n\t\t\t\t\t\t\t\t<img title=\"Machu Picchu - Observatoire astronomique\" alt=\"Machu Picchu - Observatoire astronomique\" src=\"\n\t\t\t\t\t\t\t\t\t\thttps:\/\/letourdumondeen.fr\/wp-content\/gallery\/MachuPicchu\/thumbs\/thumbs_DSC_6081.JPG\t\t\t\t\" \n\t\t\t\t\twidth='120' height='90'\t\t\t\t\/>\n\t\t\t\t\t\t\t<\/a>\n\t\t<\/div>\n\t<\/div>\n\n\t\t\t\t\t\t\t\t\t\n\t\n\t<div id=\"ngg-image-2265\" class=\"ngg-gallery-thumbnail-box\" \n\t\t\t\t\t\t\t\t\t\t>\n\t\t<div class=\"ngg-gallery-thumbnail\" >\n\t\t\t<a href=\"\n\t\t\thttps:\/\/letourdumondeen.fr\/wp-content\/gallery\/MachuPicchu\/DSC_6130.JPG\t\t\t\"\n\t\t\t\ttitle=\"Machu Picchu - Place centrale\"\n\t\t\t\tclass=\"ngg-fancybox\" rel=\"6241a989c8a0a42add05de9a999a636e\" data-image-id=\"2265\" data-src=\"https:\/\/letourdumondeen.fr\/wp-content\/gallery\/MachuPicchu\/DSC_6130.JPG\" data-thumbnail=\"https:\/\/letourdumondeen.fr\/wp-content\/gallery\/MachuPicchu\/thumbs\/thumbs_DSC_6130.JPG\" data-title=\"Machu Picchu - Place centrale\" data-description=\"Machu Picchu - Place centrale\"\t\t\t\t>\n\t\t\t\t\t\t\t\t<img title=\"Machu Picchu - Place centrale\" alt=\"Machu Picchu - Place centrale\" src=\"\n\t\t\t\t\t\t\t\t\t\thttps:\/\/letourdumondeen.fr\/wp-content\/gallery\/MachuPicchu\/thumbs\/thumbs_DSC_6130.JPG\t\t\t\t\" \n\t\t\t\t\twidth='120' height='90'\t\t\t\t\/>\n\t\t\t\t\t\t\t<\/a>\n\t\t<\/div>\n\t<\/div>\n\n\t\t\t\t\t\t\t\t\t\n\t\n\t<div id=\"ngg-image-2266\" class=\"ngg-gallery-thumbnail-box\" \n\t\t\t\t\t\t\t\t\t\t>\n\t\t<div class=\"ngg-gallery-thumbnail\" >\n\t\t\t<a href=\"\n\t\t\thttps:\/\/letourdumondeen.fr\/wp-content\/gallery\/MachuPicchu\/DSC_6141.JPG\t\t\t\"\n\t\t\t\ttitle=\"Machu Picchu - Fontaine circulant dans tout l&#039;\u00e9difice\"\n\t\t\t\tclass=\"ngg-fancybox\" rel=\"6241a989c8a0a42add05de9a999a636e\" data-image-id=\"2266\" data-src=\"https:\/\/letourdumondeen.fr\/wp-content\/gallery\/MachuPicchu\/DSC_6141.JPG\" data-thumbnail=\"https:\/\/letourdumondeen.fr\/wp-content\/gallery\/MachuPicchu\/thumbs\/thumbs_DSC_6141.JPG\" data-title=\"Machu Picchu - Fontaine circulant dans tout l&#039;\u00e9difice\" data-description=\"Machu Picchu - Fontaine circulant dans tout l&#039;\u00e9difice\"\t\t\t\t>\n\t\t\t\t\t\t\t\t<img title=\"Machu Picchu - Fontaine circulant dans tout l&#039;\u00e9difice\" alt=\"Machu Picchu - Fontaine circulant dans tout l&#039;\u00e9difice\" src=\"\n\t\t\t\t\t\t\t\t\t\thttps:\/\/letourdumondeen.fr\/wp-content\/gallery\/MachuPicchu\/thumbs\/thumbs_DSC_6141.JPG\t\t\t\t\" \n\t\t\t\t\twidth='120' height='90'\t\t\t\t\/>\n\t\t\t\t\t\t\t<\/a>\n\t\t<\/div>\n\t<\/div>\n\n\t\t\t\t\t\t\t\t\t\n\t\n\t<div id=\"ngg-image-2267\" class=\"ngg-gallery-thumbnail-box\" \n\t\t\t\t\t\t\t\t\t\t>\n\t\t<div class=\"ngg-gallery-thumbnail\" >\n\t\t\t<a href=\"\n\t\t\thttps:\/\/letourdumondeen.fr\/wp-content\/gallery\/MachuPicchu\/DSC_6143.JPG\t\t\t\"\n\t\t\t\ttitle=\"Machu Picchu - Faune locale\"\n\t\t\t\tclass=\"ngg-fancybox\" rel=\"6241a989c8a0a42add05de9a999a636e\" data-image-id=\"2267\" data-src=\"https:\/\/letourdumondeen.fr\/wp-content\/gallery\/MachuPicchu\/DSC_6143.JPG\" data-thumbnail=\"https:\/\/letourdumondeen.fr\/wp-content\/gallery\/MachuPicchu\/thumbs\/thumbs_DSC_6143.JPG\" data-title=\"Machu Picchu - Faune locale\" data-description=\"Machu Picchu - Faune locale\"\t\t\t\t>\n\t\t\t\t\t\t\t\t<img title=\"Machu Picchu - Faune locale\" alt=\"Machu Picchu - Faune locale\" src=\"\n\t\t\t\t\t\t\t\t\t\thttps:\/\/letourdumondeen.fr\/wp-content\/gallery\/MachuPicchu\/thumbs\/thumbs_DSC_6143.JPG\t\t\t\t\" \n\t\t\t\t\twidth='120' height='90'\t\t\t\t\/>\n\t\t\t\t\t\t\t<\/a>\n\t\t<\/div>\n\t<\/div>\n\n\t\t\t\t\t\t\t\t\t\n\t\n\t<div id=\"ngg-image-2268\" class=\"ngg-gallery-thumbnail-box\" \n\t\t\t\t\t\t\t\t\t\t>\n\t\t<div class=\"ngg-gallery-thumbnail\" >\n\t\t\t<a href=\"\n\t\t\thttps:\/\/letourdumondeen.fr\/wp-content\/gallery\/MachuPicchu\/DSC_6157.JPG\t\t\t\"\n\t\t\t\ttitle=\"Machu Picchu - Maisons\"\n\t\t\t\tclass=\"ngg-fancybox\" rel=\"6241a989c8a0a42add05de9a999a636e\" data-image-id=\"2268\" data-src=\"https:\/\/letourdumondeen.fr\/wp-content\/gallery\/MachuPicchu\/DSC_6157.JPG\" data-thumbnail=\"https:\/\/letourdumondeen.fr\/wp-content\/gallery\/MachuPicchu\/thumbs\/thumbs_DSC_6157.JPG\" data-title=\"Machu Picchu - Maisons\" data-description=\"Machu Picchu - Maisons\"\t\t\t\t>\n\t\t\t\t\t\t\t\t<img title=\"Machu Picchu - Maisons\" alt=\"Machu Picchu - Maisons\" src=\"\n\t\t\t\t\t\t\t\t\t\thttps:\/\/letourdumondeen.fr\/wp-content\/gallery\/MachuPicchu\/thumbs\/thumbs_DSC_6157.JPG\t\t\t\t\" \n\t\t\t\t\twidth='120' height='90'\t\t\t\t\/>\n\t\t\t\t\t\t\t<\/a>\n\t\t<\/div>\n\t<\/div>\n\n\t\t\t\t\t\t\t\t\t\n\t\n\t<div id=\"ngg-image-2269\" class=\"ngg-gallery-thumbnail-box\" \n\t\t\t\t\t\t\t\t\t\t>\n\t\t<div class=\"ngg-gallery-thumbnail\" >\n\t\t\t<a href=\"\n\t\t\thttps:\/\/letourdumondeen.fr\/wp-content\/gallery\/MachuPicchu\/DSC_6161.JPG\t\t\t\"\n\t\t\t\ttitle=\"Machu Picchu - Temple du soleil\"\n\t\t\t\tclass=\"ngg-fancybox\" rel=\"6241a989c8a0a42add05de9a999a636e\" data-image-id=\"2269\" data-src=\"https:\/\/letourdumondeen.fr\/wp-content\/gallery\/MachuPicchu\/DSC_6161.JPG\" data-thumbnail=\"https:\/\/letourdumondeen.fr\/wp-content\/gallery\/MachuPicchu\/thumbs\/thumbs_DSC_6161.JPG\" data-title=\"Machu Picchu - Temple du soleil\" data-description=\"Machu Picchu - Temple du soleil\"\t\t\t\t>\n\t\t\t\t\t\t\t\t<img title=\"Machu Picchu - Temple du soleil\" alt=\"Machu Picchu - Temple du soleil\" src=\"\n\t\t\t\t\t\t\t\t\t\thttps:\/\/letourdumondeen.fr\/wp-content\/gallery\/MachuPicchu\/thumbs\/thumbs_DSC_6161.JPG\t\t\t\t\" \n\t\t\t\t\twidth='120' height='90'\t\t\t\t\/>\n\t\t\t\t\t\t\t<\/a>\n\t\t<\/div>\n\t<\/div>\n\n\t\t\t\t\t\t\t\t\t\n\t\n\t<div id=\"ngg-image-2270\" class=\"ngg-gallery-thumbnail-box\" \n\t\t\t\t\t\t\t\t\t\t>\n\t\t<div class=\"ngg-gallery-thumbnail\" >\n\t\t\t<a href=\"\n\t\t\thttps:\/\/letourdumondeen.fr\/wp-content\/gallery\/MachuPicchu\/DSC_6182.JPG\t\t\t\"\n\t\t\t\ttitle=\"Machu Picchu - Vue en fin de journ\u00e9e\"\n\t\t\t\tclass=\"ngg-fancybox\" rel=\"6241a989c8a0a42add05de9a999a636e\" data-image-id=\"2270\" data-src=\"https:\/\/letourdumondeen.fr\/wp-content\/gallery\/MachuPicchu\/DSC_6182.JPG\" data-thumbnail=\"https:\/\/letourdumondeen.fr\/wp-content\/gallery\/MachuPicchu\/thumbs\/thumbs_DSC_6182.JPG\" data-title=\"Machu Picchu - Vue en fin de journ\u00e9e\" data-description=\"Machu Picchu - Vue en fin de journ\u00e9e\"\t\t\t\t>\n\t\t\t\t\t\t\t\t<img title=\"Machu Picchu - Vue en fin de journ\u00e9e\" alt=\"Machu Picchu - Vue en fin de journ\u00e9e\" src=\"\n\t\t\t\t\t\t\t\t\t\thttps:\/\/letourdumondeen.fr\/wp-content\/gallery\/MachuPicchu\/thumbs\/thumbs_DSC_6182.JPG\t\t\t\t\" \n\t\t\t\t\twidth='120' height='90'\t\t\t\t\/>\n\t\t\t\t\t\t\t<\/a>\n\t\t<\/div>\n\t<\/div>\n\n\t\t\t\t\t\t\t\t\t\n\t\n\t<!-- Pagination -->\n\t\t<div class='ngg-clear'><\/div>\n<\/div>\n\n\t<\/p>\n","protected":false},"excerpt":{"rendered":"<p>Depuis Cusco (article \u00e0 venir), et jusqu&rsquo;au Machu Picchu, suivant la rivi\u00e8re Urubamba qu&rsquo;ils consid\u00e9raient comme sacr\u00e9e, les Incas ont laiss\u00e9 derri\u00e8re eux de nombreux \u00e9difices, qui t\u00e9moignent de la puissance de leur empire pass\u00e9, malgr\u00e9 les lourds d\u00e9g\u00e2ts inflig\u00e9s<\/p>\n","protected":false},"author":1,"featured_media":6012,"comment_status":"open","ping_status":"open","sticky":false,"template":"","format":"standard","meta":{"ngg_post_thumbnail":0,"footnotes":"","_links_to":"","_links_to_target":""},"categories":[4,16],"tags":[],"class_list":["post-5856","post","type-post","status-publish","format-standard","has-post-thumbnail","hentry","category-amerique-du-sud","category-peru"],"_links":{"self":[{"href":"https:\/\/letourdumondeen.fr\/index.php?rest_route=\/wp\/v2\/posts\/5856","targetHints":{"allow":["GET"]}}],"collection":[{"href":"https:\/\/letourdumondeen.fr\/index.php?rest_route=\/wp\/v2\/posts"}],"about":[{"href":"https:\/\/letourdumondeen.fr\/index.php?rest_route=\/wp\/v2\/types\/post"}],"author":[{"embeddable":true,"href":"https:\/\/letourdumondeen.fr\/index.php?rest_route=\/wp\/v2\/users\/1"}],"replies":[{"embeddable":true,"href":"https:\/\/letourdumondeen.fr\/index.php?rest_route=%2Fwp%2Fv2%2Fcomments&post=5856"}],"version-history":[{"count":13,"href":"https:\/\/letourdumondeen.fr\/index.php?rest_route=\/wp\/v2\/posts\/5856\/revisions"}],"predecessor-version":[{"id":6013,"href":"https:\/\/letourdumondeen.fr\/index.php?rest_route=\/wp\/v2\/posts\/5856\/revisions\/6013"}],"wp:featuredmedia":[{"embeddable":true,"href":"https:\/\/letourdumondeen.fr\/index.php?rest_route=\/wp\/v2\/media\/6012"}],"wp:attachment":[{"href":"https:\/\/letourdumondeen.fr\/index.php?rest_route=%2Fwp%2Fv2%2Fmedia&parent=5856"}],"wp:term":[{"taxonomy":"category","embeddable":true,"href":"https:\/\/letourdumondeen.fr\/index.php?rest_route=%2Fwp%2Fv2%2Fcategories&post=5856"},{"taxonomy":"post_tag","embeddable":true,"href":"https:\/\/letourdumondeen.fr\/index.php?rest_route=%2Fwp%2Fv2%2Ftags&post=5856"}],"curies":[{"name":"wp","href":"https:\/\/api.w.org\/{rel}","templated":true}]}}