{"id":4545,"date":"2015-05-02T05:25:24","date_gmt":"2015-05-02T04:25:24","guid":{"rendered":"https:\/\/letourdumondeen.fr\/?p=4545"},"modified":"2015-05-03T04:52:36","modified_gmt":"2015-05-03T03:52:36","slug":"au-nord-ouest-du-vietnam-trek-autour-de-sa-pa","status":"publish","type":"post","link":"https:\/\/letourdumondeen.fr\/?p=4545","title":{"rendered":"Au nord-ouest du Vietnam, trek autour de Sa Pa"},"content":{"rendered":"<p>My (\u00e0 prononcer \u00ab\u00a0Maille\u00a0\u00bb) a 30 ans. Elle et son mari ont 4 enfants et habitent dans leur village Hmong, perch\u00e9 sur les flancs des collines autour de <strong>Sa Pa<\/strong>. Ils vivent la moiti\u00e9 de l&rsquo;ann\u00e9e de leurs rizi\u00e8res et du tourisme l&rsquo;autre moiti\u00e9. My se rend r\u00e9guli\u00e8rement \u00e0 Sa Pa pour vendre des souvenirs ou proposer des visites guid\u00e9es. My ne parle que tr\u00e8s peu vietnamien, mais un dialecte sp\u00e9cifique, par contre elle se d\u00e9brouille tr\u00e8s bien en anglais !<!--more--><\/p><p>Nos chemins se sont crois\u00e9s d\u00e8s notre sortie du bus. A peine descendus, la jeune femme nous propose de la suivre en trek pour 2 jours et de nous h\u00e9berger chez elle. Pas convaincus et plus pr\u00e9occup\u00e9s par notre recherche d&rsquo;h\u00f4tel que par sa proposition, nous nous contentons de prendre son num\u00e9ro de t\u00e9l\u00e9phone. Nous la recroisons le lendemain, alors que nous faisons le tour des agences de tourisme. Et finalement, nous nous sommes dit : \u00ab\u00a0pourquoi pas, au moins tout l&rsquo;argent ira dans sa poche !\u00a0\u00bb. Avec My, nous nous accordons sur un itin\u00e9raire de 4 jours, 3 nuits, dont la derni\u00e8re chez elle.<\/p>\n<h6>Jour 1 &#8211; Celui o\u00f9 tout est gris<\/h6><p>Apr\u00e8s une nuit particuli\u00e8rement pluvieuse, nous n&rsquo;avons pas grand espoir d&rsquo;avoir du beau temps ce matin l\u00e0. Et en effet, c&rsquo;est dans le brouillard et l&rsquo;humidit\u00e9 que nous commen\u00e7ons notre excursion. On est un peu d\u00e9\u00e7us car cette partie du trek est cens\u00e9e offrir les plus beaux paysages.<\/p><p>A notre arriv\u00e9e \u00e0 la maison d&rsquo;h\u00f4te, la gentille famille nous accueille avec du th\u00e9 et des frites. On assiste \u00e9galement \u00e0 une interview de My par une \u00e9tudiante Vietnamienne de Londres qui r\u00e9dige un m\u00e9moire sur le tourisme ethnique et les changements que cela engendre. On apprend que les minorit\u00e9s de la r\u00e9gion sont particuli\u00e8rement mal vues par les autres Vietnamiens, qui, m\u00eame s&rsquo;ils profitent des revenus qu&rsquo;elles permettent de g\u00e9n\u00e9rer, n&rsquo;h\u00e9sitent pas \u00e0 les chasser de leur palier. Le soir, au coin du feu, on profite d&rsquo;un bon repas avec toute la famille, et nous d\u00e9couvrons la fameuse happy water : un alcool de riz assez populaire, que l&rsquo;on se fait un plaisir de servir aux randonneurs fatigu\u00e9s.<\/p>\n<h6>Jour 2 &#8211; Celui avec une \u00e9claircie et de l&rsquo;alcool de riz<\/h6><p>\u00c7a s&rsquo;annonce bien, il fait beau ce matin ! Nous profitons des paysages de rizi\u00e8res que nous n&rsquo;avons pas pu voir la veille. En chemin, nous sommes pr\u00e9sent\u00e9s \u00e0 Bein (2 ans), le petit dernier de la famille, qui fera le reste de la route avec nous.<\/p><p>Entour\u00e9s de Jacob et Anne-Mary de Hollande, et de Lucie, Cindy, Mathilde et Guillaume, de Clermont-Ferrand, nous passons une agr\u00e9able soir\u00e9e autour d&rsquo;un copieux repas, de quelques bouteilles de bi\u00e8res, de verres d&rsquo;happy water, et d&rsquo;un jeu de cartes.<\/p>\n<h6>Jour 3 &#8211; Celui o\u00f9 il pleut beaucoup<\/h6><p>Au programme : Balade dans la montagne, brouillard et pluie (qui nous vaudront un petit raccourci en taxi moto), et enfin repos chez My.<\/p><p>Nous faisons connaissance avec le reste de la famille : Four (10 ans), Tiou (8 ans), Hon (6 ans), et Ja\u00efne, le papa. Toute la journ\u00e9e, on observe les enfants s&rsquo;occuper. Ils n&rsquo;ont pas l&rsquo;air de vraiment aller \u00e0 l&rsquo;\u00e9cole, se gardent seuls, jouent \u00e0 la bagarre entre fr\u00e8res et s\u0153urs, et participent \u00e0 des taches pour lesquelles ils paraissent bien petits. M\u00eame s&rsquo;ils n&rsquo;ont pas beaucoup de moyens, toute la famille s&rsquo;occupe bien de nous : nous avons droit \u00e0 un repas complet, l&rsquo;happy water coule \u00e0 flot et un lit dans une chambre s\u00e9par\u00e9e nous a \u00e9t\u00e9 pr\u00e9par\u00e9.<\/p>\n<h6>Jour 4 &#8211; Celui o\u00f9 on se dit au revoir<\/h6><p>Apr\u00e8s un bon petit d\u00e9jeuner et une s\u00e9ance d&rsquo;essayage entre filles, nous devons prendre le chemin de retour vers Sa Pa, toujours sous la pluie, bien \u00e9videmment. En ville, nous prenons un dernier caf\u00e9 avec My, un peu triste de nous s\u00e9parer.<\/p>\n<hr \/>\n<h6><strong><em>Un mot sur Sa Pa<\/em><\/strong><\/h6><p><em>La ville n&rsquo;a pas grand int\u00e9r\u00eat en soit, d&rsquo;autant plus que les habitants de Sa Pa ne nous ont pas paru particuli\u00e8rement accueillants.<\/em><\/p><p><em>Si vous aussi vous voulez vivre une exp\u00e9rience formidable avec My et sa famille, pour 1, 2 jours, ou plus, n&rsquo;h\u00e9sitez pas \u00e0 nous demander son num\u00e9ro de t\u00e9l\u00e9phone ! Vous payerez un peu moins cher qu&rsquo;en agence, tout ira dans la poche de cette charmante famille et vous vivrez un s\u00e9jour unique et authentique !<\/em><\/p><p>&nbsp;<\/p><p>\n<div class=\"ngg-galleryoverview\" id=\"ngg-gallery-c8ef36fb258cafe5f07e5034379c917d-4545\">\n\n\t\t\n\t<!-- Thumbnails -->\n\t\t\t\t\n\t<div id=\"ngg-image-1698\" class=\"ngg-gallery-thumbnail-box\" \n\t\t\t\t\t\t\t\t\t\t>\n\t\t<div class=\"ngg-gallery-thumbnail\" >\n\t\t\t<a href=\"\n\t\t\thttps:\/\/letourdumondeen.fr\/wp-content\/gallery\/sapa\/DSCN6423.JPG\t\t\t\"\n\t\t\t\ttitle=\"L&#039;\u00e9glise de Sa Pa\"\n\t\t\t\tclass=\"ngg-fancybox\" rel=\"c8ef36fb258cafe5f07e5034379c917d\" data-image-id=\"1698\" data-src=\"https:\/\/letourdumondeen.fr\/wp-content\/gallery\/sapa\/DSCN6423.JPG\" data-thumbnail=\"https:\/\/letourdumondeen.fr\/wp-content\/gallery\/sapa\/thumbs\/thumbs_DSCN6423.JPG\" data-title=\"L&#039;\u00e9glise de Sa Pa\" data-description=\"L&#039;\u00e9glise de Sa Pa\"\t\t\t\t>\n\t\t\t\t\t\t\t\t<img title=\"L&#039;\u00e9glise de Sa Pa\" alt=\"L&#039;\u00e9glise de Sa Pa\" src=\"\n\t\t\t\t\t\t\t\t\t\thttps:\/\/letourdumondeen.fr\/wp-content\/gallery\/sapa\/thumbs\/thumbs_DSCN6423.JPG\t\t\t\t\" \n\t\t\t\t\twidth='120' height='90'\t\t\t\t\/>\n\t\t\t\t\t\t\t<\/a>\n\t\t<\/div>\n\t<\/div>\n\n\t\t\t\t\t\t\t\t\t\n\t\n\t<div id=\"ngg-image-1699\" class=\"ngg-gallery-thumbnail-box\" \n\t\t\t\t\t\t\t\t\t\t>\n\t\t<div class=\"ngg-gallery-thumbnail\" >\n\t\t\t<a href=\"\n\t\t\thttps:\/\/letourdumondeen.fr\/wp-content\/gallery\/sapa\/DSCN6426.JPG\t\t\t\"\n\t\t\t\ttitle=\"Sa Pa, rue principale\"\n\t\t\t\tclass=\"ngg-fancybox\" rel=\"c8ef36fb258cafe5f07e5034379c917d\" data-image-id=\"1699\" data-src=\"https:\/\/letourdumondeen.fr\/wp-content\/gallery\/sapa\/DSCN6426.JPG\" data-thumbnail=\"https:\/\/letourdumondeen.fr\/wp-content\/gallery\/sapa\/thumbs\/thumbs_DSCN6426.JPG\" data-title=\"Sa Pa, rue principale\" data-description=\"Sa Pa, rue principale\"\t\t\t\t>\n\t\t\t\t\t\t\t\t<img title=\"Sa Pa, rue principale\" alt=\"Sa Pa, rue principale\" src=\"\n\t\t\t\t\t\t\t\t\t\thttps:\/\/letourdumondeen.fr\/wp-content\/gallery\/sapa\/thumbs\/thumbs_DSCN6426.JPG\t\t\t\t\" \n\t\t\t\t\twidth='120' height='90'\t\t\t\t\/>\n\t\t\t\t\t\t\t<\/a>\n\t\t<\/div>\n\t<\/div>\n\n\t\t\t\t\t\t\t\t\t\n\t\n\t<div id=\"ngg-image-1720\" class=\"ngg-gallery-thumbnail-box\" \n\t\t\t\t\t\t\t\t\t\t>\n\t\t<div class=\"ngg-gallery-thumbnail\" >\n\t\t\t<a href=\"\n\t\t\thttps:\/\/letourdumondeen.fr\/wp-content\/gallery\/sapa\/DSC_1472.JPG\t\t\t\"\n\t\t\t\ttitle=\"Sa Pa sous la pluie\"\n\t\t\t\tclass=\"ngg-fancybox\" rel=\"c8ef36fb258cafe5f07e5034379c917d\" data-image-id=\"1720\" data-src=\"https:\/\/letourdumondeen.fr\/wp-content\/gallery\/sapa\/DSC_1472.JPG\" data-thumbnail=\"https:\/\/letourdumondeen.fr\/wp-content\/gallery\/sapa\/thumbs\/thumbs_DSC_1472.JPG\" data-title=\"Sa Pa sous la pluie\" data-description=\"Sa Pa sous la pluie\"\t\t\t\t>\n\t\t\t\t\t\t\t\t<img title=\"Sa Pa sous la pluie\" alt=\"Sa Pa sous la pluie\" src=\"\n\t\t\t\t\t\t\t\t\t\thttps:\/\/letourdumondeen.fr\/wp-content\/gallery\/sapa\/thumbs\/thumbs_DSC_1472.JPG\t\t\t\t\" \n\t\t\t\t\twidth='120' height='90'\t\t\t\t\/>\n\t\t\t\t\t\t\t<\/a>\n\t\t<\/div>\n\t<\/div>\n\n\t\t\t\t\t\t\t\t\t\n\t\n\t<div id=\"ngg-image-1721\" class=\"ngg-gallery-thumbnail-box\" \n\t\t\t\t\t\t\t\t\t\t>\n\t\t<div class=\"ngg-gallery-thumbnail\" >\n\t\t\t<a href=\"\n\t\t\thttps:\/\/letourdumondeen.fr\/wp-content\/gallery\/sapa\/DSC_1484.JPG\t\t\t\"\n\t\t\t\ttitle=\"Sa Pa sous la pluie\"\n\t\t\t\tclass=\"ngg-fancybox\" rel=\"c8ef36fb258cafe5f07e5034379c917d\" data-image-id=\"1721\" data-src=\"https:\/\/letourdumondeen.fr\/wp-content\/gallery\/sapa\/DSC_1484.JPG\" data-thumbnail=\"https:\/\/letourdumondeen.fr\/wp-content\/gallery\/sapa\/thumbs\/thumbs_DSC_1484.JPG\" data-title=\"Sa Pa sous la pluie\" data-description=\"Sa Pa sous la pluie\"\t\t\t\t>\n\t\t\t\t\t\t\t\t<img title=\"Sa Pa sous la pluie\" alt=\"Sa Pa sous la pluie\" src=\"\n\t\t\t\t\t\t\t\t\t\thttps:\/\/letourdumondeen.fr\/wp-content\/gallery\/sapa\/thumbs\/thumbs_DSC_1484.JPG\t\t\t\t\" \n\t\t\t\t\twidth='120' height='90'\t\t\t\t\/>\n\t\t\t\t\t\t\t<\/a>\n\t\t<\/div>\n\t<\/div>\n\n\t\t\t\t\t\t\t\t\t\n\t\n\t<div id=\"ngg-image-1701\" class=\"ngg-gallery-thumbnail-box\" \n\t\t\t\t\t\t\t\t\t\t>\n\t\t<div class=\"ngg-gallery-thumbnail\" >\n\t\t\t<a href=\"\n\t\t\thttps:\/\/letourdumondeen.fr\/wp-content\/gallery\/sapa\/DSCN6457.JPG\t\t\t\"\n\t\t\t\ttitle=\"Jour 1 - Rizi\u00e8res dans la brume\"\n\t\t\t\tclass=\"ngg-fancybox\" rel=\"c8ef36fb258cafe5f07e5034379c917d\" data-image-id=\"1701\" data-src=\"https:\/\/letourdumondeen.fr\/wp-content\/gallery\/sapa\/DSCN6457.JPG\" data-thumbnail=\"https:\/\/letourdumondeen.fr\/wp-content\/gallery\/sapa\/thumbs\/thumbs_DSCN6457.JPG\" data-title=\"Jour 1 - Rizi\u00e8res dans la brume\" data-description=\"Jour 1 - Rizi\u00e8res dans la brume\"\t\t\t\t>\n\t\t\t\t\t\t\t\t<img title=\"Jour 1 - Rizi\u00e8res dans la brume\" alt=\"Jour 1 - Rizi\u00e8res dans la brume\" src=\"\n\t\t\t\t\t\t\t\t\t\thttps:\/\/letourdumondeen.fr\/wp-content\/gallery\/sapa\/thumbs\/thumbs_DSCN6457.JPG\t\t\t\t\" \n\t\t\t\t\twidth='120' height='90'\t\t\t\t\/>\n\t\t\t\t\t\t\t<\/a>\n\t\t<\/div>\n\t<\/div>\n\n\t\t\t\t\t\t\t\t\t\n\t\n\t<div id=\"ngg-image-1722\" class=\"ngg-gallery-thumbnail-box\" \n\t\t\t\t\t\t\t\t\t\t>\n\t\t<div class=\"ngg-gallery-thumbnail\" >\n\t\t\t<a href=\"\n\t\t\thttps:\/\/letourdumondeen.fr\/wp-content\/gallery\/sapa\/DSC_1493.JPG\t\t\t\"\n\t\t\t\ttitle=\"Jour 1 - Rivi\u00e8re\"\n\t\t\t\tclass=\"ngg-fancybox\" rel=\"c8ef36fb258cafe5f07e5034379c917d\" data-image-id=\"1722\" data-src=\"https:\/\/letourdumondeen.fr\/wp-content\/gallery\/sapa\/DSC_1493.JPG\" data-thumbnail=\"https:\/\/letourdumondeen.fr\/wp-content\/gallery\/sapa\/thumbs\/thumbs_DSC_1493.JPG\" data-title=\"Jour 1 - Rivi\u00e8re\" data-description=\"Jour 1 - Rivi\u00e8re\"\t\t\t\t>\n\t\t\t\t\t\t\t\t<img title=\"Jour 1 - Rivi\u00e8re\" alt=\"Jour 1 - Rivi\u00e8re\" src=\"\n\t\t\t\t\t\t\t\t\t\thttps:\/\/letourdumondeen.fr\/wp-content\/gallery\/sapa\/thumbs\/thumbs_DSC_1493.JPG\t\t\t\t\" \n\t\t\t\t\twidth='120' height='90'\t\t\t\t\/>\n\t\t\t\t\t\t\t<\/a>\n\t\t<\/div>\n\t<\/div>\n\n\t\t\t\t\t\t\t\t\t\n\t\n\t<div id=\"ngg-image-1700\" class=\"ngg-gallery-thumbnail-box\" \n\t\t\t\t\t\t\t\t\t\t>\n\t\t<div class=\"ngg-gallery-thumbnail\" >\n\t\t\t<a href=\"\n\t\t\thttps:\/\/letourdumondeen.fr\/wp-content\/gallery\/sapa\/DSCN6437.JPG\t\t\t\"\n\t\t\t\ttitle=\"3*14*21500+7*30000\"\n\t\t\t\tclass=\"ngg-fancybox\" rel=\"c8ef36fb258cafe5f07e5034379c917d\" data-image-id=\"1700\" data-src=\"https:\/\/letourdumondeen.fr\/wp-content\/gallery\/sapa\/DSCN6437.JPG\" data-thumbnail=\"https:\/\/letourdumondeen.fr\/wp-content\/gallery\/sapa\/thumbs\/thumbs_DSCN6437.JPG\" data-title=\"Jour 1 - Cascade\" data-description=\"3*14*21500+7*30000\"\t\t\t\t>\n\t\t\t\t\t\t\t\t<img title=\"Jour 1 - Cascade\" alt=\"Jour 1 - Cascade\" src=\"\n\t\t\t\t\t\t\t\t\t\thttps:\/\/letourdumondeen.fr\/wp-content\/gallery\/sapa\/thumbs\/thumbs_DSCN6437.JPG\t\t\t\t\" \n\t\t\t\t\twidth='120' height='90'\t\t\t\t\/>\n\t\t\t\t\t\t\t<\/a>\n\t\t<\/div>\n\t<\/div>\n\n\t\t\t\t\t\t\t\t\t\n\t\n\t<div id=\"ngg-image-1723\" class=\"ngg-gallery-thumbnail-box\" \n\t\t\t\t\t\t\t\t\t\t>\n\t\t<div class=\"ngg-gallery-thumbnail\" >\n\t\t\t<a href=\"\n\t\t\thttps:\/\/letourdumondeen.fr\/wp-content\/gallery\/sapa\/DSC_1507.JPG\t\t\t\"\n\t\t\t\ttitle=\"Jour 1 - Notre guide, My\"\n\t\t\t\tclass=\"ngg-fancybox\" rel=\"c8ef36fb258cafe5f07e5034379c917d\" data-image-id=\"1723\" data-src=\"https:\/\/letourdumondeen.fr\/wp-content\/gallery\/sapa\/DSC_1507.JPG\" data-thumbnail=\"https:\/\/letourdumondeen.fr\/wp-content\/gallery\/sapa\/thumbs\/thumbs_DSC_1507.JPG\" data-title=\"Jour 1 - Notre guide, My\" data-description=\"Jour 1 - Notre guide, My\"\t\t\t\t>\n\t\t\t\t\t\t\t\t<img title=\"Jour 1 - Notre guide, My\" alt=\"Jour 1 - Notre guide, My\" src=\"\n\t\t\t\t\t\t\t\t\t\thttps:\/\/letourdumondeen.fr\/wp-content\/gallery\/sapa\/thumbs\/thumbs_DSC_1507.JPG\t\t\t\t\" \n\t\t\t\t\twidth='120' height='90'\t\t\t\t\/>\n\t\t\t\t\t\t\t<\/a>\n\t\t<\/div>\n\t<\/div>\n\n\t\t\t\t\t\t\t\t\t\n\t\n\t<div id=\"ngg-image-1724\" class=\"ngg-gallery-thumbnail-box\" \n\t\t\t\t\t\t\t\t\t\t>\n\t\t<div class=\"ngg-gallery-thumbnail\" >\n\t\t\t<a href=\"\n\t\t\thttps:\/\/letourdumondeen.fr\/wp-content\/gallery\/sapa\/DSC_1511.JPG\t\t\t\"\n\t\t\t\ttitle=\"Jour 1 - Le golden gate de SP\"\n\t\t\t\tclass=\"ngg-fancybox\" rel=\"c8ef36fb258cafe5f07e5034379c917d\" data-image-id=\"1724\" data-src=\"https:\/\/letourdumondeen.fr\/wp-content\/gallery\/sapa\/DSC_1511.JPG\" data-thumbnail=\"https:\/\/letourdumondeen.fr\/wp-content\/gallery\/sapa\/thumbs\/thumbs_DSC_1511.JPG\" data-title=\"Jour 1 - Le golden gate de SP\" data-description=\"Jour 1 - Le golden gate de SP\"\t\t\t\t>\n\t\t\t\t\t\t\t\t<img title=\"Jour 1 - Le golden gate de SP\" alt=\"Jour 1 - Le golden gate de SP\" src=\"\n\t\t\t\t\t\t\t\t\t\thttps:\/\/letourdumondeen.fr\/wp-content\/gallery\/sapa\/thumbs\/thumbs_DSC_1511.JPG\t\t\t\t\" \n\t\t\t\t\twidth='120' height='90'\t\t\t\t\/>\n\t\t\t\t\t\t\t<\/a>\n\t\t<\/div>\n\t<\/div>\n\n\t\t\t\t\t\t\t\t\t\n\t\n\t<div id=\"ngg-image-1725\" class=\"ngg-gallery-thumbnail-box\" \n\t\t\t\t\t\t\t\t\t\t>\n\t\t<div class=\"ngg-gallery-thumbnail\" >\n\t\t\t<a href=\"\n\t\t\thttps:\/\/letourdumondeen.fr\/wp-content\/gallery\/sapa\/DSC_1521.JPG\t\t\t\"\n\t\t\t\ttitle=\"Jour 1 - Un petit cochon s&#039;attaque \u00e0 notre casse-cro\u00fbte\"\n\t\t\t\tclass=\"ngg-fancybox\" rel=\"c8ef36fb258cafe5f07e5034379c917d\" data-image-id=\"1725\" data-src=\"https:\/\/letourdumondeen.fr\/wp-content\/gallery\/sapa\/DSC_1521.JPG\" data-thumbnail=\"https:\/\/letourdumondeen.fr\/wp-content\/gallery\/sapa\/thumbs\/thumbs_DSC_1521.JPG\" data-title=\"Jour 1 - Un petit cochon s&#039;attaque \u00e0 notre casse-cro\u00fbte\" data-description=\"Jour 1 - Un petit cochon s&#039;attaque \u00e0 notre casse-cro\u00fbte\"\t\t\t\t>\n\t\t\t\t\t\t\t\t<img title=\"Jour 1 - Un petit cochon s&#039;attaque \u00e0 notre casse-cro\u00fbte\" alt=\"Jour 1 - Un petit cochon s&#039;attaque \u00e0 notre casse-cro\u00fbte\" src=\"\n\t\t\t\t\t\t\t\t\t\thttps:\/\/letourdumondeen.fr\/wp-content\/gallery\/sapa\/thumbs\/thumbs_DSC_1521.JPG\t\t\t\t\" \n\t\t\t\t\twidth='120' height='90'\t\t\t\t\/>\n\t\t\t\t\t\t\t<\/a>\n\t\t<\/div>\n\t<\/div>\n\n\t\t\t\t\t\t\t\t\t\n\t\n\t<div id=\"ngg-image-1726\" class=\"ngg-gallery-thumbnail-box\" \n\t\t\t\t\t\t\t\t\t\t>\n\t\t<div class=\"ngg-gallery-thumbnail\" >\n\t\t\t<a href=\"\n\t\t\thttps:\/\/letourdumondeen.fr\/wp-content\/gallery\/sapa\/DSC_1531.JPG\t\t\t\"\n\t\t\t\ttitle=\"Jour 1 - Sandwich \u00e0 la vache qui rit\"\n\t\t\t\tclass=\"ngg-fancybox\" rel=\"c8ef36fb258cafe5f07e5034379c917d\" data-image-id=\"1726\" data-src=\"https:\/\/letourdumondeen.fr\/wp-content\/gallery\/sapa\/DSC_1531.JPG\" data-thumbnail=\"https:\/\/letourdumondeen.fr\/wp-content\/gallery\/sapa\/thumbs\/thumbs_DSC_1531.JPG\" data-title=\"Jour 1 - Sandwich \u00e0 la vache qui rit\" data-description=\"Jour 1 - Sandwich \u00e0 la vache qui rit\"\t\t\t\t>\n\t\t\t\t\t\t\t\t<img title=\"Jour 1 - Sandwich \u00e0 la vache qui rit\" alt=\"Jour 1 - Sandwich \u00e0 la vache qui rit\" src=\"\n\t\t\t\t\t\t\t\t\t\thttps:\/\/letourdumondeen.fr\/wp-content\/gallery\/sapa\/thumbs\/thumbs_DSC_1531.JPG\t\t\t\t\" \n\t\t\t\t\twidth='120' height='90'\t\t\t\t\/>\n\t\t\t\t\t\t\t<\/a>\n\t\t<\/div>\n\t<\/div>\n\n\t\t\t\t\t\t\t\t\t\n\t\n\t<div id=\"ngg-image-1702\" class=\"ngg-gallery-thumbnail-box\" \n\t\t\t\t\t\t\t\t\t\t>\n\t\t<div class=\"ngg-gallery-thumbnail\" >\n\t\t\t<a href=\"\n\t\t\thttps:\/\/letourdumondeen.fr\/wp-content\/gallery\/sapa\/DSCN6459.JPG\t\t\t\"\n\t\t\t\ttitle=\"Jour 1 - On met la main \u00e0 la p\u00e2te\"\n\t\t\t\tclass=\"ngg-fancybox\" rel=\"c8ef36fb258cafe5f07e5034379c917d\" data-image-id=\"1702\" data-src=\"https:\/\/letourdumondeen.fr\/wp-content\/gallery\/sapa\/DSCN6459.JPG\" data-thumbnail=\"https:\/\/letourdumondeen.fr\/wp-content\/gallery\/sapa\/thumbs\/thumbs_DSCN6459.JPG\" data-title=\"Jour 1 - On met la main \u00e0 la p\u00e2te\" data-description=\"Jour 1 - On met la main \u00e0 la p\u00e2te\"\t\t\t\t>\n\t\t\t\t\t\t\t\t<img title=\"Jour 1 - On met la main \u00e0 la p\u00e2te\" alt=\"Jour 1 - On met la main \u00e0 la p\u00e2te\" src=\"\n\t\t\t\t\t\t\t\t\t\thttps:\/\/letourdumondeen.fr\/wp-content\/gallery\/sapa\/thumbs\/thumbs_DSCN6459.JPG\t\t\t\t\" \n\t\t\t\t\twidth='120' height='90'\t\t\t\t\/>\n\t\t\t\t\t\t\t<\/a>\n\t\t<\/div>\n\t<\/div>\n\n\t\t\t\t\t\t\t\t\t\n\t\n\t<div id=\"ngg-image-1727\" class=\"ngg-gallery-thumbnail-box\" \n\t\t\t\t\t\t\t\t\t\t>\n\t\t<div class=\"ngg-gallery-thumbnail\" >\n\t\t\t<a href=\"\n\t\t\thttps:\/\/letourdumondeen.fr\/wp-content\/gallery\/sapa\/DSC_1534.JPG\t\t\t\"\n\t\t\t\ttitle=\"Jour 1 - Couturi\u00e8re\"\n\t\t\t\tclass=\"ngg-fancybox\" rel=\"c8ef36fb258cafe5f07e5034379c917d\" data-image-id=\"1727\" data-src=\"https:\/\/letourdumondeen.fr\/wp-content\/gallery\/sapa\/DSC_1534.JPG\" data-thumbnail=\"https:\/\/letourdumondeen.fr\/wp-content\/gallery\/sapa\/thumbs\/thumbs_DSC_1534.JPG\" data-title=\"Jour 1 - Couturi\u00e8re\" data-description=\"Jour 1 - Couturi\u00e8re\"\t\t\t\t>\n\t\t\t\t\t\t\t\t<img title=\"Jour 1 - Couturi\u00e8re\" alt=\"Jour 1 - Couturi\u00e8re\" src=\"\n\t\t\t\t\t\t\t\t\t\thttps:\/\/letourdumondeen.fr\/wp-content\/gallery\/sapa\/thumbs\/thumbs_DSC_1534.JPG\t\t\t\t\" \n\t\t\t\t\twidth='120' height='90'\t\t\t\t\/>\n\t\t\t\t\t\t\t<\/a>\n\t\t<\/div>\n\t<\/div>\n\n\t\t\t\t\t\t\t\t\t\n\t\n\t<div id=\"ngg-image-1728\" class=\"ngg-gallery-thumbnail-box\" \n\t\t\t\t\t\t\t\t\t\t>\n\t\t<div class=\"ngg-gallery-thumbnail\" >\n\t\t\t<a href=\"\n\t\t\thttps:\/\/letourdumondeen.fr\/wp-content\/gallery\/sapa\/DSC_1536.JPG\t\t\t\"\n\t\t\t\ttitle=\"Jour 1 - My\"\n\t\t\t\tclass=\"ngg-fancybox\" rel=\"c8ef36fb258cafe5f07e5034379c917d\" data-image-id=\"1728\" data-src=\"https:\/\/letourdumondeen.fr\/wp-content\/gallery\/sapa\/DSC_1536.JPG\" data-thumbnail=\"https:\/\/letourdumondeen.fr\/wp-content\/gallery\/sapa\/thumbs\/thumbs_DSC_1536.JPG\" data-title=\"Jour 1 - My\" data-description=\"Jour 1 - My\"\t\t\t\t>\n\t\t\t\t\t\t\t\t<img title=\"Jour 1 - My\" alt=\"Jour 1 - My\" src=\"\n\t\t\t\t\t\t\t\t\t\thttps:\/\/letourdumondeen.fr\/wp-content\/gallery\/sapa\/thumbs\/thumbs_DSC_1536.JPG\t\t\t\t\" \n\t\t\t\t\twidth='120' height='90'\t\t\t\t\/>\n\t\t\t\t\t\t\t<\/a>\n\t\t<\/div>\n\t<\/div>\n\n\t\t\t\t\t\t\t\t\t\n\t\n\t<div id=\"ngg-image-1729\" class=\"ngg-gallery-thumbnail-box\" \n\t\t\t\t\t\t\t\t\t\t>\n\t\t<div class=\"ngg-gallery-thumbnail\" >\n\t\t\t<a href=\"\n\t\t\thttps:\/\/letourdumondeen.fr\/wp-content\/gallery\/sapa\/DSC_1546.JPG\t\t\t\"\n\t\t\t\ttitle=\"Jour 1 - Brouillard\"\n\t\t\t\tclass=\"ngg-fancybox\" rel=\"c8ef36fb258cafe5f07e5034379c917d\" data-image-id=\"1729\" data-src=\"https:\/\/letourdumondeen.fr\/wp-content\/gallery\/sapa\/DSC_1546.JPG\" data-thumbnail=\"https:\/\/letourdumondeen.fr\/wp-content\/gallery\/sapa\/thumbs\/thumbs_DSC_1546.JPG\" data-title=\"Jour 1 - Brouillard\" data-description=\"Jour 1 - Brouillard\"\t\t\t\t>\n\t\t\t\t\t\t\t\t<img title=\"Jour 1 - Brouillard\" alt=\"Jour 1 - Brouillard\" src=\"\n\t\t\t\t\t\t\t\t\t\thttps:\/\/letourdumondeen.fr\/wp-content\/gallery\/sapa\/thumbs\/thumbs_DSC_1546.JPG\t\t\t\t\" \n\t\t\t\t\twidth='120' height='90'\t\t\t\t\/>\n\t\t\t\t\t\t\t<\/a>\n\t\t<\/div>\n\t<\/div>\n\n\t\t\t\t\t\t\t\t\t\n\t\n\t<div id=\"ngg-image-1730\" class=\"ngg-gallery-thumbnail-box\" \n\t\t\t\t\t\t\t\t\t\t>\n\t\t<div class=\"ngg-gallery-thumbnail\" >\n\t\t\t<a href=\"\n\t\t\thttps:\/\/letourdumondeen.fr\/wp-content\/gallery\/sapa\/DSC_1554.JPG\t\t\t\"\n\t\t\t\ttitle=\"Jour 1 - Notre logement\"\n\t\t\t\tclass=\"ngg-fancybox\" rel=\"c8ef36fb258cafe5f07e5034379c917d\" data-image-id=\"1730\" data-src=\"https:\/\/letourdumondeen.fr\/wp-content\/gallery\/sapa\/DSC_1554.JPG\" data-thumbnail=\"https:\/\/letourdumondeen.fr\/wp-content\/gallery\/sapa\/thumbs\/thumbs_DSC_1554.JPG\" data-title=\"Jour 1 - Notre logement\" data-description=\"Jour 1 - Notre logement\"\t\t\t\t>\n\t\t\t\t\t\t\t\t<img title=\"Jour 1 - Notre logement\" alt=\"Jour 1 - Notre logement\" src=\"\n\t\t\t\t\t\t\t\t\t\thttps:\/\/letourdumondeen.fr\/wp-content\/gallery\/sapa\/thumbs\/thumbs_DSC_1554.JPG\t\t\t\t\" \n\t\t\t\t\twidth='120' height='90'\t\t\t\t\/>\n\t\t\t\t\t\t\t<\/a>\n\t\t<\/div>\n\t<\/div>\n\n\t\t\t\t\t\t\t\t\t\n\t\n\t<div id=\"ngg-image-1703\" class=\"ngg-gallery-thumbnail-box\" \n\t\t\t\t\t\t\t\t\t\t>\n\t\t<div class=\"ngg-gallery-thumbnail\" >\n\t\t\t<a href=\"\n\t\t\thttps:\/\/letourdumondeen.fr\/wp-content\/gallery\/sapa\/DSCN6474.JPG\t\t\t\"\n\t\t\t\ttitle=\"Jour 1 - Notre chambre\"\n\t\t\t\tclass=\"ngg-fancybox\" rel=\"c8ef36fb258cafe5f07e5034379c917d\" data-image-id=\"1703\" data-src=\"https:\/\/letourdumondeen.fr\/wp-content\/gallery\/sapa\/DSCN6474.JPG\" data-thumbnail=\"https:\/\/letourdumondeen.fr\/wp-content\/gallery\/sapa\/thumbs\/thumbs_DSCN6474.JPG\" data-title=\"Jour 1 - Notre chambre\" data-description=\"Jour 1 - Notre chambre\"\t\t\t\t>\n\t\t\t\t\t\t\t\t<img title=\"Jour 1 - Notre chambre\" alt=\"Jour 1 - Notre chambre\" src=\"\n\t\t\t\t\t\t\t\t\t\thttps:\/\/letourdumondeen.fr\/wp-content\/gallery\/sapa\/thumbs\/thumbs_DSCN6474.JPG\t\t\t\t\" \n\t\t\t\t\twidth='120' height='90'\t\t\t\t\/>\n\t\t\t\t\t\t\t<\/a>\n\t\t<\/div>\n\t<\/div>\n\n\t\t\t\t\t\t\t\t\t\n\t\n\t<div id=\"ngg-image-1731\" class=\"ngg-gallery-thumbnail-box\" \n\t\t\t\t\t\t\t\t\t\t>\n\t\t<div class=\"ngg-gallery-thumbnail\" >\n\t\t\t<a href=\"\n\t\t\thttps:\/\/letourdumondeen.fr\/wp-content\/gallery\/sapa\/DSC_1557.JPG\t\t\t\"\n\t\t\t\ttitle=\"Jour 1 - Rencontre avec une dessinatrice en herbe\"\n\t\t\t\tclass=\"ngg-fancybox\" rel=\"c8ef36fb258cafe5f07e5034379c917d\" data-image-id=\"1731\" data-src=\"https:\/\/letourdumondeen.fr\/wp-content\/gallery\/sapa\/DSC_1557.JPG\" data-thumbnail=\"https:\/\/letourdumondeen.fr\/wp-content\/gallery\/sapa\/thumbs\/thumbs_DSC_1557.JPG\" data-title=\"Jour 1 - Rencontre avec une dessinatrice en herbe\" data-description=\"Jour 1 - Rencontre avec une dessinatrice en herbe\"\t\t\t\t>\n\t\t\t\t\t\t\t\t<img title=\"Jour 1 - Rencontre avec une dessinatrice en herbe\" alt=\"Jour 1 - Rencontre avec une dessinatrice en herbe\" src=\"\n\t\t\t\t\t\t\t\t\t\thttps:\/\/letourdumondeen.fr\/wp-content\/gallery\/sapa\/thumbs\/thumbs_DSC_1557.JPG\t\t\t\t\" \n\t\t\t\t\twidth='120' height='90'\t\t\t\t\/>\n\t\t\t\t\t\t\t<\/a>\n\t\t<\/div>\n\t<\/div>\n\n\t\t\t\t\t\t\t\t\t\n\t\n\t<div id=\"ngg-image-1732\" class=\"ngg-gallery-thumbnail-box\" \n\t\t\t\t\t\t\t\t\t\t>\n\t\t<div class=\"ngg-gallery-thumbnail\" >\n\t\t\t<a href=\"\n\t\t\thttps:\/\/letourdumondeen.fr\/wp-content\/gallery\/sapa\/DSC_1580.JPG\t\t\t\"\n\t\t\t\ttitle=\"Jour 1 - Repas familiale\"\n\t\t\t\tclass=\"ngg-fancybox\" rel=\"c8ef36fb258cafe5f07e5034379c917d\" data-image-id=\"1732\" data-src=\"https:\/\/letourdumondeen.fr\/wp-content\/gallery\/sapa\/DSC_1580.JPG\" data-thumbnail=\"https:\/\/letourdumondeen.fr\/wp-content\/gallery\/sapa\/thumbs\/thumbs_DSC_1580.JPG\" data-title=\"Jour 1 - Repas familiale\" data-description=\"Jour 1 - Repas familiale\"\t\t\t\t>\n\t\t\t\t\t\t\t\t<img title=\"Jour 1 - Repas familiale\" alt=\"Jour 1 - Repas familiale\" src=\"\n\t\t\t\t\t\t\t\t\t\thttps:\/\/letourdumondeen.fr\/wp-content\/gallery\/sapa\/thumbs\/thumbs_DSC_1580.JPG\t\t\t\t\" \n\t\t\t\t\twidth='120' height='90'\t\t\t\t\/>\n\t\t\t\t\t\t\t<\/a>\n\t\t<\/div>\n\t<\/div>\n\n\t\t\t\t\t\t\t\t\t\n\t\n\t<div id=\"ngg-image-1704\" class=\"ngg-gallery-thumbnail-box\" \n\t\t\t\t\t\t\t\t\t\t>\n\t\t<div class=\"ngg-gallery-thumbnail\" >\n\t\t\t<a href=\"\n\t\t\thttps:\/\/letourdumondeen.fr\/wp-content\/gallery\/sapa\/DSCN6503.JPG\t\t\t\"\n\t\t\t\ttitle=\"Jour 2 - Le ciel s&#039;\u00e9claircit\"\n\t\t\t\tclass=\"ngg-fancybox\" rel=\"c8ef36fb258cafe5f07e5034379c917d\" data-image-id=\"1704\" data-src=\"https:\/\/letourdumondeen.fr\/wp-content\/gallery\/sapa\/DSCN6503.JPG\" data-thumbnail=\"https:\/\/letourdumondeen.fr\/wp-content\/gallery\/sapa\/thumbs\/thumbs_DSCN6503.JPG\" data-title=\"Jour 2 - Le ciel s&#039;\u00e9claircit\" data-description=\"Jour 2 - Le ciel s&#039;\u00e9claircit\"\t\t\t\t>\n\t\t\t\t\t\t\t\t<img title=\"Jour 2 - Le ciel s&#039;\u00e9claircit\" alt=\"Jour 2 - Le ciel s&#039;\u00e9claircit\" src=\"\n\t\t\t\t\t\t\t\t\t\thttps:\/\/letourdumondeen.fr\/wp-content\/gallery\/sapa\/thumbs\/thumbs_DSCN6503.JPG\t\t\t\t\" \n\t\t\t\t\twidth='120' height='90'\t\t\t\t\/>\n\t\t\t\t\t\t\t<\/a>\n\t\t<\/div>\n\t<\/div>\n\n\t\t\t\t\t\t\t\t\t\n\t\n\t<div id=\"ngg-image-1733\" class=\"ngg-gallery-thumbnail-box\" \n\t\t\t\t\t\t\t\t\t\t>\n\t\t<div class=\"ngg-gallery-thumbnail\" >\n\t\t\t<a href=\"\n\t\t\thttps:\/\/letourdumondeen.fr\/wp-content\/gallery\/sapa\/DSC_1589.JPG\t\t\t\"\n\t\t\t\ttitle=\"Jour 2 - Vue d\u00e9gag\u00e9e sur les rizi\u00e8res\"\n\t\t\t\tclass=\"ngg-fancybox\" rel=\"c8ef36fb258cafe5f07e5034379c917d\" data-image-id=\"1733\" data-src=\"https:\/\/letourdumondeen.fr\/wp-content\/gallery\/sapa\/DSC_1589.JPG\" data-thumbnail=\"https:\/\/letourdumondeen.fr\/wp-content\/gallery\/sapa\/thumbs\/thumbs_DSC_1589.JPG\" data-title=\"Jour 2 - Vue d\u00e9gag\u00e9e sur les rizi\u00e8res\" data-description=\"Jour 2 - Vue d\u00e9gag\u00e9e sur les rizi\u00e8res\"\t\t\t\t>\n\t\t\t\t\t\t\t\t<img title=\"Jour 2 - Vue d\u00e9gag\u00e9e sur les rizi\u00e8res\" alt=\"Jour 2 - Vue d\u00e9gag\u00e9e sur les rizi\u00e8res\" src=\"\n\t\t\t\t\t\t\t\t\t\thttps:\/\/letourdumondeen.fr\/wp-content\/gallery\/sapa\/thumbs\/thumbs_DSC_1589.JPG\t\t\t\t\" \n\t\t\t\t\twidth='120' height='90'\t\t\t\t\/>\n\t\t\t\t\t\t\t<\/a>\n\t\t<\/div>\n\t<\/div>\n\n\t\t\t\t\t\t\t\t\t\n\t\n\t<div id=\"ngg-image-1734\" class=\"ngg-gallery-thumbnail-box\" \n\t\t\t\t\t\t\t\t\t\t>\n\t\t<div class=\"ngg-gallery-thumbnail\" >\n\t\t\t<a href=\"\n\t\t\thttps:\/\/letourdumondeen.fr\/wp-content\/gallery\/sapa\/DSC_1593.JPG\t\t\t\"\n\t\t\t\ttitle=\"Jour 2 - Un buffle dans les rizi\u00e8res\"\n\t\t\t\tclass=\"ngg-fancybox\" rel=\"c8ef36fb258cafe5f07e5034379c917d\" data-image-id=\"1734\" data-src=\"https:\/\/letourdumondeen.fr\/wp-content\/gallery\/sapa\/DSC_1593.JPG\" data-thumbnail=\"https:\/\/letourdumondeen.fr\/wp-content\/gallery\/sapa\/thumbs\/thumbs_DSC_1593.JPG\" data-title=\"Jour 2 - Un buffle dans les rizi\u00e8res\" data-description=\"Jour 2 - Un buffle dans les rizi\u00e8res\"\t\t\t\t>\n\t\t\t\t\t\t\t\t<img title=\"Jour 2 - Un buffle dans les rizi\u00e8res\" alt=\"Jour 2 - Un buffle dans les rizi\u00e8res\" src=\"\n\t\t\t\t\t\t\t\t\t\thttps:\/\/letourdumondeen.fr\/wp-content\/gallery\/sapa\/thumbs\/thumbs_DSC_1593.JPG\t\t\t\t\" \n\t\t\t\t\twidth='120' height='90'\t\t\t\t\/>\n\t\t\t\t\t\t\t<\/a>\n\t\t<\/div>\n\t<\/div>\n\n\t\t\t\t\t\t\t\t\t\n\t\n\t<div id=\"ngg-image-1735\" class=\"ngg-gallery-thumbnail-box\" \n\t\t\t\t\t\t\t\t\t\t>\n\t\t<div class=\"ngg-gallery-thumbnail\" >\n\t\t\t<a href=\"\n\t\t\thttps:\/\/letourdumondeen.fr\/wp-content\/gallery\/sapa\/DSC_1598.JPG\t\t\t\"\n\t\t\t\ttitle=\"Jour 2 - Rizi\u00e8res\"\n\t\t\t\tclass=\"ngg-fancybox\" rel=\"c8ef36fb258cafe5f07e5034379c917d\" data-image-id=\"1735\" data-src=\"https:\/\/letourdumondeen.fr\/wp-content\/gallery\/sapa\/DSC_1598.JPG\" data-thumbnail=\"https:\/\/letourdumondeen.fr\/wp-content\/gallery\/sapa\/thumbs\/thumbs_DSC_1598.JPG\" data-title=\"Jour 2 - Rizi\u00e8res\" data-description=\"Jour 2 - Rizi\u00e8res\"\t\t\t\t>\n\t\t\t\t\t\t\t\t<img title=\"Jour 2 - Rizi\u00e8res\" alt=\"Jour 2 - Rizi\u00e8res\" src=\"\n\t\t\t\t\t\t\t\t\t\thttps:\/\/letourdumondeen.fr\/wp-content\/gallery\/sapa\/thumbs\/thumbs_DSC_1598.JPG\t\t\t\t\" \n\t\t\t\t\twidth='120' height='90'\t\t\t\t\/>\n\t\t\t\t\t\t\t<\/a>\n\t\t<\/div>\n\t<\/div>\n\n\t\t\t\t\t\t\t\t\t\n\t\n\t<div id=\"ngg-image-1736\" class=\"ngg-gallery-thumbnail-box\" \n\t\t\t\t\t\t\t\t\t\t>\n\t\t<div class=\"ngg-gallery-thumbnail\" >\n\t\t\t<a href=\"\n\t\t\thttps:\/\/letourdumondeen.fr\/wp-content\/gallery\/sapa\/DSC_1609.JPG\t\t\t\"\n\t\t\t\ttitle=\"Jour 2 - Rizi\u00e8res\"\n\t\t\t\tclass=\"ngg-fancybox\" rel=\"c8ef36fb258cafe5f07e5034379c917d\" data-image-id=\"1736\" data-src=\"https:\/\/letourdumondeen.fr\/wp-content\/gallery\/sapa\/DSC_1609.JPG\" data-thumbnail=\"https:\/\/letourdumondeen.fr\/wp-content\/gallery\/sapa\/thumbs\/thumbs_DSC_1609.JPG\" data-title=\"Jour 2 - Rizi\u00e8res\" data-description=\"Jour 2 - Rizi\u00e8res\"\t\t\t\t>\n\t\t\t\t\t\t\t\t<img title=\"Jour 2 - Rizi\u00e8res\" alt=\"Jour 2 - Rizi\u00e8res\" src=\"\n\t\t\t\t\t\t\t\t\t\thttps:\/\/letourdumondeen.fr\/wp-content\/gallery\/sapa\/thumbs\/thumbs_DSC_1609.JPG\t\t\t\t\" \n\t\t\t\t\twidth='120' height='90'\t\t\t\t\/>\n\t\t\t\t\t\t\t<\/a>\n\t\t<\/div>\n\t<\/div>\n\n\t\t\t\t\t\t\t\t\t\n\t\n\t<div id=\"ngg-image-1737\" class=\"ngg-gallery-thumbnail-box\" \n\t\t\t\t\t\t\t\t\t\t>\n\t\t<div class=\"ngg-gallery-thumbnail\" >\n\t\t\t<a href=\"\n\t\t\thttps:\/\/letourdumondeen.fr\/wp-content\/gallery\/sapa\/DSC_1614.JPG\t\t\t\"\n\t\t\t\ttitle=\"Jour 2 - Rizi\u00e8res\"\n\t\t\t\tclass=\"ngg-fancybox\" rel=\"c8ef36fb258cafe5f07e5034379c917d\" data-image-id=\"1737\" data-src=\"https:\/\/letourdumondeen.fr\/wp-content\/gallery\/sapa\/DSC_1614.JPG\" data-thumbnail=\"https:\/\/letourdumondeen.fr\/wp-content\/gallery\/sapa\/thumbs\/thumbs_DSC_1614.JPG\" data-title=\"Jour 2 - Rizi\u00e8res\" data-description=\"Jour 2 - Rizi\u00e8res\"\t\t\t\t>\n\t\t\t\t\t\t\t\t<img title=\"Jour 2 - Rizi\u00e8res\" alt=\"Jour 2 - Rizi\u00e8res\" src=\"\n\t\t\t\t\t\t\t\t\t\thttps:\/\/letourdumondeen.fr\/wp-content\/gallery\/sapa\/thumbs\/thumbs_DSC_1614.JPG\t\t\t\t\" \n\t\t\t\t\twidth='120' height='90'\t\t\t\t\/>\n\t\t\t\t\t\t\t<\/a>\n\t\t<\/div>\n\t<\/div>\n\n\t\t\t\t\t\t\t\t\t\n\t\n\t<div id=\"ngg-image-1708\" class=\"ngg-gallery-thumbnail-box\" \n\t\t\t\t\t\t\t\t\t\t>\n\t\t<div class=\"ngg-gallery-thumbnail\" >\n\t\t\t<a href=\"\n\t\t\thttps:\/\/letourdumondeen.fr\/wp-content\/gallery\/sapa\/DSCN6545.JPG\t\t\t\"\n\t\t\t\ttitle=\"Jour 2 - Rizi\u00e8res\"\n\t\t\t\tclass=\"ngg-fancybox\" rel=\"c8ef36fb258cafe5f07e5034379c917d\" data-image-id=\"1708\" data-src=\"https:\/\/letourdumondeen.fr\/wp-content\/gallery\/sapa\/DSCN6545.JPG\" data-thumbnail=\"https:\/\/letourdumondeen.fr\/wp-content\/gallery\/sapa\/thumbs\/thumbs_DSCN6545.JPG\" data-title=\"Jour 2 - Rizi\u00e8res\" data-description=\"Jour 2 - Rizi\u00e8res\"\t\t\t\t>\n\t\t\t\t\t\t\t\t<img title=\"Jour 2 - Rizi\u00e8res\" alt=\"Jour 2 - Rizi\u00e8res\" src=\"\n\t\t\t\t\t\t\t\t\t\thttps:\/\/letourdumondeen.fr\/wp-content\/gallery\/sapa\/thumbs\/thumbs_DSCN6545.JPG\t\t\t\t\" \n\t\t\t\t\twidth='120' height='90'\t\t\t\t\/>\n\t\t\t\t\t\t\t<\/a>\n\t\t<\/div>\n\t<\/div>\n\n\t\t\t\t\t\t\t\t\t\n\t\n\t<div id=\"ngg-image-1705\" class=\"ngg-gallery-thumbnail-box\" \n\t\t\t\t\t\t\t\t\t\t>\n\t\t<div class=\"ngg-gallery-thumbnail\" >\n\t\t\t<a href=\"\n\t\t\thttps:\/\/letourdumondeen.fr\/wp-content\/gallery\/sapa\/DSCN6517.JPG\t\t\t\"\n\t\t\t\ttitle=\"Jour 2 - Rencontre avec Bein\"\n\t\t\t\tclass=\"ngg-fancybox\" rel=\"c8ef36fb258cafe5f07e5034379c917d\" data-image-id=\"1705\" data-src=\"https:\/\/letourdumondeen.fr\/wp-content\/gallery\/sapa\/DSCN6517.JPG\" data-thumbnail=\"https:\/\/letourdumondeen.fr\/wp-content\/gallery\/sapa\/thumbs\/thumbs_DSCN6517.JPG\" data-title=\"Jour 2 - Rencontre avec Bein\" data-description=\"Jour 2 - Rencontre avec Bein\"\t\t\t\t>\n\t\t\t\t\t\t\t\t<img title=\"Jour 2 - Rencontre avec Bein\" alt=\"Jour 2 - Rencontre avec Bein\" src=\"\n\t\t\t\t\t\t\t\t\t\thttps:\/\/letourdumondeen.fr\/wp-content\/gallery\/sapa\/thumbs\/thumbs_DSCN6517.JPG\t\t\t\t\" \n\t\t\t\t\twidth='120' height='90'\t\t\t\t\/>\n\t\t\t\t\t\t\t<\/a>\n\t\t<\/div>\n\t<\/div>\n\n\t\t\t\t\t\t\t\t\t\n\t\n\t<div id=\"ngg-image-1707\" class=\"ngg-gallery-thumbnail-box\" \n\t\t\t\t\t\t\t\t\t\t>\n\t\t<div class=\"ngg-gallery-thumbnail\" >\n\t\t\t<a href=\"\n\t\t\thttps:\/\/letourdumondeen.fr\/wp-content\/gallery\/sapa\/DSCN6544.JPG\t\t\t\"\n\t\t\t\ttitle=\"Jour 2 - My et Bein\"\n\t\t\t\tclass=\"ngg-fancybox\" rel=\"c8ef36fb258cafe5f07e5034379c917d\" data-image-id=\"1707\" data-src=\"https:\/\/letourdumondeen.fr\/wp-content\/gallery\/sapa\/DSCN6544.JPG\" data-thumbnail=\"https:\/\/letourdumondeen.fr\/wp-content\/gallery\/sapa\/thumbs\/thumbs_DSCN6544.JPG\" data-title=\"Jour 2 - My et Bein\" data-description=\"Jour 2 - My et Bein\"\t\t\t\t>\n\t\t\t\t\t\t\t\t<img title=\"Jour 2 - My et Bein\" alt=\"Jour 2 - My et Bein\" src=\"\n\t\t\t\t\t\t\t\t\t\thttps:\/\/letourdumondeen.fr\/wp-content\/gallery\/sapa\/thumbs\/thumbs_DSCN6544.JPG\t\t\t\t\" \n\t\t\t\t\twidth='120' height='90'\t\t\t\t\/>\n\t\t\t\t\t\t\t<\/a>\n\t\t<\/div>\n\t<\/div>\n\n\t\t\t\t\t\t\t\t\t\n\t\n\t<div id=\"ngg-image-1706\" class=\"ngg-gallery-thumbnail-box\" \n\t\t\t\t\t\t\t\t\t\t>\n\t\t<div class=\"ngg-gallery-thumbnail\" >\n\t\t\t<a href=\"\n\t\t\thttps:\/\/letourdumondeen.fr\/wp-content\/gallery\/sapa\/DSCN6528.JPG\t\t\t\"\n\t\t\t\ttitle=\"Jour 2 - Bein\"\n\t\t\t\tclass=\"ngg-fancybox\" rel=\"c8ef36fb258cafe5f07e5034379c917d\" data-image-id=\"1706\" data-src=\"https:\/\/letourdumondeen.fr\/wp-content\/gallery\/sapa\/DSCN6528.JPG\" data-thumbnail=\"https:\/\/letourdumondeen.fr\/wp-content\/gallery\/sapa\/thumbs\/thumbs_DSCN6528.JPG\" data-title=\"Jour 2 - Bein\" data-description=\"Jour 2 - Bein\"\t\t\t\t>\n\t\t\t\t\t\t\t\t<img title=\"Jour 2 - Bein\" alt=\"Jour 2 - Bein\" src=\"\n\t\t\t\t\t\t\t\t\t\thttps:\/\/letourdumondeen.fr\/wp-content\/gallery\/sapa\/thumbs\/thumbs_DSCN6528.JPG\t\t\t\t\" \n\t\t\t\t\twidth='120' height='90'\t\t\t\t\/>\n\t\t\t\t\t\t\t<\/a>\n\t\t<\/div>\n\t<\/div>\n\n\t\t\t\t\t\t\t\t\t\n\t\n\t<div id=\"ngg-image-1738\" class=\"ngg-gallery-thumbnail-box\" \n\t\t\t\t\t\t\t\t\t\t>\n\t\t<div class=\"ngg-gallery-thumbnail\" >\n\t\t\t<a href=\"\n\t\t\thttps:\/\/letourdumondeen.fr\/wp-content\/gallery\/sapa\/DSC_1616.JPG\t\t\t\"\n\t\t\t\ttitle=\"Jour 2 - Bein nous offre des bonbons\"\n\t\t\t\tclass=\"ngg-fancybox\" rel=\"c8ef36fb258cafe5f07e5034379c917d\" data-image-id=\"1738\" data-src=\"https:\/\/letourdumondeen.fr\/wp-content\/gallery\/sapa\/DSC_1616.JPG\" data-thumbnail=\"https:\/\/letourdumondeen.fr\/wp-content\/gallery\/sapa\/thumbs\/thumbs_DSC_1616.JPG\" data-title=\"Jour 2 - Bein nous offre des bonbons\" data-description=\"Jour 2 - Bein nous offre des bonbons\"\t\t\t\t>\n\t\t\t\t\t\t\t\t<img title=\"Jour 2 - Bein nous offre des bonbons\" alt=\"Jour 2 - Bein nous offre des bonbons\" src=\"\n\t\t\t\t\t\t\t\t\t\thttps:\/\/letourdumondeen.fr\/wp-content\/gallery\/sapa\/thumbs\/thumbs_DSC_1616.JPG\t\t\t\t\" \n\t\t\t\t\twidth='120' height='90'\t\t\t\t\/>\n\t\t\t\t\t\t\t<\/a>\n\t\t<\/div>\n\t<\/div>\n\n\t\t\t\t\t\t\t\t\t\n\t\n\t<div id=\"ngg-image-1739\" class=\"ngg-gallery-thumbnail-box\" \n\t\t\t\t\t\t\t\t\t\t>\n\t\t<div class=\"ngg-gallery-thumbnail\" >\n\t\t\t<a href=\"\n\t\t\thttps:\/\/letourdumondeen.fr\/wp-content\/gallery\/sapa\/DSC_1620.JPG\t\t\t\"\n\t\t\t\ttitle=\"Jour 2 - Un gros buffle\"\n\t\t\t\tclass=\"ngg-fancybox\" rel=\"c8ef36fb258cafe5f07e5034379c917d\" data-image-id=\"1739\" data-src=\"https:\/\/letourdumondeen.fr\/wp-content\/gallery\/sapa\/DSC_1620.JPG\" data-thumbnail=\"https:\/\/letourdumondeen.fr\/wp-content\/gallery\/sapa\/thumbs\/thumbs_DSC_1620.JPG\" data-title=\"Jour 2 - Un gros buffle\" data-description=\"Jour 2 - Un gros buffle\"\t\t\t\t>\n\t\t\t\t\t\t\t\t<img title=\"Jour 2 - Un gros buffle\" alt=\"Jour 2 - Un gros buffle\" src=\"\n\t\t\t\t\t\t\t\t\t\thttps:\/\/letourdumondeen.fr\/wp-content\/gallery\/sapa\/thumbs\/thumbs_DSC_1620.JPG\t\t\t\t\" \n\t\t\t\t\twidth='120' height='90'\t\t\t\t\/>\n\t\t\t\t\t\t\t<\/a>\n\t\t<\/div>\n\t<\/div>\n\n\t\t\t\t\t\t\t\t\t\n\t\n\t<div id=\"ngg-image-1740\" class=\"ngg-gallery-thumbnail-box\" \n\t\t\t\t\t\t\t\t\t\t>\n\t\t<div class=\"ngg-gallery-thumbnail\" >\n\t\t\t<a href=\"\n\t\t\thttps:\/\/letourdumondeen.fr\/wp-content\/gallery\/sapa\/DSC_1622.JPG\t\t\t\"\n\t\t\t\ttitle=\"Jour 2 - 1, 2, 3...\"\n\t\t\t\tclass=\"ngg-fancybox\" rel=\"c8ef36fb258cafe5f07e5034379c917d\" data-image-id=\"1740\" data-src=\"https:\/\/letourdumondeen.fr\/wp-content\/gallery\/sapa\/DSC_1622.JPG\" data-thumbnail=\"https:\/\/letourdumondeen.fr\/wp-content\/gallery\/sapa\/thumbs\/thumbs_DSC_1622.JPG\" data-title=\"Jour 2 - 1, 2, 3...\" data-description=\"Jour 2 - 1, 2, 3...\"\t\t\t\t>\n\t\t\t\t\t\t\t\t<img title=\"Jour 2 - 1, 2, 3...\" alt=\"Jour 2 - 1, 2, 3...\" src=\"\n\t\t\t\t\t\t\t\t\t\thttps:\/\/letourdumondeen.fr\/wp-content\/gallery\/sapa\/thumbs\/thumbs_DSC_1622.JPG\t\t\t\t\" \n\t\t\t\t\twidth='120' height='90'\t\t\t\t\/>\n\t\t\t\t\t\t\t<\/a>\n\t\t<\/div>\n\t<\/div>\n\n\t\t\t\t\t\t\t\t\t\n\t\n\t<div id=\"ngg-image-1741\" class=\"ngg-gallery-thumbnail-box\" \n\t\t\t\t\t\t\t\t\t\t>\n\t\t<div class=\"ngg-gallery-thumbnail\" >\n\t\t\t<a href=\"\n\t\t\thttps:\/\/letourdumondeen.fr\/wp-content\/gallery\/sapa\/DSC_1633.JPG\t\t\t\"\n\t\t\t\ttitle=\"Jour 2 - Nous sommes observ\u00e9s\"\n\t\t\t\tclass=\"ngg-fancybox\" rel=\"c8ef36fb258cafe5f07e5034379c917d\" data-image-id=\"1741\" data-src=\"https:\/\/letourdumondeen.fr\/wp-content\/gallery\/sapa\/DSC_1633.JPG\" data-thumbnail=\"https:\/\/letourdumondeen.fr\/wp-content\/gallery\/sapa\/thumbs\/thumbs_DSC_1633.JPG\" data-title=\"Jour 2 - Nous sommes observ\u00e9s\" data-description=\"Jour 2 - Nous sommes observ\u00e9s\"\t\t\t\t>\n\t\t\t\t\t\t\t\t<img title=\"Jour 2 - Nous sommes observ\u00e9s\" alt=\"Jour 2 - Nous sommes observ\u00e9s\" src=\"\n\t\t\t\t\t\t\t\t\t\thttps:\/\/letourdumondeen.fr\/wp-content\/gallery\/sapa\/thumbs\/thumbs_DSC_1633.JPG\t\t\t\t\" \n\t\t\t\t\twidth='120' height='90'\t\t\t\t\/>\n\t\t\t\t\t\t\t<\/a>\n\t\t<\/div>\n\t<\/div>\n\n\t\t\t\t\t\t\t\t\t\n\t\n\t<div id=\"ngg-image-1742\" class=\"ngg-gallery-thumbnail-box\" \n\t\t\t\t\t\t\t\t\t\t>\n\t\t<div class=\"ngg-gallery-thumbnail\" >\n\t\t\t<a href=\"\n\t\t\thttps:\/\/letourdumondeen.fr\/wp-content\/gallery\/sapa\/DSC_1637.JPG\t\t\t\"\n\t\t\t\ttitle=\"Jour 2 - Bein montre le chemin\"\n\t\t\t\tclass=\"ngg-fancybox\" rel=\"c8ef36fb258cafe5f07e5034379c917d\" data-image-id=\"1742\" data-src=\"https:\/\/letourdumondeen.fr\/wp-content\/gallery\/sapa\/DSC_1637.JPG\" data-thumbnail=\"https:\/\/letourdumondeen.fr\/wp-content\/gallery\/sapa\/thumbs\/thumbs_DSC_1637.JPG\" data-title=\"Jour 2 - Bein montre le chemin\" data-description=\"Jour 2 - Bein montre le chemin\"\t\t\t\t>\n\t\t\t\t\t\t\t\t<img title=\"Jour 2 - Bein montre le chemin\" alt=\"Jour 2 - Bein montre le chemin\" src=\"\n\t\t\t\t\t\t\t\t\t\thttps:\/\/letourdumondeen.fr\/wp-content\/gallery\/sapa\/thumbs\/thumbs_DSC_1637.JPG\t\t\t\t\" \n\t\t\t\t\twidth='120' height='90'\t\t\t\t\/>\n\t\t\t\t\t\t\t<\/a>\n\t\t<\/div>\n\t<\/div>\n\n\t\t\t\t\t\t\t\t\t\n\t\n\t<div id=\"ngg-image-1709\" class=\"ngg-gallery-thumbnail-box\" \n\t\t\t\t\t\t\t\t\t\t>\n\t\t<div class=\"ngg-gallery-thumbnail\" >\n\t\t\t<a href=\"\n\t\t\thttps:\/\/letourdumondeen.fr\/wp-content\/gallery\/sapa\/DSCN6549.JPG\t\t\t\"\n\t\t\t\ttitle=\"Jour 2 - Pause d\u00e9jeuner\"\n\t\t\t\tclass=\"ngg-fancybox\" rel=\"c8ef36fb258cafe5f07e5034379c917d\" data-image-id=\"1709\" data-src=\"https:\/\/letourdumondeen.fr\/wp-content\/gallery\/sapa\/DSCN6549.JPG\" data-thumbnail=\"https:\/\/letourdumondeen.fr\/wp-content\/gallery\/sapa\/thumbs\/thumbs_DSCN6549.JPG\" data-title=\"Jour 2 - Pause d\u00e9jeuner\" data-description=\"Jour 2 - Pause d\u00e9jeuner\"\t\t\t\t>\n\t\t\t\t\t\t\t\t<img title=\"Jour 2 - Pause d\u00e9jeuner\" alt=\"Jour 2 - Pause d\u00e9jeuner\" src=\"\n\t\t\t\t\t\t\t\t\t\thttps:\/\/letourdumondeen.fr\/wp-content\/gallery\/sapa\/thumbs\/thumbs_DSCN6549.JPG\t\t\t\t\" \n\t\t\t\t\twidth='120' height='90'\t\t\t\t\/>\n\t\t\t\t\t\t\t<\/a>\n\t\t<\/div>\n\t<\/div>\n\n\t\t\t\t\t\t\t\t\t\n\t\n\t<div id=\"ngg-image-1743\" class=\"ngg-gallery-thumbnail-box\" \n\t\t\t\t\t\t\t\t\t\t>\n\t\t<div class=\"ngg-gallery-thumbnail\" >\n\t\t\t<a href=\"\n\t\t\thttps:\/\/letourdumondeen.fr\/wp-content\/gallery\/sapa\/DSC_1664.JPG\t\t\t\"\n\t\t\t\ttitle=\"Jour 2 - Jeu de carte\"\n\t\t\t\tclass=\"ngg-fancybox\" rel=\"c8ef36fb258cafe5f07e5034379c917d\" data-image-id=\"1743\" data-src=\"https:\/\/letourdumondeen.fr\/wp-content\/gallery\/sapa\/DSC_1664.JPG\" data-thumbnail=\"https:\/\/letourdumondeen.fr\/wp-content\/gallery\/sapa\/thumbs\/thumbs_DSC_1664.JPG\" data-title=\"Jour 2 - Jeu de carte\" data-description=\"Jour 2 - Jeu de carte\"\t\t\t\t>\n\t\t\t\t\t\t\t\t<img title=\"Jour 2 - Jeu de carte\" alt=\"Jour 2 - Jeu de carte\" src=\"\n\t\t\t\t\t\t\t\t\t\thttps:\/\/letourdumondeen.fr\/wp-content\/gallery\/sapa\/thumbs\/thumbs_DSC_1664.JPG\t\t\t\t\" \n\t\t\t\t\twidth='120' height='90'\t\t\t\t\/>\n\t\t\t\t\t\t\t<\/a>\n\t\t<\/div>\n\t<\/div>\n\n\t\t\t\t\t\t\t\t\t\n\t\n\t<div id=\"ngg-image-1744\" class=\"ngg-gallery-thumbnail-box\" \n\t\t\t\t\t\t\t\t\t\t>\n\t\t<div class=\"ngg-gallery-thumbnail\" >\n\t\t\t<a href=\"\n\t\t\thttps:\/\/letourdumondeen.fr\/wp-content\/gallery\/sapa\/DSC_1666.JPG\t\t\t\"\n\t\t\t\ttitle=\"Jour 2 - Jeu de carte\"\n\t\t\t\tclass=\"ngg-fancybox\" rel=\"c8ef36fb258cafe5f07e5034379c917d\" data-image-id=\"1744\" data-src=\"https:\/\/letourdumondeen.fr\/wp-content\/gallery\/sapa\/DSC_1666.JPG\" data-thumbnail=\"https:\/\/letourdumondeen.fr\/wp-content\/gallery\/sapa\/thumbs\/thumbs_DSC_1666.JPG\" data-title=\"Jour 2 - Jeu de carte\" data-description=\"Jour 2 - Jeu de carte\"\t\t\t\t>\n\t\t\t\t\t\t\t\t<img title=\"Jour 2 - Jeu de carte\" alt=\"Jour 2 - Jeu de carte\" src=\"\n\t\t\t\t\t\t\t\t\t\thttps:\/\/letourdumondeen.fr\/wp-content\/gallery\/sapa\/thumbs\/thumbs_DSC_1666.JPG\t\t\t\t\" \n\t\t\t\t\twidth='120' height='90'\t\t\t\t\/>\n\t\t\t\t\t\t\t<\/a>\n\t\t<\/div>\n\t<\/div>\n\n\t\t\t\t\t\t\t\t\t\n\t\n\t<div id=\"ngg-image-1712\" class=\"ngg-gallery-thumbnail-box\" \n\t\t\t\t\t\t\t\t\t\t>\n\t\t<div class=\"ngg-gallery-thumbnail\" >\n\t\t\t<a href=\"\n\t\t\thttps:\/\/letourdumondeen.fr\/wp-content\/gallery\/sapa\/DSCN6591.JPG\t\t\t\"\n\t\t\t\ttitle=\"Jour 3 - Il pleut\"\n\t\t\t\tclass=\"ngg-fancybox\" rel=\"c8ef36fb258cafe5f07e5034379c917d\" data-image-id=\"1712\" data-src=\"https:\/\/letourdumondeen.fr\/wp-content\/gallery\/sapa\/DSCN6591.JPG\" data-thumbnail=\"https:\/\/letourdumondeen.fr\/wp-content\/gallery\/sapa\/thumbs\/thumbs_DSCN6591.JPG\" data-title=\"Jour 3 - Il pleut\" data-description=\"Jour 3 - Il pleut\"\t\t\t\t>\n\t\t\t\t\t\t\t\t<img title=\"Jour 3 - Il pleut\" alt=\"Jour 3 - Il pleut\" src=\"\n\t\t\t\t\t\t\t\t\t\thttps:\/\/letourdumondeen.fr\/wp-content\/gallery\/sapa\/thumbs\/thumbs_DSCN6591.JPG\t\t\t\t\" \n\t\t\t\t\twidth='120' height='90'\t\t\t\t\/>\n\t\t\t\t\t\t\t<\/a>\n\t\t<\/div>\n\t<\/div>\n\n\t\t\t\t\t\t\t\t\t\n\t\n\t<div id=\"ngg-image-1710\" class=\"ngg-gallery-thumbnail-box\" \n\t\t\t\t\t\t\t\t\t\t>\n\t\t<div class=\"ngg-gallery-thumbnail\" >\n\t\t\t<a href=\"\n\t\t\thttps:\/\/letourdumondeen.fr\/wp-content\/gallery\/sapa\/DSCN6571.JPG\t\t\t\"\n\t\t\t\ttitle=\"Jour 3 - Oh la belle peleteuse\"\n\t\t\t\tclass=\"ngg-fancybox\" rel=\"c8ef36fb258cafe5f07e5034379c917d\" data-image-id=\"1710\" data-src=\"https:\/\/letourdumondeen.fr\/wp-content\/gallery\/sapa\/DSCN6571.JPG\" data-thumbnail=\"https:\/\/letourdumondeen.fr\/wp-content\/gallery\/sapa\/thumbs\/thumbs_DSCN6571.JPG\" data-title=\"Jour 3 - Oh la belle peleteuse\" data-description=\"Jour 3 - Oh la belle peleteuse\"\t\t\t\t>\n\t\t\t\t\t\t\t\t<img title=\"Jour 3 - Oh la belle peleteuse\" alt=\"Jour 3 - Oh la belle peleteuse\" src=\"\n\t\t\t\t\t\t\t\t\t\thttps:\/\/letourdumondeen.fr\/wp-content\/gallery\/sapa\/thumbs\/thumbs_DSCN6571.JPG\t\t\t\t\" \n\t\t\t\t\twidth='120' height='90'\t\t\t\t\/>\n\t\t\t\t\t\t\t<\/a>\n\t\t<\/div>\n\t<\/div>\n\n\t\t\t\t\t\t\t\t\t\n\t\n\t<div id=\"ngg-image-1745\" class=\"ngg-gallery-thumbnail-box\" \n\t\t\t\t\t\t\t\t\t\t>\n\t\t<div class=\"ngg-gallery-thumbnail\" >\n\t\t\t<a href=\"\n\t\t\thttps:\/\/letourdumondeen.fr\/wp-content\/gallery\/sapa\/DSC_1672.JPG\t\t\t\"\n\t\t\t\ttitle=\"Jour 3 - Un peu de moto pour gagner du temps (et de l&#039;\u00e9nergie)\"\n\t\t\t\tclass=\"ngg-fancybox\" rel=\"c8ef36fb258cafe5f07e5034379c917d\" data-image-id=\"1745\" data-src=\"https:\/\/letourdumondeen.fr\/wp-content\/gallery\/sapa\/DSC_1672.JPG\" data-thumbnail=\"https:\/\/letourdumondeen.fr\/wp-content\/gallery\/sapa\/thumbs\/thumbs_DSC_1672.JPG\" data-title=\"Jour 3 - Un peu de moto pour gagner du temps (et de l&#039;\u00e9nergie)\" data-description=\"Jour 3 - Un peu de moto pour gagner du temps (et de l&#039;\u00e9nergie)\"\t\t\t\t>\n\t\t\t\t\t\t\t\t<img title=\"Jour 3 - Un peu de moto pour gagner du temps (et de l&#039;\u00e9nergie)\" alt=\"Jour 3 - Un peu de moto pour gagner du temps (et de l&#039;\u00e9nergie)\" src=\"\n\t\t\t\t\t\t\t\t\t\thttps:\/\/letourdumondeen.fr\/wp-content\/gallery\/sapa\/thumbs\/thumbs_DSC_1672.JPG\t\t\t\t\" \n\t\t\t\t\twidth='120' height='90'\t\t\t\t\/>\n\t\t\t\t\t\t\t<\/a>\n\t\t<\/div>\n\t<\/div>\n\n\t\t\t\t\t\t\t\t\t\n\t\n\t<div id=\"ngg-image-1711\" class=\"ngg-gallery-thumbnail-box\" \n\t\t\t\t\t\t\t\t\t\t>\n\t\t<div class=\"ngg-gallery-thumbnail\" >\n\t\t\t<a href=\"\n\t\t\thttps:\/\/letourdumondeen.fr\/wp-content\/gallery\/sapa\/DSCN6575.JPG\t\t\t\"\n\t\t\t\ttitle=\"Jour 3 - Mission : garder le gamin sur la moto\"\n\t\t\t\tclass=\"ngg-fancybox\" rel=\"c8ef36fb258cafe5f07e5034379c917d\" data-image-id=\"1711\" data-src=\"https:\/\/letourdumondeen.fr\/wp-content\/gallery\/sapa\/DSCN6575.JPG\" data-thumbnail=\"https:\/\/letourdumondeen.fr\/wp-content\/gallery\/sapa\/thumbs\/thumbs_DSCN6575.JPG\" data-title=\"Jour 3 - Mission : garder le gamin sur la moto\" data-description=\"Jour 3 - Mission : garder le gamin sur la moto\"\t\t\t\t>\n\t\t\t\t\t\t\t\t<img title=\"Jour 3 - Mission : garder le gamin sur la moto\" alt=\"Jour 3 - Mission : garder le gamin sur la moto\" src=\"\n\t\t\t\t\t\t\t\t\t\thttps:\/\/letourdumondeen.fr\/wp-content\/gallery\/sapa\/thumbs\/thumbs_DSCN6575.JPG\t\t\t\t\" \n\t\t\t\t\twidth='120' height='90'\t\t\t\t\/>\n\t\t\t\t\t\t\t<\/a>\n\t\t<\/div>\n\t<\/div>\n\n\t\t\t\t\t\t\t\t\t\n\t\n\t<div id=\"ngg-image-1715\" class=\"ngg-gallery-thumbnail-box\" \n\t\t\t\t\t\t\t\t\t\t>\n\t\t<div class=\"ngg-gallery-thumbnail\" >\n\t\t\t<a href=\"\n\t\t\thttps:\/\/letourdumondeen.fr\/wp-content\/gallery\/sapa\/DSCN6623.JPG\t\t\t\"\n\t\t\t\ttitle=\"Jour 3 - Chez My, notre chambre\"\n\t\t\t\tclass=\"ngg-fancybox\" rel=\"c8ef36fb258cafe5f07e5034379c917d\" data-image-id=\"1715\" data-src=\"https:\/\/letourdumondeen.fr\/wp-content\/gallery\/sapa\/DSCN6623.JPG\" data-thumbnail=\"https:\/\/letourdumondeen.fr\/wp-content\/gallery\/sapa\/thumbs\/thumbs_DSCN6623.JPG\" data-title=\"Jour 3 - Chez My, notre chambre\" data-description=\"Jour 3 - Chez My, notre chambre\"\t\t\t\t>\n\t\t\t\t\t\t\t\t<img title=\"Jour 3 - Chez My, notre chambre\" alt=\"Jour 3 - Chez My, notre chambre\" src=\"\n\t\t\t\t\t\t\t\t\t\thttps:\/\/letourdumondeen.fr\/wp-content\/gallery\/sapa\/thumbs\/thumbs_DSCN6623.JPG\t\t\t\t\" \n\t\t\t\t\twidth='120' height='90'\t\t\t\t\/>\n\t\t\t\t\t\t\t<\/a>\n\t\t<\/div>\n\t<\/div>\n\n\t\t\t\t\t\t\t\t\t\n\t\n\t<div id=\"ngg-image-1714\" class=\"ngg-gallery-thumbnail-box\" \n\t\t\t\t\t\t\t\t\t\t>\n\t\t<div class=\"ngg-gallery-thumbnail\" >\n\t\t\t<a href=\"\n\t\t\thttps:\/\/letourdumondeen.fr\/wp-content\/gallery\/sapa\/DSCN6603.JPG\t\t\t\"\n\t\t\t\ttitle=\"Jour 3 - Chez My, la salle de bain\"\n\t\t\t\tclass=\"ngg-fancybox\" rel=\"c8ef36fb258cafe5f07e5034379c917d\" data-image-id=\"1714\" data-src=\"https:\/\/letourdumondeen.fr\/wp-content\/gallery\/sapa\/DSCN6603.JPG\" data-thumbnail=\"https:\/\/letourdumondeen.fr\/wp-content\/gallery\/sapa\/thumbs\/thumbs_DSCN6603.JPG\" data-title=\"Jour 3 - Chez My, la salle de bain\" data-description=\"Jour 3 - Chez My, la salle de bain\"\t\t\t\t>\n\t\t\t\t\t\t\t\t<img title=\"Jour 3 - Chez My, la salle de bain\" alt=\"Jour 3 - Chez My, la salle de bain\" src=\"\n\t\t\t\t\t\t\t\t\t\thttps:\/\/letourdumondeen.fr\/wp-content\/gallery\/sapa\/thumbs\/thumbs_DSCN6603.JPG\t\t\t\t\" \n\t\t\t\t\twidth='120' height='90'\t\t\t\t\/>\n\t\t\t\t\t\t\t<\/a>\n\t\t<\/div>\n\t<\/div>\n\n\t\t\t\t\t\t\t\t\t\n\t\n\t<div id=\"ngg-image-1717\" class=\"ngg-gallery-thumbnail-box\" \n\t\t\t\t\t\t\t\t\t\t>\n\t\t<div class=\"ngg-gallery-thumbnail\" >\n\t\t\t<a href=\"\n\t\t\thttps:\/\/letourdumondeen.fr\/wp-content\/gallery\/sapa\/DSCN6637.JPG\t\t\t\"\n\t\t\t\ttitle=\"Jour 3 - Chez My, cuisine\"\n\t\t\t\tclass=\"ngg-fancybox\" rel=\"c8ef36fb258cafe5f07e5034379c917d\" data-image-id=\"1717\" data-src=\"https:\/\/letourdumondeen.fr\/wp-content\/gallery\/sapa\/DSCN6637.JPG\" data-thumbnail=\"https:\/\/letourdumondeen.fr\/wp-content\/gallery\/sapa\/thumbs\/thumbs_DSCN6637.JPG\" data-title=\"Jour 3 - Chez My, cuisine\" data-description=\"Jour 3 - Chez My, cuisine\"\t\t\t\t>\n\t\t\t\t\t\t\t\t<img title=\"Jour 3 - Chez My, cuisine\" alt=\"Jour 3 - Chez My, cuisine\" src=\"\n\t\t\t\t\t\t\t\t\t\thttps:\/\/letourdumondeen.fr\/wp-content\/gallery\/sapa\/thumbs\/thumbs_DSCN6637.JPG\t\t\t\t\" \n\t\t\t\t\twidth='120' height='90'\t\t\t\t\/>\n\t\t\t\t\t\t\t<\/a>\n\t\t<\/div>\n\t<\/div>\n\n\t\t\t\t\t\t\t\t\t\n\t\n\t<div id=\"ngg-image-1746\" class=\"ngg-gallery-thumbnail-box\" \n\t\t\t\t\t\t\t\t\t\t>\n\t\t<div class=\"ngg-gallery-thumbnail\" >\n\t\t\t<a href=\"\n\t\t\thttps:\/\/letourdumondeen.fr\/wp-content\/gallery\/sapa\/DSC_1680.JPG\t\t\t\"\n\t\t\t\ttitle=\"Jour 3 - Chez My\"\n\t\t\t\tclass=\"ngg-fancybox\" rel=\"c8ef36fb258cafe5f07e5034379c917d\" data-image-id=\"1746\" data-src=\"https:\/\/letourdumondeen.fr\/wp-content\/gallery\/sapa\/DSC_1680.JPG\" data-thumbnail=\"https:\/\/letourdumondeen.fr\/wp-content\/gallery\/sapa\/thumbs\/thumbs_DSC_1680.JPG\" data-title=\"Jour 3 - Chez My\" data-description=\"Jour 3 - Chez My\"\t\t\t\t>\n\t\t\t\t\t\t\t\t<img title=\"Jour 3 - Chez My\" alt=\"Jour 3 - Chez My\" src=\"\n\t\t\t\t\t\t\t\t\t\thttps:\/\/letourdumondeen.fr\/wp-content\/gallery\/sapa\/thumbs\/thumbs_DSC_1680.JPG\t\t\t\t\" \n\t\t\t\t\twidth='120' height='90'\t\t\t\t\/>\n\t\t\t\t\t\t\t<\/a>\n\t\t<\/div>\n\t<\/div>\n\n\t\t\t\t\t\t\t\t\t\n\t\n\t<div id=\"ngg-image-1713\" class=\"ngg-gallery-thumbnail-box\" \n\t\t\t\t\t\t\t\t\t\t>\n\t\t<div class=\"ngg-gallery-thumbnail\" >\n\t\t\t<a href=\"\n\t\t\thttps:\/\/letourdumondeen.fr\/wp-content\/gallery\/sapa\/DSCN6600.JPG\t\t\t\"\n\t\t\t\ttitle=\"Jour 3 - Chez My, les cochons\"\n\t\t\t\tclass=\"ngg-fancybox\" rel=\"c8ef36fb258cafe5f07e5034379c917d\" data-image-id=\"1713\" data-src=\"https:\/\/letourdumondeen.fr\/wp-content\/gallery\/sapa\/DSCN6600.JPG\" data-thumbnail=\"https:\/\/letourdumondeen.fr\/wp-content\/gallery\/sapa\/thumbs\/thumbs_DSCN6600.JPG\" data-title=\"Jour 3 - Chez My, les cochons\" data-description=\"Jour 3 - Chez My, les cochons\"\t\t\t\t>\n\t\t\t\t\t\t\t\t<img title=\"Jour 3 - Chez My, les cochons\" alt=\"Jour 3 - Chez My, les cochons\" src=\"\n\t\t\t\t\t\t\t\t\t\thttps:\/\/letourdumondeen.fr\/wp-content\/gallery\/sapa\/thumbs\/thumbs_DSCN6600.JPG\t\t\t\t\" \n\t\t\t\t\twidth='120' height='90'\t\t\t\t\/>\n\t\t\t\t\t\t\t<\/a>\n\t\t<\/div>\n\t<\/div>\n\n\t\t\t\t\t\t\t\t\t\n\t\n\t<div id=\"ngg-image-1747\" class=\"ngg-gallery-thumbnail-box\" \n\t\t\t\t\t\t\t\t\t\t>\n\t\t<div class=\"ngg-gallery-thumbnail\" >\n\t\t\t<a href=\"\n\t\t\thttps:\/\/letourdumondeen.fr\/wp-content\/gallery\/sapa\/DSC_1699.JPG\t\t\t\"\n\t\t\t\ttitle=\"Jour 3 - Chez My, chamaillerie\"\n\t\t\t\tclass=\"ngg-fancybox\" rel=\"c8ef36fb258cafe5f07e5034379c917d\" data-image-id=\"1747\" data-src=\"https:\/\/letourdumondeen.fr\/wp-content\/gallery\/sapa\/DSC_1699.JPG\" data-thumbnail=\"https:\/\/letourdumondeen.fr\/wp-content\/gallery\/sapa\/thumbs\/thumbs_DSC_1699.JPG\" data-title=\"Jour 3 - Chez My, chamaillerie\" data-description=\"Jour 3 - Chez My, chamaillerie\"\t\t\t\t>\n\t\t\t\t\t\t\t\t<img title=\"Jour 3 - Chez My, chamaillerie\" alt=\"Jour 3 - Chez My, chamaillerie\" src=\"\n\t\t\t\t\t\t\t\t\t\thttps:\/\/letourdumondeen.fr\/wp-content\/gallery\/sapa\/thumbs\/thumbs_DSC_1699.JPG\t\t\t\t\" \n\t\t\t\t\twidth='120' height='90'\t\t\t\t\/>\n\t\t\t\t\t\t\t<\/a>\n\t\t<\/div>\n\t<\/div>\n\n\t\t\t\t\t\t\t\t\t\n\t\n\t<div id=\"ngg-image-1748\" class=\"ngg-gallery-thumbnail-box\" \n\t\t\t\t\t\t\t\t\t\t>\n\t\t<div class=\"ngg-gallery-thumbnail\" >\n\t\t\t<a href=\"\n\t\t\thttps:\/\/letourdumondeen.fr\/wp-content\/gallery\/sapa\/DSC_1713.JPG\t\t\t\"\n\t\t\t\ttitle=\"Jour 3 - Chez My, pr\u00e9paration des Nems\"\n\t\t\t\tclass=\"ngg-fancybox\" rel=\"c8ef36fb258cafe5f07e5034379c917d\" data-image-id=\"1748\" data-src=\"https:\/\/letourdumondeen.fr\/wp-content\/gallery\/sapa\/DSC_1713.JPG\" data-thumbnail=\"https:\/\/letourdumondeen.fr\/wp-content\/gallery\/sapa\/thumbs\/thumbs_DSC_1713.JPG\" data-title=\"Jour 3 - Chez My, pr\u00e9paration des Nems\" data-description=\"Jour 3 - Chez My, pr\u00e9paration des Nems\"\t\t\t\t>\n\t\t\t\t\t\t\t\t<img title=\"Jour 3 - Chez My, pr\u00e9paration des Nems\" alt=\"Jour 3 - Chez My, pr\u00e9paration des Nems\" src=\"\n\t\t\t\t\t\t\t\t\t\thttps:\/\/letourdumondeen.fr\/wp-content\/gallery\/sapa\/thumbs\/thumbs_DSC_1713.JPG\t\t\t\t\" \n\t\t\t\t\twidth='120' height='90'\t\t\t\t\/>\n\t\t\t\t\t\t\t<\/a>\n\t\t<\/div>\n\t<\/div>\n\n\t\t\t\t\t\t\t\t\t\n\t\n\t<div id=\"ngg-image-1749\" class=\"ngg-gallery-thumbnail-box\" \n\t\t\t\t\t\t\t\t\t\t>\n\t\t<div class=\"ngg-gallery-thumbnail\" >\n\t\t\t<a href=\"\n\t\t\thttps:\/\/letourdumondeen.fr\/wp-content\/gallery\/sapa\/DSC_1720.JPG\t\t\t\"\n\t\t\t\ttitle=\"Jour 3 - Chez My, Tiou et Bein\"\n\t\t\t\tclass=\"ngg-fancybox\" rel=\"c8ef36fb258cafe5f07e5034379c917d\" data-image-id=\"1749\" data-src=\"https:\/\/letourdumondeen.fr\/wp-content\/gallery\/sapa\/DSC_1720.JPG\" data-thumbnail=\"https:\/\/letourdumondeen.fr\/wp-content\/gallery\/sapa\/thumbs\/thumbs_DSC_1720.JPG\" data-title=\"Jour 3 - Chez My, Tiou et Bein\" data-description=\"Jour 3 - Chez My, Tiou et Bein\"\t\t\t\t>\n\t\t\t\t\t\t\t\t<img title=\"Jour 3 - Chez My, Tiou et Bein\" alt=\"Jour 3 - Chez My, Tiou et Bein\" src=\"\n\t\t\t\t\t\t\t\t\t\thttps:\/\/letourdumondeen.fr\/wp-content\/gallery\/sapa\/thumbs\/thumbs_DSC_1720.JPG\t\t\t\t\" \n\t\t\t\t\twidth='120' height='90'\t\t\t\t\/>\n\t\t\t\t\t\t\t<\/a>\n\t\t<\/div>\n\t<\/div>\n\n\t\t\t\t\t\t\t\t\t\n\t\n\t<div id=\"ngg-image-1750\" class=\"ngg-gallery-thumbnail-box\" \n\t\t\t\t\t\t\t\t\t\t>\n\t\t<div class=\"ngg-gallery-thumbnail\" >\n\t\t\t<a href=\"\n\t\t\thttps:\/\/letourdumondeen.fr\/wp-content\/gallery\/sapa\/DSC_1722.JPG\t\t\t\"\n\t\t\t\ttitle=\"Jour 3 - chez My, Four\"\n\t\t\t\tclass=\"ngg-fancybox\" rel=\"c8ef36fb258cafe5f07e5034379c917d\" data-image-id=\"1750\" data-src=\"https:\/\/letourdumondeen.fr\/wp-content\/gallery\/sapa\/DSC_1722.JPG\" data-thumbnail=\"https:\/\/letourdumondeen.fr\/wp-content\/gallery\/sapa\/thumbs\/thumbs_DSC_1722.JPG\" data-title=\"Jour 3 - chez My, Four\" data-description=\"Jour 3 - chez My, Four\"\t\t\t\t>\n\t\t\t\t\t\t\t\t<img title=\"Jour 3 - chez My, Four\" alt=\"Jour 3 - chez My, Four\" src=\"\n\t\t\t\t\t\t\t\t\t\thttps:\/\/letourdumondeen.fr\/wp-content\/gallery\/sapa\/thumbs\/thumbs_DSC_1722.JPG\t\t\t\t\" \n\t\t\t\t\twidth='120' height='90'\t\t\t\t\/>\n\t\t\t\t\t\t\t<\/a>\n\t\t<\/div>\n\t<\/div>\n\n\t\t\t\t\t\t\t\t\t\n\t\n\t<div id=\"ngg-image-1751\" class=\"ngg-gallery-thumbnail-box\" \n\t\t\t\t\t\t\t\t\t\t>\n\t\t<div class=\"ngg-gallery-thumbnail\" >\n\t\t\t<a href=\"\n\t\t\thttps:\/\/letourdumondeen.fr\/wp-content\/gallery\/sapa\/DSC_1735.JPG\t\t\t\"\n\t\t\t\ttitle=\"Jour 3 - Chez My, Bein veux Tiou arr\u00eater de faire du bruit avec ce marteau !?\"\n\t\t\t\tclass=\"ngg-fancybox\" rel=\"c8ef36fb258cafe5f07e5034379c917d\" data-image-id=\"1751\" data-src=\"https:\/\/letourdumondeen.fr\/wp-content\/gallery\/sapa\/DSC_1735.JPG\" data-thumbnail=\"https:\/\/letourdumondeen.fr\/wp-content\/gallery\/sapa\/thumbs\/thumbs_DSC_1735.JPG\" data-title=\"Jour 3 - Chez My, Bein veux Tiou arr\u00eater de faire du bruit avec ce marteau !?\" data-description=\"Jour 3 - Chez My, Bein veux Tiou arr\u00eater de faire du bruit avec ce marteau !?\"\t\t\t\t>\n\t\t\t\t\t\t\t\t<img title=\"Jour 3 - Chez My, Bein veux Tiou arr\u00eater de faire du bruit avec ce marteau !?\" alt=\"Jour 3 - Chez My, Bein veux Tiou arr\u00eater de faire du bruit avec ce marteau !?\" src=\"\n\t\t\t\t\t\t\t\t\t\thttps:\/\/letourdumondeen.fr\/wp-content\/gallery\/sapa\/thumbs\/thumbs_DSC_1735.JPG\t\t\t\t\" \n\t\t\t\t\twidth='120' height='90'\t\t\t\t\/>\n\t\t\t\t\t\t\t<\/a>\n\t\t<\/div>\n\t<\/div>\n\n\t\t\t\t\t\t\t\t\t\n\t\n\t<div id=\"ngg-image-1716\" class=\"ngg-gallery-thumbnail-box\" \n\t\t\t\t\t\t\t\t\t\t>\n\t\t<div class=\"ngg-gallery-thumbnail\" >\n\t\t\t<a href=\"\n\t\t\thttps:\/\/letourdumondeen.fr\/wp-content\/gallery\/sapa\/DSCN6633.JPG\t\t\t\"\n\t\t\t\ttitle=\"Jour 3 - Chez My, Bein et Hon\"\n\t\t\t\tclass=\"ngg-fancybox\" rel=\"c8ef36fb258cafe5f07e5034379c917d\" data-image-id=\"1716\" data-src=\"https:\/\/letourdumondeen.fr\/wp-content\/gallery\/sapa\/DSCN6633.JPG\" data-thumbnail=\"https:\/\/letourdumondeen.fr\/wp-content\/gallery\/sapa\/thumbs\/thumbs_DSCN6633.JPG\" data-title=\"Jour 3 - Chez My, Bein et Hon\" data-description=\"Jour 3 - Chez My, Bein et Hon\"\t\t\t\t>\n\t\t\t\t\t\t\t\t<img title=\"Jour 3 - Chez My, Bein et Hon\" alt=\"Jour 3 - Chez My, Bein et Hon\" src=\"\n\t\t\t\t\t\t\t\t\t\thttps:\/\/letourdumondeen.fr\/wp-content\/gallery\/sapa\/thumbs\/thumbs_DSCN6633.JPG\t\t\t\t\" \n\t\t\t\t\twidth='120' height='90'\t\t\t\t\/>\n\t\t\t\t\t\t\t<\/a>\n\t\t<\/div>\n\t<\/div>\n\n\t\t\t\t\t\t\t\t\t\n\t\n\t<div id=\"ngg-image-1752\" class=\"ngg-gallery-thumbnail-box\" \n\t\t\t\t\t\t\t\t\t\t>\n\t\t<div class=\"ngg-gallery-thumbnail\" >\n\t\t\t<a href=\"\n\t\t\thttps:\/\/letourdumondeen.fr\/wp-content\/gallery\/sapa\/DSC_1743.JPG\t\t\t\"\n\t\t\t\ttitle=\"Jour 3 - Chez My, happy water\"\n\t\t\t\tclass=\"ngg-fancybox\" rel=\"c8ef36fb258cafe5f07e5034379c917d\" data-image-id=\"1752\" data-src=\"https:\/\/letourdumondeen.fr\/wp-content\/gallery\/sapa\/DSC_1743.JPG\" data-thumbnail=\"https:\/\/letourdumondeen.fr\/wp-content\/gallery\/sapa\/thumbs\/thumbs_DSC_1743.JPG\" data-title=\"Jour 3 - Chez My, happy water\" data-description=\"Jour 3 - Chez My, happy water\"\t\t\t\t>\n\t\t\t\t\t\t\t\t<img title=\"Jour 3 - Chez My, happy water\" alt=\"Jour 3 - Chez My, happy water\" src=\"\n\t\t\t\t\t\t\t\t\t\thttps:\/\/letourdumondeen.fr\/wp-content\/gallery\/sapa\/thumbs\/thumbs_DSC_1743.JPG\t\t\t\t\" \n\t\t\t\t\twidth='120' height='90'\t\t\t\t\/>\n\t\t\t\t\t\t\t<\/a>\n\t\t<\/div>\n\t<\/div>\n\n\t\t\t\t\t\t\t\t\t\n\t\n\t<div id=\"ngg-image-1753\" class=\"ngg-gallery-thumbnail-box\" \n\t\t\t\t\t\t\t\t\t\t>\n\t\t<div class=\"ngg-gallery-thumbnail\" >\n\t\t\t<a href=\"\n\t\t\thttps:\/\/letourdumondeen.fr\/wp-content\/gallery\/sapa\/DSC_1746.JPG\t\t\t\"\n\t\t\t\ttitle=\"Jour 3 - Chez My, apr\u00e8s avoir couru toute la journ\u00e9e\"\n\t\t\t\tclass=\"ngg-fancybox\" rel=\"c8ef36fb258cafe5f07e5034379c917d\" data-image-id=\"1753\" data-src=\"https:\/\/letourdumondeen.fr\/wp-content\/gallery\/sapa\/DSC_1746.JPG\" data-thumbnail=\"https:\/\/letourdumondeen.fr\/wp-content\/gallery\/sapa\/thumbs\/thumbs_DSC_1746.JPG\" data-title=\"Jour 3 - Chez My, apr\u00e8s avoir couru toute la journ\u00e9e\" data-description=\"Jour 3 - Chez My, apr\u00e8s avoir couru toute la journ\u00e9e\"\t\t\t\t>\n\t\t\t\t\t\t\t\t<img title=\"Jour 3 - Chez My, apr\u00e8s avoir couru toute la journ\u00e9e\" alt=\"Jour 3 - Chez My, apr\u00e8s avoir couru toute la journ\u00e9e\" src=\"\n\t\t\t\t\t\t\t\t\t\thttps:\/\/letourdumondeen.fr\/wp-content\/gallery\/sapa\/thumbs\/thumbs_DSC_1746.JPG\t\t\t\t\" \n\t\t\t\t\twidth='120' height='90'\t\t\t\t\/>\n\t\t\t\t\t\t\t<\/a>\n\t\t<\/div>\n\t<\/div>\n\n\t\t\t\t\t\t\t\t\t\n\t\n\t<div id=\"ngg-image-1754\" class=\"ngg-gallery-thumbnail-box\" \n\t\t\t\t\t\t\t\t\t\t>\n\t\t<div class=\"ngg-gallery-thumbnail\" >\n\t\t\t<a href=\"\n\t\t\thttps:\/\/letourdumondeen.fr\/wp-content\/gallery\/sapa\/DSC_1749.JPG\t\t\t\"\n\t\t\t\ttitle=\"Jour 3 - Chez My, Ja\u00efne\"\n\t\t\t\tclass=\"ngg-fancybox\" rel=\"c8ef36fb258cafe5f07e5034379c917d\" data-image-id=\"1754\" data-src=\"https:\/\/letourdumondeen.fr\/wp-content\/gallery\/sapa\/DSC_1749.JPG\" data-thumbnail=\"https:\/\/letourdumondeen.fr\/wp-content\/gallery\/sapa\/thumbs\/thumbs_DSC_1749.JPG\" data-title=\"Jour 3 - Chez My, Ja\u00efne\" data-description=\"Jour 3 - Chez My, Ja\u00efne\"\t\t\t\t>\n\t\t\t\t\t\t\t\t<img title=\"Jour 3 - Chez My, Ja\u00efne\" alt=\"Jour 3 - Chez My, Ja\u00efne\" src=\"\n\t\t\t\t\t\t\t\t\t\thttps:\/\/letourdumondeen.fr\/wp-content\/gallery\/sapa\/thumbs\/thumbs_DSC_1749.JPG\t\t\t\t\" \n\t\t\t\t\twidth='120' height='90'\t\t\t\t\/>\n\t\t\t\t\t\t\t<\/a>\n\t\t<\/div>\n\t<\/div>\n\n\t\t\t\t\t\t\t\t\t\n\t\n\t<div id=\"ngg-image-1755\" class=\"ngg-gallery-thumbnail-box\" \n\t\t\t\t\t\t\t\t\t\t>\n\t\t<div class=\"ngg-gallery-thumbnail\" >\n\t\t\t<a href=\"\n\t\t\thttps:\/\/letourdumondeen.fr\/wp-content\/gallery\/sapa\/DSC_1764.JPG\t\t\t\"\n\t\t\t\ttitle=\"Jour 3 - Chez My, essayage de bijoux\"\n\t\t\t\tclass=\"ngg-fancybox\" rel=\"c8ef36fb258cafe5f07e5034379c917d\" data-image-id=\"1755\" data-src=\"https:\/\/letourdumondeen.fr\/wp-content\/gallery\/sapa\/DSC_1764.JPG\" data-thumbnail=\"https:\/\/letourdumondeen.fr\/wp-content\/gallery\/sapa\/thumbs\/thumbs_DSC_1764.JPG\" data-title=\"Jour 3 - Chez My, essayage de bijoux\" data-description=\"Jour 3 - Chez My, essayage de bijoux\"\t\t\t\t>\n\t\t\t\t\t\t\t\t<img title=\"Jour 3 - Chez My, essayage de bijoux\" alt=\"Jour 3 - Chez My, essayage de bijoux\" src=\"\n\t\t\t\t\t\t\t\t\t\thttps:\/\/letourdumondeen.fr\/wp-content\/gallery\/sapa\/thumbs\/thumbs_DSC_1764.JPG\t\t\t\t\" \n\t\t\t\t\twidth='120' height='90'\t\t\t\t\/>\n\t\t\t\t\t\t\t<\/a>\n\t\t<\/div>\n\t<\/div>\n\n\t\t\t\t\t\t\t\t\t\n\t\n\t<div id=\"ngg-image-1756\" class=\"ngg-gallery-thumbnail-box\" \n\t\t\t\t\t\t\t\t\t\t>\n\t\t<div class=\"ngg-gallery-thumbnail\" >\n\t\t\t<a href=\"\n\t\t\thttps:\/\/letourdumondeen.fr\/wp-content\/gallery\/sapa\/DSC_1781.JPG\t\t\t\"\n\t\t\t\ttitle=\"Jour 4 - Chez My, petit d\u00e9jeuner\"\n\t\t\t\tclass=\"ngg-fancybox\" rel=\"c8ef36fb258cafe5f07e5034379c917d\" data-image-id=\"1756\" data-src=\"https:\/\/letourdumondeen.fr\/wp-content\/gallery\/sapa\/DSC_1781.JPG\" data-thumbnail=\"https:\/\/letourdumondeen.fr\/wp-content\/gallery\/sapa\/thumbs\/thumbs_DSC_1781.JPG\" data-title=\"Jour 4 - Chez My, petit d\u00e9jeuner\" data-description=\"Jour 4 - Chez My, petit d\u00e9jeuner\"\t\t\t\t>\n\t\t\t\t\t\t\t\t<img title=\"Jour 4 - Chez My, petit d\u00e9jeuner\" alt=\"Jour 4 - Chez My, petit d\u00e9jeuner\" src=\"\n\t\t\t\t\t\t\t\t\t\thttps:\/\/letourdumondeen.fr\/wp-content\/gallery\/sapa\/thumbs\/thumbs_DSC_1781.JPG\t\t\t\t\" \n\t\t\t\t\twidth='120' height='90'\t\t\t\t\/>\n\t\t\t\t\t\t\t<\/a>\n\t\t<\/div>\n\t<\/div>\n\n\t\t\t\t\t\t\t\t\t\n\t\n\t<div id=\"ngg-image-1757\" class=\"ngg-gallery-thumbnail-box\" \n\t\t\t\t\t\t\t\t\t\t>\n\t\t<div class=\"ngg-gallery-thumbnail\" >\n\t\t\t<a href=\"\n\t\t\thttps:\/\/letourdumondeen.fr\/wp-content\/gallery\/sapa\/DSC_1786.JPG\t\t\t\"\n\t\t\t\ttitle=\"Jour 4 - Chez My, fabrique un nouveau marteau\"\n\t\t\t\tclass=\"ngg-fancybox\" rel=\"c8ef36fb258cafe5f07e5034379c917d\" data-image-id=\"1757\" data-src=\"https:\/\/letourdumondeen.fr\/wp-content\/gallery\/sapa\/DSC_1786.JPG\" data-thumbnail=\"https:\/\/letourdumondeen.fr\/wp-content\/gallery\/sapa\/thumbs\/thumbs_DSC_1786.JPG\" data-title=\"Jour 4 - Chez My, fabrique un nouveau marteau\" data-description=\"Jour 4 - Chez My, fabrique un nouveau marteau\"\t\t\t\t>\n\t\t\t\t\t\t\t\t<img title=\"Jour 4 - Chez My, fabrique un nouveau marteau\" alt=\"Jour 4 - Chez My, fabrique un nouveau marteau\" src=\"\n\t\t\t\t\t\t\t\t\t\thttps:\/\/letourdumondeen.fr\/wp-content\/gallery\/sapa\/thumbs\/thumbs_DSC_1786.JPG\t\t\t\t\" \n\t\t\t\t\twidth='120' height='90'\t\t\t\t\/>\n\t\t\t\t\t\t\t<\/a>\n\t\t<\/div>\n\t<\/div>\n\n\t\t\t\t\t\t\t\t\t\n\t\n\t<div id=\"ngg-image-1758\" class=\"ngg-gallery-thumbnail-box\" \n\t\t\t\t\t\t\t\t\t\t>\n\t\t<div class=\"ngg-gallery-thumbnail\" >\n\t\t\t<a href=\"\n\t\t\thttps:\/\/letourdumondeen.fr\/wp-content\/gallery\/sapa\/DSC_1794.JPG\t\t\t\"\n\t\t\t\ttitle=\"Jour 4 - Chez My, essayage\"\n\t\t\t\tclass=\"ngg-fancybox\" rel=\"c8ef36fb258cafe5f07e5034379c917d\" data-image-id=\"1758\" data-src=\"https:\/\/letourdumondeen.fr\/wp-content\/gallery\/sapa\/DSC_1794.JPG\" data-thumbnail=\"https:\/\/letourdumondeen.fr\/wp-content\/gallery\/sapa\/thumbs\/thumbs_DSC_1794.JPG\" data-title=\"Jour 4 - Chez My, essayage\" data-description=\"Jour 4 - Chez My, essayage\"\t\t\t\t>\n\t\t\t\t\t\t\t\t<img title=\"Jour 4 - Chez My, essayage\" alt=\"Jour 4 - Chez My, essayage\" src=\"\n\t\t\t\t\t\t\t\t\t\thttps:\/\/letourdumondeen.fr\/wp-content\/gallery\/sapa\/thumbs\/thumbs_DSC_1794.JPG\t\t\t\t\" \n\t\t\t\t\twidth='120' height='90'\t\t\t\t\/>\n\t\t\t\t\t\t\t<\/a>\n\t\t<\/div>\n\t<\/div>\n\n\t\t\t\t\t\t\t\t\t\n\t\n\t<div id=\"ngg-image-1759\" class=\"ngg-gallery-thumbnail-box\" \n\t\t\t\t\t\t\t\t\t\t>\n\t\t<div class=\"ngg-gallery-thumbnail\" >\n\t\t\t<a href=\"\n\t\t\thttps:\/\/letourdumondeen.fr\/wp-content\/gallery\/sapa\/DSC_1795.JPG\t\t\t\"\n\t\t\t\ttitle=\"Jour 4 - Chez My, essayage\"\n\t\t\t\tclass=\"ngg-fancybox\" rel=\"c8ef36fb258cafe5f07e5034379c917d\" data-image-id=\"1759\" data-src=\"https:\/\/letourdumondeen.fr\/wp-content\/gallery\/sapa\/DSC_1795.JPG\" data-thumbnail=\"https:\/\/letourdumondeen.fr\/wp-content\/gallery\/sapa\/thumbs\/thumbs_DSC_1795.JPG\" data-title=\"Jour 4 - Chez My, essayage\" data-description=\"Jour 4 - Chez My, essayage\"\t\t\t\t>\n\t\t\t\t\t\t\t\t<img title=\"Jour 4 - Chez My, essayage\" alt=\"Jour 4 - Chez My, essayage\" src=\"\n\t\t\t\t\t\t\t\t\t\thttps:\/\/letourdumondeen.fr\/wp-content\/gallery\/sapa\/thumbs\/thumbs_DSC_1795.JPG\t\t\t\t\" \n\t\t\t\t\twidth='120' height='90'\t\t\t\t\/>\n\t\t\t\t\t\t\t<\/a>\n\t\t<\/div>\n\t<\/div>\n\n\t\t\t\t\t\t\t\t\t\n\t\n\t<div id=\"ngg-image-1718\" class=\"ngg-gallery-thumbnail-box\" \n\t\t\t\t\t\t\t\t\t\t>\n\t\t<div class=\"ngg-gallery-thumbnail\" >\n\t\t\t<a href=\"\n\t\t\thttps:\/\/letourdumondeen.fr\/wp-content\/gallery\/sapa\/DSCN6642.JPG\t\t\t\"\n\t\t\t\ttitle=\"Jour 4 - Chez My, photo de groupe\"\n\t\t\t\tclass=\"ngg-fancybox\" rel=\"c8ef36fb258cafe5f07e5034379c917d\" data-image-id=\"1718\" data-src=\"https:\/\/letourdumondeen.fr\/wp-content\/gallery\/sapa\/DSCN6642.JPG\" data-thumbnail=\"https:\/\/letourdumondeen.fr\/wp-content\/gallery\/sapa\/thumbs\/thumbs_DSCN6642.JPG\" data-title=\"Jour 4 - Chez My, photo de groupe\" data-description=\"Jour 4 - Chez My, photo de groupe\"\t\t\t\t>\n\t\t\t\t\t\t\t\t<img title=\"Jour 4 - Chez My, photo de groupe\" alt=\"Jour 4 - Chez My, photo de groupe\" src=\"\n\t\t\t\t\t\t\t\t\t\thttps:\/\/letourdumondeen.fr\/wp-content\/gallery\/sapa\/thumbs\/thumbs_DSCN6642.JPG\t\t\t\t\" \n\t\t\t\t\twidth='120' height='90'\t\t\t\t\/>\n\t\t\t\t\t\t\t<\/a>\n\t\t<\/div>\n\t<\/div>\n\n\t\t\t\t\t\t\t\t\t\n\t\n\t<div id=\"ngg-image-1719\" class=\"ngg-gallery-thumbnail-box\" \n\t\t\t\t\t\t\t\t\t\t>\n\t\t<div class=\"ngg-gallery-thumbnail\" >\n\t\t\t<a href=\"\n\t\t\thttps:\/\/letourdumondeen.fr\/wp-content\/gallery\/sapa\/DSCN6658.JPG\t\t\t\"\n\t\t\t\ttitle=\"Jour 4 - Cadeaux de My\"\n\t\t\t\tclass=\"ngg-fancybox\" rel=\"c8ef36fb258cafe5f07e5034379c917d\" data-image-id=\"1719\" data-src=\"https:\/\/letourdumondeen.fr\/wp-content\/gallery\/sapa\/DSCN6658.JPG\" data-thumbnail=\"https:\/\/letourdumondeen.fr\/wp-content\/gallery\/sapa\/thumbs\/thumbs_DSCN6658.JPG\" data-title=\"Jour 4 - Cadeaux de My\" data-description=\"Jour 4 - Cadeaux de My\"\t\t\t\t>\n\t\t\t\t\t\t\t\t<img title=\"Jour 4 - Cadeaux de My\" alt=\"Jour 4 - Cadeaux de My\" src=\"\n\t\t\t\t\t\t\t\t\t\thttps:\/\/letourdumondeen.fr\/wp-content\/gallery\/sapa\/thumbs\/thumbs_DSCN6658.JPG\t\t\t\t\" \n\t\t\t\t\twidth='120' height='90'\t\t\t\t\/>\n\t\t\t\t\t\t\t<\/a>\n\t\t<\/div>\n\t<\/div>\n\n\t\t\t\t\t\t\t\t\t\n\t\n\t<!-- Pagination -->\n\t\t<div class='ngg-clear'><\/div>\n<\/div>\n\n\t<\/p>\n","protected":false},"excerpt":{"rendered":"<p>My (\u00e0 prononcer \u00ab\u00a0Maille\u00a0\u00bb) a 30 ans. Elle et son mari ont 4 enfants et habitent dans leur village Hmong, perch\u00e9 sur les flancs des collines autour de Sa Pa. Ils vivent la moiti\u00e9 de l&rsquo;ann\u00e9e de leurs rizi\u00e8res et<\/p>\n","protected":false},"author":1,"featured_media":4675,"comment_status":"open","ping_status":"open","sticky":false,"template":"","format":"standard","meta":{"ngg_post_thumbnail":0,"footnotes":"","_links_to":"","_links_to_target":""},"categories":[3,13],"tags":[34,35,33,32],"class_list":["post-4545","post","type-post","status-publish","format-standard","has-post-thumbnail","hentry","category-asie","category-vietnam","tag-authentique","tag-rizieres","tag-sa-pa","tag-trek"],"_links":{"self":[{"href":"https:\/\/letourdumondeen.fr\/index.php?rest_route=\/wp\/v2\/posts\/4545","targetHints":{"allow":["GET"]}}],"collection":[{"href":"https:\/\/letourdumondeen.fr\/index.php?rest_route=\/wp\/v2\/posts"}],"about":[{"href":"https:\/\/letourdumondeen.fr\/index.php?rest_route=\/wp\/v2\/types\/post"}],"author":[{"embeddable":true,"href":"https:\/\/letourdumondeen.fr\/index.php?rest_route=\/wp\/v2\/users\/1"}],"replies":[{"embeddable":true,"href":"https:\/\/letourdumondeen.fr\/index.php?rest_route=%2Fwp%2Fv2%2Fcomments&post=4545"}],"version-history":[{"count":11,"href":"https:\/\/letourdumondeen.fr\/index.php?rest_route=\/wp\/v2\/posts\/4545\/revisions"}],"predecessor-version":[{"id":4792,"href":"https:\/\/letourdumondeen.fr\/index.php?rest_route=\/wp\/v2\/posts\/4545\/revisions\/4792"}],"wp:featuredmedia":[{"embeddable":true,"href":"https:\/\/letourdumondeen.fr\/index.php?rest_route=\/wp\/v2\/media\/4675"}],"wp:attachment":[{"href":"https:\/\/letourdumondeen.fr\/index.php?rest_route=%2Fwp%2Fv2%2Fmedia&parent=4545"}],"wp:term":[{"taxonomy":"category","embeddable":true,"href":"https:\/\/letourdumondeen.fr\/index.php?rest_route=%2Fwp%2Fv2%2Fcategories&post=4545"},{"taxonomy":"post_tag","embeddable":true,"href":"https:\/\/letourdumondeen.fr\/index.php?rest_route=%2Fwp%2Fv2%2Ftags&post=4545"}],"curies":[{"name":"wp","href":"https:\/\/api.w.org\/{rel}","templated":true}]}}